{"id":97637,"date":"2026-09-04T19:49:58","date_gmt":"2026-09-04T22:49:58","guid":{"rendered":"https:\/\/radiolarioja.com.ar\/rlr\/?p=97637"},"modified":"2026-09-04T19:49:59","modified_gmt":"2026-09-04T22:49:59","slug":"giro-judicial-en-el-caso-trini-otorgan-la-excarcelacion-a-federico-luna-y-la-familia-acusa-burlas-de-la-justicia","status":"publish","type":"post","link":"https:\/\/radiolarioja.com.ar\/rlr\/giro-judicial-en-el-caso-trini-otorgan-la-excarcelacion-a-federico-luna-y-la-familia-acusa-burlas-de-la-justicia\/","title":{"rendered":"Giro judicial en el Caso Trini: otorgan la excarcelaci\u00f3n a Federico Luna y la familia acusa burlas de la justicia"},"content":{"rendered":"\n<p class=\"wp-block-paragraph\">En una decisi\u00f3n que gener\u00f3 indignaci\u00f3n en los familiares de la v\u00edctima, la justicia resolvi\u00f3 otorgar la excarcelaci\u00f3n a Federico Luna, quien hab\u00eda sido detenido a principios de semana tras no presentarse a una audiencia del juicio en su contra.<\/p>\n\n\n\n<p class=\"wp-block-paragraph\">Durante la reanudaci\u00f3n de la audiencia suspendida, la jueza a cargo dej\u00f3 sin efecto la orden de prisi\u00f3n preventiva que deb\u00eda regir en principio hasta la finalizaci\u00f3n del proceso. La medida se tom\u00f3 luego de que la defensa presentara un certificado de trabajo que acredita su desempe\u00f1o profesional en una mina en la provincia de San Juan, descartando as\u00ed el riesgo o intento de fuga.<\/p>\n\n\n\n<p class=\"wp-block-paragraph\">Con esta resoluci\u00f3n, Luna podr\u00e1 mantener su libertad de circulaci\u00f3n y ausentarse de la provincia por motivos laborales mediante permisos correspondientes, con la \u00fanica obligaci\u00f3n de asistir a las audiencias del debate oral.<\/p>\n\n\n\n<p class=\"wp-block-paragraph\">Milena, hermana de Trini, estuvo presente en la sala de audiencias y expres\u00f3 un fuerte rechazo hacia el fallo:<\/p>\n\n\n\n<blockquote class=\"wp-block-quote is-layout-flow wp-block-quote-is-layout-flow\">\n<p class=\"wp-block-paragraph\"><em>\u00abLa justicia se nos est\u00e1 burlando, se nos r\u00ede en la cara\u00bb<\/em>.<\/p>\n<\/blockquote>\n\n\n\n<p class=\"wp-block-paragraph\">A pesar del extenso debate generado por la resoluci\u00f3n judicial, la jornada continu\u00f3 con la declaraci\u00f3n de dos testigos pertenecientes a las fuerzas policiales.<\/p>\n\n\n\n<p class=\"wp-block-paragraph\"><\/p>\n","protected":false},"excerpt":{"rendered":"<p>En una decisi\u00f3n que gener\u00f3 indignaci\u00f3n en los familiares de la v\u00edctima, la justicia resolvi\u00f3 otorgar la excarcelaci\u00f3n a Federico Luna, quien hab\u00eda sido detenido a principios de semana tras no presentarse a una audiencia del juicio en su contra. Durante la reanudaci\u00f3n de la audiencia suspendida, la jueza a cargo dej\u00f3 sin efecto la [&hellip;]<\/p>\n","protected":false},"author":2,"featured_media":97638,"comment_status":"open","ping_status":"open","sticky":false,"template":"","format":"standard","meta":{"tdm_status":"","tdm_grid_status":"","footnotes":""},"categories":[12],"tags":[],"class_list":["post-97637","post","type-post","status-publish","format-standard","has-post-thumbnail","category-local"],"featured_image_urls":{"full":["https:\/\/radiolarioja.com.ar\/rlr\/wp-content\/uploads\/2026\/09\/Gemini_Generated_Image_qox583qox583qox5.jpg",1408,768,false],"thumbnail":["https:\/\/radiolarioja.com.ar\/rlr\/wp-content\/uploads\/2026\/09\/Gemini_Generated_Image_qox583qox583qox5-150x150.jpg",150,150,true],"medium":["https:\/\/radiolarioja.com.ar\/rlr\/wp-content\/uploads\/2026\/09\/Gemini_Generated_Image_qox583qox583qox5-300x164.jpg",300,164,true],"medium_large":["https:\/\/radiolarioja.com.ar\/rlr\/wp-content\/uploads\/2026\/09\/Gemini_Generated_Image_qox583qox583qox5-766x418.jpg",696,380,true],"large":["https:\/\/radiolarioja.com.ar\/rlr\/wp-content\/uploads\/2026\/09\/Gemini_Generated_Image_qox583qox583qox5-1024x559.jpg",696,380,true],"1536x1536":["https:\/\/radiolarioja.com.ar\/rlr\/wp-content\/uploads\/2026\/09\/Gemini_Generated_Image_qox583qox583qox5.jpg",1408,768,false],"2048x2048":["https:\/\/radiolarioja.com.ar\/rlr\/wp-content\/uploads\/2026\/09\/Gemini_Generated_Image_qox583qox583qox5.jpg",1408,768,false],"td_218x150":["https:\/\/radiolarioja.com.ar\/rlr\/wp-content\/uploads\/2026\/09\/Gemini_Generated_Image_qox583qox583qox5-218x150.jpg",218,150,true],"td_324x400":["https:\/\/radiolarioja.com.ar\/rlr\/wp-content\/uploads\/2026\/09\/Gemini_Generated_Image_qox583qox583qox5-323x176.jpg",323,176,true],"td_485x360":["https:\/\/radiolarioja.com.ar\/rlr\/wp-content\/uploads\/2026\/09\/Gemini_Generated_Image_qox583qox583qox5-485x360.jpg",485,360,true],"td_696x0":["https:\/\/radiolarioja.com.ar\/rlr\/wp-content\/uploads\/2026\/09\/Gemini_Generated_Image_qox583qox583qox5-695x379.jpg",695,379,true],"td_1068x0":["https:\/\/radiolarioja.com.ar\/rlr\/wp-content\/uploads\/2026\/09\/Gemini_Generated_Image_qox583qox583qox5-1067x582.jpg",1067,582,true],"td_1920x0":["https:\/\/radiolarioja.com.ar\/rlr\/wp-content\/uploads\/2026\/09\/Gemini_Generated_Image_qox583qox583qox5.jpg",1408,768,false],"td_0x420":["https:\/\/radiolarioja.com.ar\/rlr\/wp-content\/uploads\/2026\/09\/Gemini_Generated_Image_qox583qox583qox5.jpg",770,420,false],"td_80x60":["https:\/\/radiolarioja.com.ar\/rlr\/wp-content\/uploads\/2026\/09\/Gemini_Generated_Image_qox583qox583qox5-80x60.jpg",80,60,true],"td_100x70":["https:\/\/radiolarioja.com.ar\/rlr\/wp-content\/uploads\/2026\/09\/Gemini_Generated_Image_qox583qox583qox5-100x70.jpg",100,70,true],"td_265x198":["https:\/\/radiolarioja.com.ar\/rlr\/wp-content\/uploads\/2026\/09\/Gemini_Generated_Image_qox583qox583qox5-265x198.jpg",265,198,true],"td_324x160":["https:\/\/radiolarioja.com.ar\/rlr\/wp-content\/uploads\/2026\/09\/Gemini_Generated_Image_qox583qox583qox5-293x160.jpg",293,160,true],"td_324x235":["https:\/\/radiolarioja.com.ar\/rlr\/wp-content\/uploads\/2026\/09\/Gemini_Generated_Image_qox583qox583qox5-324x235.jpg",324,235,true],"td_356x220":["https:\/\/radiolarioja.com.ar\/rlr\/wp-content\/uploads\/2026\/09\/Gemini_Generated_Image_qox583qox583qox5-356x220.jpg",356,220,true],"td_356x364":["https:\/\/radiolarioja.com.ar\/rlr\/wp-content\/uploads\/2026\/09\/Gemini_Generated_Image_qox583qox583qox5-356x194.jpg",356,194,true],"td_533x261":["https:\/\/radiolarioja.com.ar\/rlr\/wp-content\/uploads\/2026\/09\/Gemini_Generated_Image_qox583qox583qox5-478x261.jpg",478,261,true],"td_534x462":["https:\/\/radiolarioja.com.ar\/rlr\/wp-content\/uploads\/2026\/09\/Gemini_Generated_Image_qox583qox583qox5-534x462.jpg",534,462,true],"td_696x385":["https:\/\/radiolarioja.com.ar\/rlr\/wp-content\/uploads\/2026\/09\/Gemini_Generated_Image_qox583qox583qox5-696x385.jpg",696,385,true],"td_741x486":["https:\/\/radiolarioja.com.ar\/rlr\/wp-content\/uploads\/2026\/09\/Gemini_Generated_Image_qox583qox583qox5-741x486.jpg",741,486,true],"td_1068x580":["https:\/\/radiolarioja.com.ar\/rlr\/wp-content\/uploads\/2026\/09\/Gemini_Generated_Image_qox583qox583qox5-1063x580.jpg",1063,580,true]},"author_info":{"info":["RadioLaRioja"]},"category_info":"<a href=\"https:\/\/radiolarioja.com.ar\/rlr\/category\/local\/\" rel=\"category tag\">Local<\/a>","tag_info":"Local","comment_count":"0","_links":{"self":[{"href":"https:\/\/radiolarioja.com.ar\/rlr\/wp-json\/wp\/v2\/posts\/97637","targetHints":{"allow":["GET"]}}],"collection":[{"href":"https:\/\/radiolarioja.com.ar\/rlr\/wp-json\/wp\/v2\/posts"}],"about":[{"href":"https:\/\/radiolarioja.com.ar\/rlr\/wp-json\/wp\/v2\/types\/post"}],"author":[{"embeddable":true,"href":"https:\/\/radiolarioja.com.ar\/rlr\/wp-json\/wp\/v2\/users\/2"}],"replies":[{"embeddable":true,"href":"https:\/\/radiolarioja.com.ar\/rlr\/wp-json\/wp\/v2\/comments?post=97637"}],"version-history":[{"count":1,"href":"https:\/\/radiolarioja.com.ar\/rlr\/wp-json\/wp\/v2\/posts\/97637\/revisions"}],"predecessor-version":[{"id":97639,"href":"https:\/\/radiolarioja.com.ar\/rlr\/wp-json\/wp\/v2\/posts\/97637\/revisions\/97639"}],"wp:featuredmedia":[{"embeddable":true,"href":"https:\/\/radiolarioja.com.ar\/rlr\/wp-json\/wp\/v2\/media\/97638"}],"wp:attachment":[{"href":"https:\/\/radiolarioja.com.ar\/rlr\/wp-json\/wp\/v2\/media?parent=97637"}],"wp:term":[{"taxonomy":"category","embeddable":true,"href":"https:\/\/radiolarioja.com.ar\/rlr\/wp-json\/wp\/v2\/categories?post=97637"},{"taxonomy":"post_tag","embeddable":true,"href":"https:\/\/radiolarioja.com.ar\/rlr\/wp-json\/wp\/v2\/tags?post=97637"}],"curies":[{"name":"wp","href":"https:\/\/api.w.org\/{rel}","templated":true}]}}