{"id":97605,"date":"2026-09-04T14:18:32","date_gmt":"2026-09-04T17:18:32","guid":{"rendered":"https:\/\/radiolarioja.com.ar\/rlr\/?p=97605"},"modified":"2026-09-04T19:47:15","modified_gmt":"2026-09-04T22:47:15","slug":"editorial-entre-la-sobreactuacion-patriotica-y-el-petroleo-ajeno","status":"publish","type":"post","link":"https:\/\/radiolarioja.com.ar\/rlr\/editorial-entre-la-sobreactuacion-patriotica-y-el-petroleo-ajeno\/","title":{"rendered":"Editorial | Entre la sobreactuaci\u00f3n patri\u00f3tica y el petr\u00f3leo ajeno"},"content":{"rendered":"\n<p class=\"wp-block-paragraph\">Hay una distancia irremplazable entre el fervor de la tribuna y la contundencia de los actos de gobierno. En las \u00faltimas horas, el giro discursivo del presidente <strong>Javier Milei <\/strong>respecto a la causa <strong>Malvinas <\/strong>pretende revestirse de un patriotismo tard\u00edo que choca de frente con la realidad geopol\u00edtica y econ\u00f3mica de nuestro archipi\u00e9lago. Del candidato que profesaba admiraci\u00f3n por Margaret Thatcher (en su despacho a\u00fan cuelga un cuadro con la imagen de la tirana) y suger\u00eda convencer a los isle\u00f1os \u00ab<strong>votando con los pies<\/strong>\u00ab, pasamos al mandatario que encabeza cadenas nacionales denunciando la <strong>soberan\u00eda <\/strong>lesionada. Sin embargo, la <strong>sobreactuaci\u00f3n <\/strong>ret\u00f3rica no alcanza para tapar las omisiones de la gesti\u00f3n.<\/p>\n\n\n\n<figure class=\"wp-block-embed is-type-video is-provider-youtube wp-block-embed-youtube wp-embed-aspect-4-3 wp-has-aspect-ratio\"><div class=\"wp-block-embed__wrapper\">\n<iframe title=\"MEDIOS PROVINCIA - AQUI Y AHORA 2026\" width=\"696\" height=\"522\" src=\"https:\/\/www.youtube.com\/embed\/HoB8RFNZq2o?feature=oembed\" frameborder=\"0\" allow=\"accelerometer; autoplay; clipboard-write; encrypted-media; gyroscope; picture-in-picture; web-share\" referrerpolicy=\"strict-origin-when-cross-origin\" allowfullscreen><\/iframe>\n<\/div><\/figure>\n\n\n\n<p class=\"wp-block-paragraph\">Mientras el <strong>relato oficial<\/strong> busca <strong>construir <\/strong>una <strong>\u00e9pica de confrontaci\u00f3n electoral<\/strong> de cara al <strong>2027<\/strong>, en la Cuenca Norte de las Islas Malvinas el <strong>saqueo <\/strong>de los <strong>recursos <\/strong>naturales argentinos avanza a paso firme y sin contratiempos. Dos compa\u00f1\u00edas <strong>petroleras<\/strong> \u2014la brit\u00e1nica <strong>Rockhopper <\/strong>y la israel\u00ed <strong>Navitas Petroleum<\/strong>\u2014 aceleran la fase de explotaci\u00f3n del yacimiento <em><strong>Sea Lion<\/strong><\/em>, con proyecciones de extracci\u00f3n que alcanzar\u00edan los <strong>200.000 barriles<\/strong> diarios de crudo para <strong>2028<\/strong>. La envergadura del proyecto equivale a crear un polo petrolero de la <strong>magnitud <\/strong>de los principales bloques de<strong> Vaca Muerta<\/strong>, pero operado de forma <strong>ilegal<\/strong> en aguas disputadas.<\/p>\n\n\n\n<p class=\"wp-block-paragraph\">Frente a este escenario, la respuesta gubernamental se ha limitado a<strong> tibios<\/strong> comunicados de <strong>Canciller\u00eda<\/strong>. No se activaron con rigor las sanciones previstas en la legislaci\u00f3n argentina ni se enviaron las notificaciones correspondientes a las bolsas de comercio de <strong>Londres <\/strong>y <strong>Tel Aviv<\/strong> donde cotizan estas firmas. M\u00e1s llamativo resulta el silencio sobre las implicancias diplom\u00e1ticas de la operaci\u00f3n: <strong>Navitas <\/strong>es conducida por <strong>Gideon Tadmor<\/strong>, un exfuncionario del Estado de <strong>Israel <\/strong>\u2014pa\u00eds con el que la actual administraci\u00f3n pregona una alianza incondicional\u2014, y sus directivos cuentan con el aval expl\u00edcito de su embajada en Buenos Aires, argumentando tratarse de \u00ab<strong>iniciativas privadas<\/strong>\u00ab.<\/p>\n\n\n\n<p class=\"wp-block-paragraph\">Este <strong>patriotismo de utiler\u00eda<\/strong> exhibe adem\u00e1s <strong>contradicciones insalvables<\/strong> con la pol\u00edtica energ\u00e9tica e industrial del pa\u00eds. Si el Poder Ejecutivo pretendiera aplicar sanciones efectivas a las corporaciones brit\u00e1nicas que avanzan en el Atl\u00e1ntico Sur, tendr\u00eda que revisar los activos de firmas como <strong>British Petroleum<\/strong>, socia clave en la infraestructura de exportaci\u00f3n de gas de <strong>Vaca Muerta<\/strong>. Del mismo modo, la diplomacia oficial omiti\u00f3 cualquier reclamo formal ante el reciente acuerdo de conectividad y log\u00edstica alcanzado entre la regi\u00f3n chilena de <strong>Punta Arenas <\/strong>y los <strong>Kelpers<\/strong>, un paso estrat\u00e9gico que facilita el abastecimiento de la base militar de <strong>Mount Pleasant<\/strong> y del propio complejo petrolero.<\/p>\n\n\n\n<p class=\"wp-block-paragraph\">Usar una<strong> causa nacional<\/strong> tan <strong>arraigada<\/strong> en el <strong>sentimiento popular<\/strong> como herramienta de <strong>aglutinamiento electoral<\/strong> o <strong>distracci\u00f3n <\/strong>frente a la <strong>recesi\u00f3n econ\u00f3mica<\/strong> interna es un recurso viejo y peligroso. La recuperaci\u00f3n de la <strong>soberan\u00eda <\/strong>no se construye con encendidos discursos televisivos ni con acusaciones veladas, sino con la aplicaci\u00f3n efectiva de la ley, la firmeza diplom\u00e1tica sin dobles raseros y una estrategia de Estado coherente que trascienda la coyuntura pol\u00edtica.<\/p>\n\n\n\n<p class=\"wp-block-paragraph\"><\/p>\n","protected":false},"excerpt":{"rendered":"<p>Hay una distancia irremplazable entre el fervor de la tribuna y la contundencia de los actos de gobierno. En las \u00faltimas horas, el giro discursivo del presidente Javier Milei respecto a la causa Malvinas pretende revestirse de un patriotismo tard\u00edo que choca de frente con la realidad geopol\u00edtica y econ\u00f3mica de nuestro archipi\u00e9lago. Del candidato [&hellip;]<\/p>\n","protected":false},"author":2,"featured_media":97633,"comment_status":"open","ping_status":"open","sticky":false,"template":"","format":"standard","meta":{"tdm_status":"","tdm_grid_status":"","footnotes":""},"categories":[16],"tags":[],"class_list":["post-97605","post","type-post","status-publish","format-standard","has-post-thumbnail","category-opinion"],"featured_image_urls":{"full":["https:\/\/radiolarioja.com.ar\/rlr\/wp-content\/uploads\/2026\/09\/DlT7W.jpg",1168,784,false],"thumbnail":["https:\/\/radiolarioja.com.ar\/rlr\/wp-content\/uploads\/2026\/09\/DlT7W-150x150.jpg",150,150,true],"medium":["https:\/\/radiolarioja.com.ar\/rlr\/wp-content\/uploads\/2026\/09\/DlT7W-300x201.jpg",300,201,true],"medium_large":["https:\/\/radiolarioja.com.ar\/rlr\/wp-content\/uploads\/2026\/09\/DlT7W-767x515.jpg",696,467,true],"large":["https:\/\/radiolarioja.com.ar\/rlr\/wp-content\/uploads\/2026\/09\/DlT7W-1024x687.jpg",696,467,true],"1536x1536":["https:\/\/radiolarioja.com.ar\/rlr\/wp-content\/uploads\/2026\/09\/DlT7W.jpg",1168,784,false],"2048x2048":["https:\/\/radiolarioja.com.ar\/rlr\/wp-content\/uploads\/2026\/09\/DlT7W.jpg",1168,784,false],"td_218x150":["https:\/\/radiolarioja.com.ar\/rlr\/wp-content\/uploads\/2026\/09\/DlT7W-218x150.jpg",218,150,true],"td_324x400":["https:\/\/radiolarioja.com.ar\/rlr\/wp-content\/uploads\/2026\/09\/DlT7W-323x217.jpg",323,217,true],"td_485x360":["https:\/\/radiolarioja.com.ar\/rlr\/wp-content\/uploads\/2026\/09\/DlT7W-485x360.jpg",485,360,true],"td_696x0":["https:\/\/radiolarioja.com.ar\/rlr\/wp-content\/uploads\/2026\/09\/DlT7W-696x467.jpg",696,467,true],"td_1068x0":["https:\/\/radiolarioja.com.ar\/rlr\/wp-content\/uploads\/2026\/09\/DlT7W-1067x716.jpg",1067,716,true],"td_1920x0":["https:\/\/radiolarioja.com.ar\/rlr\/wp-content\/uploads\/2026\/09\/DlT7W.jpg",1168,784,false],"td_0x420":["https:\/\/radiolarioja.com.ar\/rlr\/wp-content\/uploads\/2026\/09\/DlT7W.jpg",626,420,false],"td_80x60":["https:\/\/radiolarioja.com.ar\/rlr\/wp-content\/uploads\/2026\/09\/DlT7W-80x60.jpg",80,60,true],"td_100x70":["https:\/\/radiolarioja.com.ar\/rlr\/wp-content\/uploads\/2026\/09\/DlT7W-100x70.jpg",100,70,true],"td_265x198":["https:\/\/radiolarioja.com.ar\/rlr\/wp-content\/uploads\/2026\/09\/DlT7W-265x197.jpg",265,197,true],"td_324x160":["https:\/\/radiolarioja.com.ar\/rlr\/wp-content\/uploads\/2026\/09\/DlT7W-238x160.jpg",238,160,true],"td_324x235":["https:\/\/radiolarioja.com.ar\/rlr\/wp-content\/uploads\/2026\/09\/DlT7W-324x235.jpg",324,235,true],"td_356x220":["https:\/\/radiolarioja.com.ar\/rlr\/wp-content\/uploads\/2026\/09\/DlT7W-327x219.jpg",327,219,true],"td_356x364":["https:\/\/radiolarioja.com.ar\/rlr\/wp-content\/uploads\/2026\/09\/DlT7W-355x238.jpg",355,238,true],"td_533x261":["https:\/\/radiolarioja.com.ar\/rlr\/wp-content\/uploads\/2026\/09\/DlT7W-388x260.jpg",388,260,true],"td_534x462":["https:\/\/radiolarioja.com.ar\/rlr\/wp-content\/uploads\/2026\/09\/DlT7W-534x462.jpg",534,462,true],"td_696x385":["https:\/\/radiolarioja.com.ar\/rlr\/wp-content\/uploads\/2026\/09\/DlT7W-573x385.jpg",573,385,true],"td_741x486":["https:\/\/radiolarioja.com.ar\/rlr\/wp-content\/uploads\/2026\/09\/DlT7W-724x486.jpg",724,486,true],"td_1068x580":["https:\/\/radiolarioja.com.ar\/rlr\/wp-content\/uploads\/2026\/09\/DlT7W-864x580.jpg",864,580,true]},"author_info":{"info":["RadioLaRioja"]},"category_info":"<a href=\"https:\/\/radiolarioja.com.ar\/rlr\/category\/opinion\/\" rel=\"category tag\">Opini\u00f3n<\/a>","tag_info":"Opini\u00f3n","comment_count":"0","_links":{"self":[{"href":"https:\/\/radiolarioja.com.ar\/rlr\/wp-json\/wp\/v2\/posts\/97605","targetHints":{"allow":["GET"]}}],"collection":[{"href":"https:\/\/radiolarioja.com.ar\/rlr\/wp-json\/wp\/v2\/posts"}],"about":[{"href":"https:\/\/radiolarioja.com.ar\/rlr\/wp-json\/wp\/v2\/types\/post"}],"author":[{"embeddable":true,"href":"https:\/\/radiolarioja.com.ar\/rlr\/wp-json\/wp\/v2\/users\/2"}],"replies":[{"embeddable":true,"href":"https:\/\/radiolarioja.com.ar\/rlr\/wp-json\/wp\/v2\/comments?post=97605"}],"version-history":[{"count":2,"href":"https:\/\/radiolarioja.com.ar\/rlr\/wp-json\/wp\/v2\/posts\/97605\/revisions"}],"predecessor-version":[{"id":97636,"href":"https:\/\/radiolarioja.com.ar\/rlr\/wp-json\/wp\/v2\/posts\/97605\/revisions\/97636"}],"wp:featuredmedia":[{"embeddable":true,"href":"https:\/\/radiolarioja.com.ar\/rlr\/wp-json\/wp\/v2\/media\/97633"}],"wp:attachment":[{"href":"https:\/\/radiolarioja.com.ar\/rlr\/wp-json\/wp\/v2\/media?parent=97605"}],"wp:term":[{"taxonomy":"category","embeddable":true,"href":"https:\/\/radiolarioja.com.ar\/rlr\/wp-json\/wp\/v2\/categories?post=97605"},{"taxonomy":"post_tag","embeddable":true,"href":"https:\/\/radiolarioja.com.ar\/rlr\/wp-json\/wp\/v2\/tags?post=97605"}],"curies":[{"name":"wp","href":"https:\/\/api.w.org\/{rel}","templated":true}]}}