{"id":97599,"date":"2026-09-04T13:55:40","date_gmt":"2026-09-04T16:55:40","guid":{"rendered":"https:\/\/radiolarioja.com.ar\/rlr\/?p=97599"},"modified":"2026-09-04T13:55:42","modified_gmt":"2026-09-04T16:55:42","slug":"capacitan-a-comunidades-educativas-de-san-blas-de-los-sauces-para-actuar-antes-durante-y-despues-de-un-sismo","status":"publish","type":"post","link":"https:\/\/radiolarioja.com.ar\/rlr\/capacitan-a-comunidades-educativas-de-san-blas-de-los-sauces-para-actuar-antes-durante-y-despues-de-un-sismo\/","title":{"rendered":"Capacitan a comunidades educativas de San Blas de los Sauces para actuar antes, durante y despu\u00e9s de un sismo"},"content":{"rendered":"\n<blockquote class=\"wp-block-quote is-layout-flow wp-block-quote-is-layout-flow\">\n<p class=\"wp-block-paragraph\">SEGURIDAD Y PREVENCI\u00d3N EN LAS ESCUELAS<\/p>\n<\/blockquote>\n\n\n\n<p class=\"wp-block-paragraph\">Personal de instituciones educativas, sanitarias y de distintos organismos particip\u00f3 en Cuip\u00e1n de un taller sobre seguridad ante situaciones s\u00edsmicas. La capacitaci\u00f3n brind\u00f3 herramientas para actuar frente a una emergencia y destac\u00f3 la importancia de que cada establecimiento educativo cuente con un plan de evacuaci\u00f3n conocido por todos sus integrantes.<\/p>\n\n\n\n<p class=\"wp-block-paragraph\">Este jueves se desarroll\u00f3 en la localidad de Cuip\u00e1n, departamento San Blas de los Sauces, el taller \u201cAcciones de seguridad en caso de sismo en el establecimiento escolar\u201d, destinado a fortalecer los conocimientos y herramientas necesarias para responder adecuadamente ante una situaci\u00f3n de emergencia.<br>La actividad tuvo lugar en el Jard\u00edn de Infantes N\u00facleo N.\u00b0 8 y cont\u00f3 con la participaci\u00f3n de docentes, equipos directivos, personal de servicios generales y representantes de instituciones educativas, sanitarias y organismos de la comunidad.<br>Durante la jornada se abordaron conceptos b\u00e1sicos y pautas de actuaci\u00f3n antes, durante y despu\u00e9s de un sismo, con especial atenci\u00f3n a las medidas que deben adoptarse dentro de los establecimientos escolares.<br>La capacitaci\u00f3n estuvo a cargo de Carmen Vallejo, licenciada y t\u00e9cnica en Seguridad e Higiene en el Trabajo; el arquitecto Gabriel Nieto; y Walter Oviedo Zalazar, licenciado en Seguridad P\u00fablica y Ciudadana.<\/p>\n\n\n\n<p class=\"wp-block-paragraph\"><strong>La importancia de contar con un plan de evacuaci\u00f3n<br><\/strong>Al finalizar la jornada, la directora del Jard\u00edn de Infantes N\u00facleo N.\u00b0 8, Anal\u00eda Moreno, destac\u00f3 la utilidad de incorporar conocimientos espec\u00edficos que permitan mejorar la preparaci\u00f3n de las instituciones frente a situaciones de emergencia.<br>\u201cFue una capacitaci\u00f3n muy exitosa, quedamos muy conformes porque recibimos much\u00edsima informaci\u00f3n de parte de los profesionales que disertaron. Y eso es algo muy \u00fatil porque es informaci\u00f3n que en general se desconoce\u201d, expres\u00f3.<br>Moreno se\u00f1al\u00f3 que uno de los principales aprendizajes fue la necesidad de que cada establecimiento educativo disponga de un plan de evacuaci\u00f3n que establezca c\u00f3mo proceder ante un sismo u otro tipo de emergencia, como un incendio.<br>\u201cLo que qued\u00f3 en claro es que todos los establecimientos educativos deber\u00edan contar con un plan de evacuaci\u00f3n y que a ese plan de evacuaci\u00f3n lo conozcan todos los integrantes de cada instituci\u00f3n\u201d, afirm\u00f3.<br>La directora destac\u00f3 adem\u00e1s la amplia participaci\u00f3n institucional que tuvo la jornada. Adem\u00e1s de docentes, personal de servicios generales y el equipo directivo del jard\u00edn, asistieron integrantes de otras escuelas primarias, autoridades de la comisar\u00eda local, Defensa Civil, Bomberos, personal de la Municipalidad y del hospital de San Blas de los Sauces.<br>La participaci\u00f3n de diferentes instituciones permiti\u00f3 abordar la prevenci\u00f3n desde una perspectiva compartida, poniendo el acento en la preparaci\u00f3n, la organizaci\u00f3n y el conocimiento previo de c\u00f3mo actuar para reducir riesgos frente a una eventual situaci\u00f3n de emergencia.<\/p>\n\n\n\n<figure class=\"wp-block-gallery has-nested-images columns-default is-cropped wp-block-gallery-1 is-layout-flex wp-block-gallery-is-layout-flex\">\n<figure class=\"wp-block-image size-large\"><a href=\"https:\/\/radiolarioja.com.ar\/rlr\/wp-content\/uploads\/2026\/09\/WhatsApp-Image-2026-09-04-at-13.28.58-1.jpeg\"><img fetchpriority=\"high\" decoding=\"async\" width=\"1024\" height=\"768\" data-id=\"97600\" src=\"https:\/\/radiolarioja.com.ar\/rlr\/wp-content\/uploads\/2026\/09\/WhatsApp-Image-2026-09-04-at-13.28.58-1-1024x768.jpeg\" alt=\"\" class=\"wp-image-97600\" srcset=\"https:\/\/radiolarioja.com.ar\/rlr\/wp-content\/uploads\/2026\/09\/WhatsApp-Image-2026-09-04-at-13.28.58-1-1024x768.jpeg 1024w, https:\/\/radiolarioja.com.ar\/rlr\/wp-content\/uploads\/2026\/09\/WhatsApp-Image-2026-09-04-at-13.28.58-1-300x225.jpeg 300w, https:\/\/radiolarioja.com.ar\/rlr\/wp-content\/uploads\/2026\/09\/WhatsApp-Image-2026-09-04-at-13.28.58-1-768x576.jpeg 768w, https:\/\/radiolarioja.com.ar\/rlr\/wp-content\/uploads\/2026\/09\/WhatsApp-Image-2026-09-04-at-13.28.58-1-1536x1152.jpeg 1536w, https:\/\/radiolarioja.com.ar\/rlr\/wp-content\/uploads\/2026\/09\/WhatsApp-Image-2026-09-04-at-13.28.58-1-200x150.jpeg 200w, https:\/\/radiolarioja.com.ar\/rlr\/wp-content\/uploads\/2026\/09\/WhatsApp-Image-2026-09-04-at-13.28.58-1-324x243.jpeg 324w, https:\/\/radiolarioja.com.ar\/rlr\/wp-content\/uploads\/2026\/09\/WhatsApp-Image-2026-09-04-at-13.28.58-1-480x360.jpeg 480w, https:\/\/radiolarioja.com.ar\/rlr\/wp-content\/uploads\/2026\/09\/WhatsApp-Image-2026-09-04-at-13.28.58-1-696x522.jpeg 696w, https:\/\/radiolarioja.com.ar\/rlr\/wp-content\/uploads\/2026\/09\/WhatsApp-Image-2026-09-04-at-13.28.58-1-1068x801.jpeg 1068w, https:\/\/radiolarioja.com.ar\/rlr\/wp-content\/uploads\/2026\/09\/WhatsApp-Image-2026-09-04-at-13.28.58-1-80x60.jpeg 80w, https:\/\/radiolarioja.com.ar\/rlr\/wp-content\/uploads\/2026\/09\/WhatsApp-Image-2026-09-04-at-13.28.58-1-93x70.jpeg 93w, https:\/\/radiolarioja.com.ar\/rlr\/wp-content\/uploads\/2026\/09\/WhatsApp-Image-2026-09-04-at-13.28.58-1-264x198.jpeg 264w, https:\/\/radiolarioja.com.ar\/rlr\/wp-content\/uploads\/2026\/09\/WhatsApp-Image-2026-09-04-at-13.28.58-1-213x160.jpeg 213w, https:\/\/radiolarioja.com.ar\/rlr\/wp-content\/uploads\/2026\/09\/WhatsApp-Image-2026-09-04-at-13.28.58-1-313x235.jpeg 313w, https:\/\/radiolarioja.com.ar\/rlr\/wp-content\/uploads\/2026\/09\/WhatsApp-Image-2026-09-04-at-13.28.58-1-293x220.jpeg 293w, https:\/\/radiolarioja.com.ar\/rlr\/wp-content\/uploads\/2026\/09\/WhatsApp-Image-2026-09-04-at-13.28.58-1-356x267.jpeg 356w, https:\/\/radiolarioja.com.ar\/rlr\/wp-content\/uploads\/2026\/09\/WhatsApp-Image-2026-09-04-at-13.28.58-1-348x261.jpeg 348w, https:\/\/radiolarioja.com.ar\/rlr\/wp-content\/uploads\/2026\/09\/WhatsApp-Image-2026-09-04-at-13.28.58-1-513x385.jpeg 513w, https:\/\/radiolarioja.com.ar\/rlr\/wp-content\/uploads\/2026\/09\/WhatsApp-Image-2026-09-04-at-13.28.58-1-648x486.jpeg 648w, https:\/\/radiolarioja.com.ar\/rlr\/wp-content\/uploads\/2026\/09\/WhatsApp-Image-2026-09-04-at-13.28.58-1-773x580.jpeg 773w, https:\/\/radiolarioja.com.ar\/rlr\/wp-content\/uploads\/2026\/09\/WhatsApp-Image-2026-09-04-at-13.28.58-1.jpeg 1600w\" sizes=\"(max-width: 1024px) 100vw, 1024px\" \/><\/a><\/figure>\n\n\n\n<figure class=\"wp-block-image size-large\"><a href=\"https:\/\/radiolarioja.com.ar\/rlr\/wp-content\/uploads\/2026\/09\/WhatsApp-Image-2026-09-04-at-13.28.58.jpeg\"><img decoding=\"async\" width=\"1024\" height=\"553\" data-id=\"97602\" src=\"https:\/\/radiolarioja.com.ar\/rlr\/wp-content\/uploads\/2026\/09\/WhatsApp-Image-2026-09-04-at-13.28.58-1024x553.jpeg\" alt=\"\" class=\"wp-image-97602\" srcset=\"https:\/\/radiolarioja.com.ar\/rlr\/wp-content\/uploads\/2026\/09\/WhatsApp-Image-2026-09-04-at-13.28.58-1024x553.jpeg 1024w, https:\/\/radiolarioja.com.ar\/rlr\/wp-content\/uploads\/2026\/09\/WhatsApp-Image-2026-09-04-at-13.28.58-300x162.jpeg 300w, https:\/\/radiolarioja.com.ar\/rlr\/wp-content\/uploads\/2026\/09\/WhatsApp-Image-2026-09-04-at-13.28.58-767x414.jpeg 767w, https:\/\/radiolarioja.com.ar\/rlr\/wp-content\/uploads\/2026\/09\/WhatsApp-Image-2026-09-04-at-13.28.58-1536x829.jpeg 1536w, https:\/\/radiolarioja.com.ar\/rlr\/wp-content\/uploads\/2026\/09\/WhatsApp-Image-2026-09-04-at-13.28.58-322x174.jpeg 322w, https:\/\/radiolarioja.com.ar\/rlr\/wp-content\/uploads\/2026\/09\/WhatsApp-Image-2026-09-04-at-13.28.58-694x375.jpeg 694w, https:\/\/radiolarioja.com.ar\/rlr\/wp-content\/uploads\/2026\/09\/WhatsApp-Image-2026-09-04-at-13.28.58-1067x576.jpeg 1067w, https:\/\/radiolarioja.com.ar\/rlr\/wp-content\/uploads\/2026\/09\/WhatsApp-Image-2026-09-04-at-13.28.58-296x160.jpeg 296w, https:\/\/radiolarioja.com.ar\/rlr\/wp-content\/uploads\/2026\/09\/WhatsApp-Image-2026-09-04-at-13.28.58-356x192.jpeg 356w, https:\/\/radiolarioja.com.ar\/rlr\/wp-content\/uploads\/2026\/09\/WhatsApp-Image-2026-09-04-at-13.28.58-483x261.jpeg 483w, https:\/\/radiolarioja.com.ar\/rlr\/wp-content\/uploads\/2026\/09\/WhatsApp-Image-2026-09-04-at-13.28.58.jpeg 1600w\" sizes=\"(max-width: 1024px) 100vw, 1024px\" \/><\/a><\/figure>\n\n\n\n<figure class=\"wp-block-image size-large\"><a href=\"https:\/\/radiolarioja.com.ar\/rlr\/wp-content\/uploads\/2026\/09\/WhatsApp-Image-2026-09-04-at-13.28.59-1.jpeg\"><img decoding=\"async\" width=\"1024\" height=\"768\" data-id=\"97601\" src=\"https:\/\/radiolarioja.com.ar\/rlr\/wp-content\/uploads\/2026\/09\/WhatsApp-Image-2026-09-04-at-13.28.59-1-1024x768.jpeg\" alt=\"\" class=\"wp-image-97601\" srcset=\"https:\/\/radiolarioja.com.ar\/rlr\/wp-content\/uploads\/2026\/09\/WhatsApp-Image-2026-09-04-at-13.28.59-1-1024x768.jpeg 1024w, https:\/\/radiolarioja.com.ar\/rlr\/wp-content\/uploads\/2026\/09\/WhatsApp-Image-2026-09-04-at-13.28.59-1-300x225.jpeg 300w, https:\/\/radiolarioja.com.ar\/rlr\/wp-content\/uploads\/2026\/09\/WhatsApp-Image-2026-09-04-at-13.28.59-1-768x576.jpeg 768w, https:\/\/radiolarioja.com.ar\/rlr\/wp-content\/uploads\/2026\/09\/WhatsApp-Image-2026-09-04-at-13.28.59-1-1536x1152.jpeg 1536w, https:\/\/radiolarioja.com.ar\/rlr\/wp-content\/uploads\/2026\/09\/WhatsApp-Image-2026-09-04-at-13.28.59-1-324x243.jpeg 324w, https:\/\/radiolarioja.com.ar\/rlr\/wp-content\/uploads\/2026\/09\/WhatsApp-Image-2026-09-04-at-13.28.59-1-200x150.jpeg 200w, https:\/\/radiolarioja.com.ar\/rlr\/wp-content\/uploads\/2026\/09\/WhatsApp-Image-2026-09-04-at-13.28.59-1-480x360.jpeg 480w, https:\/\/radiolarioja.com.ar\/rlr\/wp-content\/uploads\/2026\/09\/WhatsApp-Image-2026-09-04-at-13.28.59-1-696x522.jpeg 696w, https:\/\/radiolarioja.com.ar\/rlr\/wp-content\/uploads\/2026\/09\/WhatsApp-Image-2026-09-04-at-13.28.59-1-80x60.jpeg 80w, https:\/\/radiolarioja.com.ar\/rlr\/wp-content\/uploads\/2026\/09\/WhatsApp-Image-2026-09-04-at-13.28.59-1-93x70.jpeg 93w, https:\/\/radiolarioja.com.ar\/rlr\/wp-content\/uploads\/2026\/09\/WhatsApp-Image-2026-09-04-at-13.28.59-1-1068x801.jpeg 1068w, https:\/\/radiolarioja.com.ar\/rlr\/wp-content\/uploads\/2026\/09\/WhatsApp-Image-2026-09-04-at-13.28.59-1-264x198.jpeg 264w, https:\/\/radiolarioja.com.ar\/rlr\/wp-content\/uploads\/2026\/09\/WhatsApp-Image-2026-09-04-at-13.28.59-1-213x160.jpeg 213w, https:\/\/radiolarioja.com.ar\/rlr\/wp-content\/uploads\/2026\/09\/WhatsApp-Image-2026-09-04-at-13.28.59-1-313x235.jpeg 313w, https:\/\/radiolarioja.com.ar\/rlr\/wp-content\/uploads\/2026\/09\/WhatsApp-Image-2026-09-04-at-13.28.59-1-293x220.jpeg 293w, https:\/\/radiolarioja.com.ar\/rlr\/wp-content\/uploads\/2026\/09\/WhatsApp-Image-2026-09-04-at-13.28.59-1-356x267.jpeg 356w, https:\/\/radiolarioja.com.ar\/rlr\/wp-content\/uploads\/2026\/09\/WhatsApp-Image-2026-09-04-at-13.28.59-1-348x261.jpeg 348w, https:\/\/radiolarioja.com.ar\/rlr\/wp-content\/uploads\/2026\/09\/WhatsApp-Image-2026-09-04-at-13.28.59-1-513x385.jpeg 513w, https:\/\/radiolarioja.com.ar\/rlr\/wp-content\/uploads\/2026\/09\/WhatsApp-Image-2026-09-04-at-13.28.59-1-773x580.jpeg 773w, https:\/\/radiolarioja.com.ar\/rlr\/wp-content\/uploads\/2026\/09\/WhatsApp-Image-2026-09-04-at-13.28.59-1-648x486.jpeg 648w, https:\/\/radiolarioja.com.ar\/rlr\/wp-content\/uploads\/2026\/09\/WhatsApp-Image-2026-09-04-at-13.28.59-1.jpeg 1600w\" sizes=\"(max-width: 1024px) 100vw, 1024px\" \/><\/a><\/figure>\n\n\n\n<figure class=\"wp-block-image size-large\"><a href=\"https:\/\/radiolarioja.com.ar\/rlr\/wp-content\/uploads\/2026\/09\/WhatsApp-Image-2026-09-04-at-13.28.59.jpeg\"><img loading=\"lazy\" decoding=\"async\" width=\"783\" height=\"1024\" data-id=\"97603\" src=\"https:\/\/radiolarioja.com.ar\/rlr\/wp-content\/uploads\/2026\/09\/WhatsApp-Image-2026-09-04-at-13.28.59-783x1024.jpeg\" alt=\"\" class=\"wp-image-97603\" srcset=\"https:\/\/radiolarioja.com.ar\/rlr\/wp-content\/uploads\/2026\/09\/WhatsApp-Image-2026-09-04-at-13.28.59-783x1024.jpeg 783w, https:\/\/radiolarioja.com.ar\/rlr\/wp-content\/uploads\/2026\/09\/WhatsApp-Image-2026-09-04-at-13.28.59-229x300.jpeg 229w, https:\/\/radiolarioja.com.ar\/rlr\/wp-content\/uploads\/2026\/09\/WhatsApp-Image-2026-09-04-at-13.28.59-768x1004.jpeg 768w, https:\/\/radiolarioja.com.ar\/rlr\/wp-content\/uploads\/2026\/09\/WhatsApp-Image-2026-09-04-at-13.28.59-1174x1536.jpeg 1174w, https:\/\/radiolarioja.com.ar\/rlr\/wp-content\/uploads\/2026\/09\/WhatsApp-Image-2026-09-04-at-13.28.59-305x399.jpeg 305w, https:\/\/radiolarioja.com.ar\/rlr\/wp-content\/uploads\/2026\/09\/WhatsApp-Image-2026-09-04-at-13.28.59-695x909.jpeg 695w, https:\/\/radiolarioja.com.ar\/rlr\/wp-content\/uploads\/2026\/09\/WhatsApp-Image-2026-09-04-at-13.28.59-1067x1396.jpeg 1067w, https:\/\/radiolarioja.com.ar\/rlr\/wp-content\/uploads\/2026\/09\/WhatsApp-Image-2026-09-04-at-13.28.59-278x364.jpeg 278w, https:\/\/radiolarioja.com.ar\/rlr\/wp-content\/uploads\/2026\/09\/WhatsApp-Image-2026-09-04-at-13.28.59.jpeg 1182w\" sizes=\"(max-width: 783px) 100vw, 783px\" \/><\/a><\/figure>\n<\/figure>\n","protected":false},"excerpt":{"rendered":"<p>SEGURIDAD Y PREVENCI\u00d3N EN LAS ESCUELAS Personal de instituciones educativas, sanitarias y de distintos organismos particip\u00f3 en Cuip\u00e1n de un taller sobre seguridad ante situaciones s\u00edsmicas. La capacitaci\u00f3n brind\u00f3 herramientas para actuar frente a una emergencia y destac\u00f3 la importancia de que cada establecimiento educativo cuente con un plan de evacuaci\u00f3n conocido por todos sus [&hellip;]<\/p>\n","protected":false},"author":2,"featured_media":97602,"comment_status":"open","ping_status":"open","sticky":false,"template":"","format":"standard","meta":{"tdm_status":"","tdm_grid_status":"","footnotes":""},"categories":[12],"tags":[],"class_list":["post-97599","post","type-post","status-publish","format-standard","has-post-thumbnail","category-local"],"featured_image_urls":{"full":["https:\/\/radiolarioja.com.ar\/rlr\/wp-content\/uploads\/2026\/09\/WhatsApp-Image-2026-09-04-at-13.28.58.jpeg",1600,864,false],"thumbnail":["https:\/\/radiolarioja.com.ar\/rlr\/wp-content\/uploads\/2026\/09\/WhatsApp-Image-2026-09-04-at-13.28.58-150x150.jpeg",150,150,true],"medium":["https:\/\/radiolarioja.com.ar\/rlr\/wp-content\/uploads\/2026\/09\/WhatsApp-Image-2026-09-04-at-13.28.58-300x162.jpeg",300,162,true],"medium_large":["https:\/\/radiolarioja.com.ar\/rlr\/wp-content\/uploads\/2026\/09\/WhatsApp-Image-2026-09-04-at-13.28.58-767x414.jpeg",696,376,true],"large":["https:\/\/radiolarioja.com.ar\/rlr\/wp-content\/uploads\/2026\/09\/WhatsApp-Image-2026-09-04-at-13.28.58-1024x553.jpeg",696,376,true],"1536x1536":["https:\/\/radiolarioja.com.ar\/rlr\/wp-content\/uploads\/2026\/09\/WhatsApp-Image-2026-09-04-at-13.28.58-1536x829.jpeg",1536,829,true],"2048x2048":["https:\/\/radiolarioja.com.ar\/rlr\/wp-content\/uploads\/2026\/09\/WhatsApp-Image-2026-09-04-at-13.28.58.jpeg",1600,864,false],"td_218x150":["https:\/\/radiolarioja.com.ar\/rlr\/wp-content\/uploads\/2026\/09\/WhatsApp-Image-2026-09-04-at-13.28.58-218x150.jpeg",218,150,true],"td_324x400":["https:\/\/radiolarioja.com.ar\/rlr\/wp-content\/uploads\/2026\/09\/WhatsApp-Image-2026-09-04-at-13.28.58-322x174.jpeg",322,174,true],"td_485x360":["https:\/\/radiolarioja.com.ar\/rlr\/wp-content\/uploads\/2026\/09\/WhatsApp-Image-2026-09-04-at-13.28.58-485x360.jpeg",485,360,true],"td_696x0":["https:\/\/radiolarioja.com.ar\/rlr\/wp-content\/uploads\/2026\/09\/WhatsApp-Image-2026-09-04-at-13.28.58-694x375.jpeg",694,375,true],"td_1068x0":["https:\/\/radiolarioja.com.ar\/rlr\/wp-content\/uploads\/2026\/09\/WhatsApp-Image-2026-09-04-at-13.28.58-1067x576.jpeg",1067,576,true],"td_1920x0":["https:\/\/radiolarioja.com.ar\/rlr\/wp-content\/uploads\/2026\/09\/WhatsApp-Image-2026-09-04-at-13.28.58.jpeg",1600,864,false],"td_0x420":["https:\/\/radiolarioja.com.ar\/rlr\/wp-content\/uploads\/2026\/09\/WhatsApp-Image-2026-09-04-at-13.28.58.jpeg",778,420,false],"td_80x60":["https:\/\/radiolarioja.com.ar\/rlr\/wp-content\/uploads\/2026\/09\/WhatsApp-Image-2026-09-04-at-13.28.58-80x60.jpeg",80,60,true],"td_100x70":["https:\/\/radiolarioja.com.ar\/rlr\/wp-content\/uploads\/2026\/09\/WhatsApp-Image-2026-09-04-at-13.28.58-100x70.jpeg",100,70,true],"td_265x198":["https:\/\/radiolarioja.com.ar\/rlr\/wp-content\/uploads\/2026\/09\/WhatsApp-Image-2026-09-04-at-13.28.58-265x198.jpeg",265,198,true],"td_324x160":["https:\/\/radiolarioja.com.ar\/rlr\/wp-content\/uploads\/2026\/09\/WhatsApp-Image-2026-09-04-at-13.28.58-296x160.jpeg",296,160,true],"td_324x235":["https:\/\/radiolarioja.com.ar\/rlr\/wp-content\/uploads\/2026\/09\/WhatsApp-Image-2026-09-04-at-13.28.58-324x235.jpeg",324,235,true],"td_356x220":["https:\/\/radiolarioja.com.ar\/rlr\/wp-content\/uploads\/2026\/09\/WhatsApp-Image-2026-09-04-at-13.28.58-356x220.jpeg",356,220,true],"td_356x364":["https:\/\/radiolarioja.com.ar\/rlr\/wp-content\/uploads\/2026\/09\/WhatsApp-Image-2026-09-04-at-13.28.58-356x192.jpeg",356,192,true],"td_533x261":["https:\/\/radiolarioja.com.ar\/rlr\/wp-content\/uploads\/2026\/09\/WhatsApp-Image-2026-09-04-at-13.28.58-483x261.jpeg",483,261,true],"td_534x462":["https:\/\/radiolarioja.com.ar\/rlr\/wp-content\/uploads\/2026\/09\/WhatsApp-Image-2026-09-04-at-13.28.58-534x462.jpeg",534,462,true],"td_696x385":["https:\/\/radiolarioja.com.ar\/rlr\/wp-content\/uploads\/2026\/09\/WhatsApp-Image-2026-09-04-at-13.28.58-696x384.jpeg",696,384,true],"td_741x486":["https:\/\/radiolarioja.com.ar\/rlr\/wp-content\/uploads\/2026\/09\/WhatsApp-Image-2026-09-04-at-13.28.58-741x486.jpeg",741,486,true],"td_1068x580":["https:\/\/radiolarioja.com.ar\/rlr\/wp-content\/uploads\/2026\/09\/WhatsApp-Image-2026-09-04-at-13.28.58-1068x580.jpeg",1068,580,true]},"author_info":{"info":["RadioLaRioja"]},"category_info":"<a href=\"https:\/\/radiolarioja.com.ar\/rlr\/category\/local\/\" rel=\"category tag\">Local<\/a>","tag_info":"Local","comment_count":"0","_links":{"self":[{"href":"https:\/\/radiolarioja.com.ar\/rlr\/wp-json\/wp\/v2\/posts\/97599","targetHints":{"allow":["GET"]}}],"collection":[{"href":"https:\/\/radiolarioja.com.ar\/rlr\/wp-json\/wp\/v2\/posts"}],"about":[{"href":"https:\/\/radiolarioja.com.ar\/rlr\/wp-json\/wp\/v2\/types\/post"}],"author":[{"embeddable":true,"href":"https:\/\/radiolarioja.com.ar\/rlr\/wp-json\/wp\/v2\/users\/2"}],"replies":[{"embeddable":true,"href":"https:\/\/radiolarioja.com.ar\/rlr\/wp-json\/wp\/v2\/comments?post=97599"}],"version-history":[{"count":1,"href":"https:\/\/radiolarioja.com.ar\/rlr\/wp-json\/wp\/v2\/posts\/97599\/revisions"}],"predecessor-version":[{"id":97604,"href":"https:\/\/radiolarioja.com.ar\/rlr\/wp-json\/wp\/v2\/posts\/97599\/revisions\/97604"}],"wp:featuredmedia":[{"embeddable":true,"href":"https:\/\/radiolarioja.com.ar\/rlr\/wp-json\/wp\/v2\/media\/97602"}],"wp:attachment":[{"href":"https:\/\/radiolarioja.com.ar\/rlr\/wp-json\/wp\/v2\/media?parent=97599"}],"wp:term":[{"taxonomy":"category","embeddable":true,"href":"https:\/\/radiolarioja.com.ar\/rlr\/wp-json\/wp\/v2\/categories?post=97599"},{"taxonomy":"post_tag","embeddable":true,"href":"https:\/\/radiolarioja.com.ar\/rlr\/wp-json\/wp\/v2\/tags?post=97599"}],"curies":[{"name":"wp","href":"https:\/\/api.w.org\/{rel}","templated":true}]}}