{"id":97579,"date":"2026-09-04T09:57:09","date_gmt":"2026-09-04T12:57:09","guid":{"rendered":"https:\/\/radiolarioja.com.ar\/rlr\/?p=97579"},"modified":"2026-09-04T09:57:10","modified_gmt":"2026-09-04T12:57:10","slug":"cuestionan-una-contratacion-directa-del-gobierno-a-starlink-por-casi-usd-22-millones-para-conectar-escuelas","status":"publish","type":"post","link":"https:\/\/radiolarioja.com.ar\/rlr\/cuestionan-una-contratacion-directa-del-gobierno-a-starlink-por-casi-usd-22-millones-para-conectar-escuelas\/","title":{"rendered":"Cuestionan una contrataci\u00f3n directa del Gobierno a Starlink por casi USD 22 millones para conectar escuelas"},"content":{"rendered":"\n<h1 class=\"wp-block-heading\"><strong>El acuerdo aprobado por el ENACOM otorga en exclusividad la provisi\u00f3n de internet satelital a 6.000 establecimientos educativos. Especialistas y gobernadores advierten por la falta de licitaci\u00f3n, sobrecostos respecto al mercado minorista y la transferencia futura del gasto a las provincias.<\/strong><\/h1>\n\n\n\n<p class=\"wp-block-paragraph\">En medio del objetivo de brindar conectividad a zonas de dif\u00edcil acceso, el Gobierno nacional aprob\u00f3 de manera expr\u00e9s una propuesta presentadas por la empresa <strong>Starlink<\/strong>, propiedad del magnate Elon Musk, para brindar internet satelital a <strong>6.000 escuelas rurales y alejadas<\/strong> en todo el pa\u00eds. La medida, oficializada en el Bolet\u00edn Oficial, gener\u00f3 severas cr\u00edticas de especialistas en comunicaci\u00f3n y sectores de la oposici\u00f3n debido a la falta de transparencia, la ausencia de licitaci\u00f3n p\u00fablica y las condiciones financieras del contrato.<\/p>\n\n\n\n<div class=\"wp-block-group is-nowrap is-layout-flex wp-container-core-group-is-layout-8f761849 wp-block-group-is-layout-flex\">\n<figure class=\"wp-block-image size-full\"><a href=\"https:\/\/radiolarioja.com.ar\/rlr\/wp-content\/uploads\/2026\/09\/images-2026-09-04T095640.947.jpg\"><img fetchpriority=\"high\" decoding=\"async\" width=\"599\" height=\"333\" src=\"https:\/\/radiolarioja.com.ar\/rlr\/wp-content\/uploads\/2026\/09\/images-2026-09-04T095640.947.jpg\" alt=\"\" class=\"wp-image-97581\" srcset=\"https:\/\/radiolarioja.com.ar\/rlr\/wp-content\/uploads\/2026\/09\/images-2026-09-04T095640.947.jpg 599w, https:\/\/radiolarioja.com.ar\/rlr\/wp-content\/uploads\/2026\/09\/images-2026-09-04T095640.947-324x180.jpg 324w, https:\/\/radiolarioja.com.ar\/rlr\/wp-content\/uploads\/2026\/09\/images-2026-09-04T095640.947-300x167.jpg 300w, https:\/\/radiolarioja.com.ar\/rlr\/wp-content\/uploads\/2026\/09\/images-2026-09-04T095640.947-287x160.jpg 287w, https:\/\/radiolarioja.com.ar\/rlr\/wp-content\/uploads\/2026\/09\/images-2026-09-04T095640.947-354x197.jpg 354w, https:\/\/radiolarioja.com.ar\/rlr\/wp-content\/uploads\/2026\/09\/images-2026-09-04T095640.947-469x261.jpg 469w\" sizes=\"(max-width: 599px) 100vw, 599px\" \/><\/a><\/figure>\n\n\n\n<p class=\"wp-block-paragraph\">En entrevista radial con el periodista Marcos Citadini (Radio Madre AM 530), el especialista e investigador en medios y tecnolog\u00eda <strong>Mart\u00edn Becerra<\/strong> detall\u00f3 los aspectos m\u00e1s controvertidos de este acuerdo, al que calific\u00f3 como un <em>\u00abnegociado a dedo\u00bb<\/em> impulsado por la gesti\u00f3n de Javier Milei a trav\u00e9s del Ente Nacional de Comunicaciones (ENACOM), organismo que se encuentra intervenido.<\/p>\n<\/div>\n\n\n\n<h3 class=\"wp-block-heading\">Aprobaci\u00f3n expr\u00e9s y adjudicaci\u00f3n directa<\/h3>\n\n\n\n<p class=\"wp-block-paragraph\">Seg\u00fan detall\u00f3 Becerra, el proceso se inici\u00f3 el <strong>15 de julio<\/strong> mediante una carta de intenci\u00f3n enviada por la propia compa\u00f1\u00eda estadounidense. Solo ocho d\u00edas despu\u00e9s, el <strong>23 de julio<\/strong>, el ENACOM aprob\u00f3 la propuesta sin realizar estudios t\u00e9cnicos previos ni consultar a los ministerios de Educaci\u00f3n provinciales, jurisdicciones de las que dependen los establecimientos educativos.<\/p>\n\n\n\n<p class=\"wp-block-paragraph\"><em>\u00abPara lograr un objetivo loable como conectar escuelas, lo que tendr\u00eda que haberse hecho es identificar los establecimientos, evaluar qu\u00e9 soluciones locales o regionales existen \u2014como cooperativas, la empresa estatal ARSAT o proveedores privados\u2014 y convocar a un concurso o licitaci\u00f3n p\u00fablica\u00bb<\/em>, explic\u00f3 Becerra.<\/p>\n\n\n\n<h3 class=\"wp-block-heading\">Fondos p\u00fablicos, sobrecostos y un contrato \u00abdisfrazado\u00bb<\/h3>\n\n\n\n<p class=\"wp-block-paragraph\">El proyecto demandar\u00e1 <strong>casi 22 millones de d\u00f3lares<\/strong> provenientes del Fondo del Servicio Universal. Aunque la propuesta inicial se present\u00f3 bajo la apariencia de una \u00abdonaci\u00f3n\u00bb durante los dos primeros a\u00f1os, las condiciones contractuales establecen que la firma terminar\u00e1 cobrando el servicio.<\/p>\n\n\n\n<p class=\"wp-block-paragraph\">Entre los puntos m\u00e1s pol\u00e9micos se\u00f1alados en el an\u00e1lisis del especialista se destacan:<\/p>\n\n\n\n<ul class=\"wp-block-list\">\n<li class=\"\"><strong>Tarifa m\u00e1s cara que la domiciliaria:<\/strong> Al dividir el costo total del paquete mayorista entre los 6.000 establecimientos, el costo final por escuela resulta superior al precio que Starlink cobra a cualquier usuario particular en el mercado minorista.<\/li>\n\n\n\n<li class=\"\"><strong>Sin obligaci\u00f3n de reemplazo:<\/strong> Si la empresa no llega a completar la conexi\u00f3n en la totalidad de las 6.000 escuelas, el contrato establece textualmente que no tiene la obligaci\u00f3n de reintegrar los montos ni sustituir los establecimientos.<\/li>\n\n\n\n<li class=\"\"><strong>Carga financiera a las provincias:<\/strong> A partir del tercer a\u00f1o de contrato, el costo de mantenimiento de la infraestructura (estimado en m\u00e1s de 50 d\u00f3lares mensuales por escuela) se transferir\u00e1 directamente a las arcas provinciales, hoy altamente exigidas por la coyuntura econ\u00f3mica.<\/li>\n<\/ul>\n\n\n\n<h3 class=\"wp-block-heading\">Mala recepci\u00f3n en las provincias<\/h3>\n\n\n\n<p class=\"wp-block-paragraph\">La medida ya gener\u00f3 rechazo en mandatarios provinciales, quienes expresaron su malestar por la imposici\u00f3n de un compromiso financiero a futuro sin haber sido consultados ni haber recibido transferencia de recursos para afrontarlo.<\/p>\n\n\n\n<p class=\"wp-block-paragraph\">Asimismo, se remarc\u00f3 la falta de mecanismos de evaluaci\u00f3n de impacto para medir la efectividad pedag\u00f3gica y t\u00e9cnica del servicio en las aulas. Para los analistas, la velocidad y las condiciones ventajosas otorgadas a Starlink responden a la cercan\u00eda ideol\u00f3gica del Poder Ejecutivo con Elon Musk, antes que a una planificaci\u00f3n estrat\u00e9gica de la infraestructura digital educativa.<\/p>\n","protected":false},"excerpt":{"rendered":"<p>El acuerdo aprobado por el ENACOM otorga en exclusividad la provisi\u00f3n de internet satelital a 6.000 establecimientos educativos. Especialistas y gobernadores advierten por la falta de licitaci\u00f3n, sobrecostos respecto al mercado minorista y la transferencia futura del gasto a las provincias. En medio del objetivo de brindar conectividad a zonas de dif\u00edcil acceso, el Gobierno [&hellip;]<\/p>\n","protected":false},"author":2,"featured_media":97580,"comment_status":"open","ping_status":"open","sticky":false,"template":"","format":"standard","meta":{"tdm_status":"","tdm_grid_status":"","footnotes":""},"categories":[15],"tags":[],"class_list":["post-97579","post","type-post","status-publish","format-standard","has-post-thumbnail","category-nacional"],"featured_image_urls":{"full":["https:\/\/radiolarioja.com.ar\/rlr\/wp-content\/uploads\/2026\/09\/Gemini_Generated_Image_h4nrr1h4nrr1h4nr.jpg",1408,768,false],"thumbnail":["https:\/\/radiolarioja.com.ar\/rlr\/wp-content\/uploads\/2026\/09\/Gemini_Generated_Image_h4nrr1h4nrr1h4nr-150x150.jpg",150,150,true],"medium":["https:\/\/radiolarioja.com.ar\/rlr\/wp-content\/uploads\/2026\/09\/Gemini_Generated_Image_h4nrr1h4nrr1h4nr-300x164.jpg",300,164,true],"medium_large":["https:\/\/radiolarioja.com.ar\/rlr\/wp-content\/uploads\/2026\/09\/Gemini_Generated_Image_h4nrr1h4nrr1h4nr-766x418.jpg",696,380,true],"large":["https:\/\/radiolarioja.com.ar\/rlr\/wp-content\/uploads\/2026\/09\/Gemini_Generated_Image_h4nrr1h4nrr1h4nr-1024x559.jpg",696,380,true],"1536x1536":["https:\/\/radiolarioja.com.ar\/rlr\/wp-content\/uploads\/2026\/09\/Gemini_Generated_Image_h4nrr1h4nrr1h4nr.jpg",1408,768,false],"2048x2048":["https:\/\/radiolarioja.com.ar\/rlr\/wp-content\/uploads\/2026\/09\/Gemini_Generated_Image_h4nrr1h4nrr1h4nr.jpg",1408,768,false],"td_218x150":["https:\/\/radiolarioja.com.ar\/rlr\/wp-content\/uploads\/2026\/09\/Gemini_Generated_Image_h4nrr1h4nrr1h4nr-218x150.jpg",218,150,true],"td_324x400":["https:\/\/radiolarioja.com.ar\/rlr\/wp-content\/uploads\/2026\/09\/Gemini_Generated_Image_h4nrr1h4nrr1h4nr-323x176.jpg",323,176,true],"td_485x360":["https:\/\/radiolarioja.com.ar\/rlr\/wp-content\/uploads\/2026\/09\/Gemini_Generated_Image_h4nrr1h4nrr1h4nr-485x360.jpg",485,360,true],"td_696x0":["https:\/\/radiolarioja.com.ar\/rlr\/wp-content\/uploads\/2026\/09\/Gemini_Generated_Image_h4nrr1h4nrr1h4nr-695x379.jpg",695,379,true],"td_1068x0":["https:\/\/radiolarioja.com.ar\/rlr\/wp-content\/uploads\/2026\/09\/Gemini_Generated_Image_h4nrr1h4nrr1h4nr-1067x582.jpg",1067,582,true],"td_1920x0":["https:\/\/radiolarioja.com.ar\/rlr\/wp-content\/uploads\/2026\/09\/Gemini_Generated_Image_h4nrr1h4nrr1h4nr.jpg",1408,768,false],"td_0x420":["https:\/\/radiolarioja.com.ar\/rlr\/wp-content\/uploads\/2026\/09\/Gemini_Generated_Image_h4nrr1h4nrr1h4nr.jpg",770,420,false],"td_80x60":["https:\/\/radiolarioja.com.ar\/rlr\/wp-content\/uploads\/2026\/09\/Gemini_Generated_Image_h4nrr1h4nrr1h4nr-80x60.jpg",80,60,true],"td_100x70":["https:\/\/radiolarioja.com.ar\/rlr\/wp-content\/uploads\/2026\/09\/Gemini_Generated_Image_h4nrr1h4nrr1h4nr-100x70.jpg",100,70,true],"td_265x198":["https:\/\/radiolarioja.com.ar\/rlr\/wp-content\/uploads\/2026\/09\/Gemini_Generated_Image_h4nrr1h4nrr1h4nr-265x198.jpg",265,198,true],"td_324x160":["https:\/\/radiolarioja.com.ar\/rlr\/wp-content\/uploads\/2026\/09\/Gemini_Generated_Image_h4nrr1h4nrr1h4nr-293x160.jpg",293,160,true],"td_324x235":["https:\/\/radiolarioja.com.ar\/rlr\/wp-content\/uploads\/2026\/09\/Gemini_Generated_Image_h4nrr1h4nrr1h4nr-324x235.jpg",324,235,true],"td_356x220":["https:\/\/radiolarioja.com.ar\/rlr\/wp-content\/uploads\/2026\/09\/Gemini_Generated_Image_h4nrr1h4nrr1h4nr-356x220.jpg",356,220,true],"td_356x364":["https:\/\/radiolarioja.com.ar\/rlr\/wp-content\/uploads\/2026\/09\/Gemini_Generated_Image_h4nrr1h4nrr1h4nr-356x194.jpg",356,194,true],"td_533x261":["https:\/\/radiolarioja.com.ar\/rlr\/wp-content\/uploads\/2026\/09\/Gemini_Generated_Image_h4nrr1h4nrr1h4nr-478x261.jpg",478,261,true],"td_534x462":["https:\/\/radiolarioja.com.ar\/rlr\/wp-content\/uploads\/2026\/09\/Gemini_Generated_Image_h4nrr1h4nrr1h4nr-534x462.jpg",534,462,true],"td_696x385":["https:\/\/radiolarioja.com.ar\/rlr\/wp-content\/uploads\/2026\/09\/Gemini_Generated_Image_h4nrr1h4nrr1h4nr-696x385.jpg",696,385,true],"td_741x486":["https:\/\/radiolarioja.com.ar\/rlr\/wp-content\/uploads\/2026\/09\/Gemini_Generated_Image_h4nrr1h4nrr1h4nr-741x486.jpg",741,486,true],"td_1068x580":["https:\/\/radiolarioja.com.ar\/rlr\/wp-content\/uploads\/2026\/09\/Gemini_Generated_Image_h4nrr1h4nrr1h4nr-1063x580.jpg",1063,580,true]},"author_info":{"info":["RadioLaRioja"]},"category_info":"<a href=\"https:\/\/radiolarioja.com.ar\/rlr\/category\/nacional\/\" rel=\"category tag\">Nacional<\/a>","tag_info":"Nacional","comment_count":"0","_links":{"self":[{"href":"https:\/\/radiolarioja.com.ar\/rlr\/wp-json\/wp\/v2\/posts\/97579","targetHints":{"allow":["GET"]}}],"collection":[{"href":"https:\/\/radiolarioja.com.ar\/rlr\/wp-json\/wp\/v2\/posts"}],"about":[{"href":"https:\/\/radiolarioja.com.ar\/rlr\/wp-json\/wp\/v2\/types\/post"}],"author":[{"embeddable":true,"href":"https:\/\/radiolarioja.com.ar\/rlr\/wp-json\/wp\/v2\/users\/2"}],"replies":[{"embeddable":true,"href":"https:\/\/radiolarioja.com.ar\/rlr\/wp-json\/wp\/v2\/comments?post=97579"}],"version-history":[{"count":1,"href":"https:\/\/radiolarioja.com.ar\/rlr\/wp-json\/wp\/v2\/posts\/97579\/revisions"}],"predecessor-version":[{"id":97582,"href":"https:\/\/radiolarioja.com.ar\/rlr\/wp-json\/wp\/v2\/posts\/97579\/revisions\/97582"}],"wp:featuredmedia":[{"embeddable":true,"href":"https:\/\/radiolarioja.com.ar\/rlr\/wp-json\/wp\/v2\/media\/97580"}],"wp:attachment":[{"href":"https:\/\/radiolarioja.com.ar\/rlr\/wp-json\/wp\/v2\/media?parent=97579"}],"wp:term":[{"taxonomy":"category","embeddable":true,"href":"https:\/\/radiolarioja.com.ar\/rlr\/wp-json\/wp\/v2\/categories?post=97579"},{"taxonomy":"post_tag","embeddable":true,"href":"https:\/\/radiolarioja.com.ar\/rlr\/wp-json\/wp\/v2\/tags?post=97579"}],"curies":[{"name":"wp","href":"https:\/\/api.w.org\/{rel}","templated":true}]}}