{"id":97569,"date":"2026-09-04T09:24:28","date_gmt":"2026-09-04T12:24:28","guid":{"rendered":"https:\/\/radiolarioja.com.ar\/rlr\/?p=97569"},"modified":"2026-09-04T09:24:30","modified_gmt":"2026-09-04T12:24:30","slug":"especialista-de-la-uba-analizo-el-potencial-hidrocarburifero-y-la-transicion-energetica-en-la-rioja","status":"publish","type":"post","link":"https:\/\/radiolarioja.com.ar\/rlr\/especialista-de-la-uba-analizo-el-potencial-hidrocarburifero-y-la-transicion-energetica-en-la-rioja\/","title":{"rendered":"Especialista de la UBA analiz\u00f3 el potencial hidrocarbur\u00edfero y la transici\u00f3n energ\u00e9tica en La Rioja"},"content":{"rendered":"\n<h1 class=\"wp-block-heading\"><strong>La ge\u00f3loga Silvia Barredo destac\u00f3 las evidencias de rocas madre en la provincia, la necesidad de continuar con los estudios exploratorios y la importancia de diversificar la matriz energ\u00e9tica con fuentes renovables.<\/strong><\/h1>\n\n\n\n<p class=\"wp-block-paragraph\"><strong>LA RIOJA.<\/strong> En el marco de una disertaci\u00f3n sobre el escenario energ\u00e9tico provincial y nacional, la Dra. Silvia Barredo \u2014doctora en Geolog\u00eda, directora del Laboratorio de Modelado de Cuencas y Sistemas Petroleros de la Universidad de Buenos Aires (UBA) y docente de posgrado en la Universidad Austral\u2014 detall\u00f3 las perspectivas para la exploraci\u00f3n de petr\u00f3leo y el desarrollo de energ\u00edas limpias en La Rioja.<\/p>\n\n\n\n<figure class=\"wp-block-embed is-type-video is-provider-youtube wp-block-embed-youtube wp-embed-aspect-16-9 wp-has-aspect-ratio\"><div class=\"wp-block-embed__wrapper\">\n<iframe title=\"CECILIA BARREDO UNIVERSIDAD DE BUENOS AIRES ENERGIAS RENOVABLES LA RIOJA\" width=\"696\" height=\"392\" src=\"https:\/\/www.youtube.com\/embed\/i1wzuWFb9oM?feature=oembed\" frameborder=\"0\" allow=\"accelerometer; autoplay; clipboard-write; encrypted-media; gyroscope; picture-in-picture; web-share\" referrerpolicy=\"strict-origin-when-cross-origin\" allowfullscreen><\/iframe>\n<\/div><\/figure>\n\n\n\n<h3 class=\"wp-block-heading\">Potencial petrolero: \u00abHay que seguir buscando\u00bb<\/h3>\n\n\n\n<p class=\"wp-block-paragraph\">Respecto a la existencia de hidrocarburos en territorio riojano, la especialista afirm\u00f3 que existen evidencias geol\u00f3gicas de rocas que han madurado y generado petr\u00f3leo. Sin embargo, explic\u00f3 que el principal reto radica en la complejidad del subsuelo y la superficie local, lo que ha dificultado hallar la \u00abacumulaci\u00f3n\u00bb o trampa comercial sustentable.<\/p>\n\n\n\n<blockquote class=\"wp-block-quote is-layout-flow wp-block-quote-is-layout-flow\">\n<p class=\"wp-block-paragraph\"><em>\u00abHay petr\u00f3leo en La Rioja, todo parece indicar que hay; lo que no podemos encontrar es d\u00f3nde (&#8230;). Hay que concentrar el esfuerzo exploratorio para que todos estos estudios se utilicen en el futuro para buscar nuevas oportunidades\u00bb<\/em>, remarc\u00f3 la especialista.<\/p>\n<\/blockquote>\n\n\n\n<p class=\"wp-block-paragraph\">Asimismo, al comparar el panorama con yacimientos no convencionales como Vaca Muerta, subray\u00f3 que la rentabilidad comercial es un factor clave a determinar antes de cualquier explotaci\u00f3n masiva.<\/p>\n\n\n\n<h3 class=\"wp-block-heading\">Transici\u00f3n energ\u00e9tica y la fortaleza de La Rioja<\/h3>\n\n\n\n<p class=\"wp-block-paragraph\">En cuanto a la transici\u00f3n hacia fuentes m\u00e1s limpias, Barredo resalt\u00f3 el potencial riojano en generaci\u00f3n e\u00f3lica y solar. Destac\u00f3 que la provincia cuenta con los recursos necesarios para avanzar hacia una matriz m\u00e1s autosustentable sin abandonar la b\u00fasqueda de recursos tradicionales.<\/p>\n\n\n\n<p class=\"wp-block-paragraph\">Sobre el avance nacional, indic\u00f3 que en momentos de alta demanda la prioridad de despacho permite que las renovables alcancen picos de m\u00e1s del 20% en la red el\u00e9ctrica argentina.<\/p>\n\n\n\n<h3 class=\"wp-block-heading\">Renovables vs. Hidrocarburos: El equilibrio econ\u00f3mico<\/h3>\n\n\n\n<p class=\"wp-block-paragraph\">Al abordar la diferencia de costos e impacto econ\u00f3mico entre ambas alternativas, Barredo explic\u00f3 que, si bien proyectos como el e\u00f3lico o el solar son m\u00e1s econ\u00f3micos en su desarrollo inicial, la industria de los hidrocarburos genera un mayor retorno a trav\u00e9s de regal\u00edas e insumos petroqu\u00edmicos indispensables para la sociedad (como fertilizantes, f\u00e1rmacos y derivados textiles).<\/p>\n\n\n\n<blockquote class=\"wp-block-quote is-layout-flow wp-block-quote-is-layout-flow\">\n<p class=\"wp-block-paragraph\"><em>\u00abEs una balanza en donde hay que poner muchos par\u00e1metros para encontrar el equilibrio\u00bb<\/em>, concluy\u00f3 la doctora respecto al futuro energ\u00e9tico del pa\u00eds y la regi\u00f3n.<\/p>\n<\/blockquote>\n\n\n\n<figure class=\"wp-block-image size-large\"><a href=\"https:\/\/radiolarioja.com.ar\/rlr\/wp-content\/uploads\/2026\/09\/Captura-de-pantalla-2026-09-04-092239.png\"><img fetchpriority=\"high\" decoding=\"async\" width=\"1024\" height=\"576\" src=\"https:\/\/radiolarioja.com.ar\/rlr\/wp-content\/uploads\/2026\/09\/Captura-de-pantalla-2026-09-04-092239-1024x576.png\" alt=\"\" class=\"wp-image-97570\" srcset=\"https:\/\/radiolarioja.com.ar\/rlr\/wp-content\/uploads\/2026\/09\/Captura-de-pantalla-2026-09-04-092239-1024x576.png 1024w, https:\/\/radiolarioja.com.ar\/rlr\/wp-content\/uploads\/2026\/09\/Captura-de-pantalla-2026-09-04-092239-300x169.png 300w, https:\/\/radiolarioja.com.ar\/rlr\/wp-content\/uploads\/2026\/09\/Captura-de-pantalla-2026-09-04-092239-768x432.png 768w, https:\/\/radiolarioja.com.ar\/rlr\/wp-content\/uploads\/2026\/09\/Captura-de-pantalla-2026-09-04-092239-324x182.png 324w, https:\/\/radiolarioja.com.ar\/rlr\/wp-content\/uploads\/2026\/09\/Captura-de-pantalla-2026-09-04-092239-695x391.png 695w, https:\/\/radiolarioja.com.ar\/rlr\/wp-content\/uploads\/2026\/09\/Captura-de-pantalla-2026-09-04-092239-1536x864.png 1536w, https:\/\/radiolarioja.com.ar\/rlr\/wp-content\/uploads\/2026\/09\/Captura-de-pantalla-2026-09-04-092239-1067x600.png 1067w, https:\/\/radiolarioja.com.ar\/rlr\/wp-content\/uploads\/2026\/09\/Captura-de-pantalla-2026-09-04-092239-284x160.png 284w, https:\/\/radiolarioja.com.ar\/rlr\/wp-content\/uploads\/2026\/09\/Captura-de-pantalla-2026-09-04-092239-356x200.png 356w, https:\/\/radiolarioja.com.ar\/rlr\/wp-content\/uploads\/2026\/09\/Captura-de-pantalla-2026-09-04-092239-464x261.png 464w, https:\/\/radiolarioja.com.ar\/rlr\/wp-content\/uploads\/2026\/09\/Captura-de-pantalla-2026-09-04-092239-684x385.png 684w, https:\/\/radiolarioja.com.ar\/rlr\/wp-content\/uploads\/2026\/09\/Captura-de-pantalla-2026-09-04-092239-1031x580.png 1031w, https:\/\/radiolarioja.com.ar\/rlr\/wp-content\/uploads\/2026\/09\/Captura-de-pantalla-2026-09-04-092239.png 1600w\" sizes=\"(max-width: 1024px) 100vw, 1024px\" \/><\/a><\/figure>\n","protected":false},"excerpt":{"rendered":"<p>La ge\u00f3loga Silvia Barredo destac\u00f3 las evidencias de rocas madre en la provincia, la necesidad de continuar con los estudios exploratorios y la importancia de diversificar la matriz energ\u00e9tica con fuentes renovables. LA RIOJA. En el marco de una disertaci\u00f3n sobre el escenario energ\u00e9tico provincial y nacional, la Dra. Silvia Barredo \u2014doctora en Geolog\u00eda, directora [&hellip;]<\/p>\n","protected":false},"author":2,"featured_media":97570,"comment_status":"open","ping_status":"open","sticky":false,"template":"","format":"standard","meta":{"tdm_status":"","tdm_grid_status":"","footnotes":""},"categories":[12],"tags":[],"class_list":["post-97569","post","type-post","status-publish","format-standard","has-post-thumbnail","category-local"],"featured_image_urls":{"full":["https:\/\/radiolarioja.com.ar\/rlr\/wp-content\/uploads\/2026\/09\/Captura-de-pantalla-2026-09-04-092239.png",1600,900,false],"thumbnail":["https:\/\/radiolarioja.com.ar\/rlr\/wp-content\/uploads\/2026\/09\/Captura-de-pantalla-2026-09-04-092239-150x150.png",150,150,true],"medium":["https:\/\/radiolarioja.com.ar\/rlr\/wp-content\/uploads\/2026\/09\/Captura-de-pantalla-2026-09-04-092239-300x169.png",300,169,true],"medium_large":["https:\/\/radiolarioja.com.ar\/rlr\/wp-content\/uploads\/2026\/09\/Captura-de-pantalla-2026-09-04-092239-768x432.png",696,392,true],"large":["https:\/\/radiolarioja.com.ar\/rlr\/wp-content\/uploads\/2026\/09\/Captura-de-pantalla-2026-09-04-092239-1024x576.png",696,392,true],"1536x1536":["https:\/\/radiolarioja.com.ar\/rlr\/wp-content\/uploads\/2026\/09\/Captura-de-pantalla-2026-09-04-092239-1536x864.png",1536,864,true],"2048x2048":["https:\/\/radiolarioja.com.ar\/rlr\/wp-content\/uploads\/2026\/09\/Captura-de-pantalla-2026-09-04-092239.png",1600,900,false],"td_218x150":["https:\/\/radiolarioja.com.ar\/rlr\/wp-content\/uploads\/2026\/09\/Captura-de-pantalla-2026-09-04-092239-218x150.png",218,150,true],"td_324x400":["https:\/\/radiolarioja.com.ar\/rlr\/wp-content\/uploads\/2026\/09\/Captura-de-pantalla-2026-09-04-092239-324x182.png",324,182,true],"td_485x360":["https:\/\/radiolarioja.com.ar\/rlr\/wp-content\/uploads\/2026\/09\/Captura-de-pantalla-2026-09-04-092239-485x360.png",485,360,true],"td_696x0":["https:\/\/radiolarioja.com.ar\/rlr\/wp-content\/uploads\/2026\/09\/Captura-de-pantalla-2026-09-04-092239-695x391.png",695,391,true],"td_1068x0":["https:\/\/radiolarioja.com.ar\/rlr\/wp-content\/uploads\/2026\/09\/Captura-de-pantalla-2026-09-04-092239-1067x600.png",1067,600,true],"td_1920x0":["https:\/\/radiolarioja.com.ar\/rlr\/wp-content\/uploads\/2026\/09\/Captura-de-pantalla-2026-09-04-092239.png",1600,900,false],"td_0x420":["https:\/\/radiolarioja.com.ar\/rlr\/wp-content\/uploads\/2026\/09\/Captura-de-pantalla-2026-09-04-092239.png",747,420,false],"td_80x60":["https:\/\/radiolarioja.com.ar\/rlr\/wp-content\/uploads\/2026\/09\/Captura-de-pantalla-2026-09-04-092239-80x60.png",80,60,true],"td_100x70":["https:\/\/radiolarioja.com.ar\/rlr\/wp-content\/uploads\/2026\/09\/Captura-de-pantalla-2026-09-04-092239-100x70.png",100,70,true],"td_265x198":["https:\/\/radiolarioja.com.ar\/rlr\/wp-content\/uploads\/2026\/09\/Captura-de-pantalla-2026-09-04-092239-265x198.png",265,198,true],"td_324x160":["https:\/\/radiolarioja.com.ar\/rlr\/wp-content\/uploads\/2026\/09\/Captura-de-pantalla-2026-09-04-092239-284x160.png",284,160,true],"td_324x235":["https:\/\/radiolarioja.com.ar\/rlr\/wp-content\/uploads\/2026\/09\/Captura-de-pantalla-2026-09-04-092239-324x235.png",324,235,true],"td_356x220":["https:\/\/radiolarioja.com.ar\/rlr\/wp-content\/uploads\/2026\/09\/Captura-de-pantalla-2026-09-04-092239-356x220.png",356,220,true],"td_356x364":["https:\/\/radiolarioja.com.ar\/rlr\/wp-content\/uploads\/2026\/09\/Captura-de-pantalla-2026-09-04-092239-356x200.png",356,200,true],"td_533x261":["https:\/\/radiolarioja.com.ar\/rlr\/wp-content\/uploads\/2026\/09\/Captura-de-pantalla-2026-09-04-092239-464x261.png",464,261,true],"td_534x462":["https:\/\/radiolarioja.com.ar\/rlr\/wp-content\/uploads\/2026\/09\/Captura-de-pantalla-2026-09-04-092239-534x462.png",534,462,true],"td_696x385":["https:\/\/radiolarioja.com.ar\/rlr\/wp-content\/uploads\/2026\/09\/Captura-de-pantalla-2026-09-04-092239-684x385.png",684,385,true],"td_741x486":["https:\/\/radiolarioja.com.ar\/rlr\/wp-content\/uploads\/2026\/09\/Captura-de-pantalla-2026-09-04-092239-741x486.png",741,486,true],"td_1068x580":["https:\/\/radiolarioja.com.ar\/rlr\/wp-content\/uploads\/2026\/09\/Captura-de-pantalla-2026-09-04-092239-1031x580.png",1031,580,true]},"author_info":{"info":["RadioLaRioja"]},"category_info":"<a href=\"https:\/\/radiolarioja.com.ar\/rlr\/category\/local\/\" rel=\"category tag\">Local<\/a>","tag_info":"Local","comment_count":"0","_links":{"self":[{"href":"https:\/\/radiolarioja.com.ar\/rlr\/wp-json\/wp\/v2\/posts\/97569","targetHints":{"allow":["GET"]}}],"collection":[{"href":"https:\/\/radiolarioja.com.ar\/rlr\/wp-json\/wp\/v2\/posts"}],"about":[{"href":"https:\/\/radiolarioja.com.ar\/rlr\/wp-json\/wp\/v2\/types\/post"}],"author":[{"embeddable":true,"href":"https:\/\/radiolarioja.com.ar\/rlr\/wp-json\/wp\/v2\/users\/2"}],"replies":[{"embeddable":true,"href":"https:\/\/radiolarioja.com.ar\/rlr\/wp-json\/wp\/v2\/comments?post=97569"}],"version-history":[{"count":1,"href":"https:\/\/radiolarioja.com.ar\/rlr\/wp-json\/wp\/v2\/posts\/97569\/revisions"}],"predecessor-version":[{"id":97571,"href":"https:\/\/radiolarioja.com.ar\/rlr\/wp-json\/wp\/v2\/posts\/97569\/revisions\/97571"}],"wp:featuredmedia":[{"embeddable":true,"href":"https:\/\/radiolarioja.com.ar\/rlr\/wp-json\/wp\/v2\/media\/97570"}],"wp:attachment":[{"href":"https:\/\/radiolarioja.com.ar\/rlr\/wp-json\/wp\/v2\/media?parent=97569"}],"wp:term":[{"taxonomy":"category","embeddable":true,"href":"https:\/\/radiolarioja.com.ar\/rlr\/wp-json\/wp\/v2\/categories?post=97569"},{"taxonomy":"post_tag","embeddable":true,"href":"https:\/\/radiolarioja.com.ar\/rlr\/wp-json\/wp\/v2\/tags?post=97569"}],"curies":[{"name":"wp","href":"https:\/\/api.w.org\/{rel}","templated":true}]}}