{"id":97564,"date":"2026-09-04T09:08:37","date_gmt":"2026-09-04T12:08:37","guid":{"rendered":"https:\/\/radiolarioja.com.ar\/rlr\/?p=97564"},"modified":"2026-09-04T09:14:57","modified_gmt":"2026-09-04T12:14:57","slug":"panorama-informativo-viernes-4-de-septiembre-de-2026","status":"publish","type":"post","link":"https:\/\/radiolarioja.com.ar\/rlr\/panorama-informativo-viernes-4-de-septiembre-de-2026\/","title":{"rendered":"Panorama informativo, viernes 4 de septiembre de 2026"},"content":{"rendered":"\n<h2 class=\"wp-block-heading\">NACIONAL \/ POL\u00cdTICA<\/h2>\n\n\n\n<p class=\"wp-block-paragraph\"><strong>Milei impulsa sanciones para empresas que operen en Malvinas<\/strong> El presidente Javier Milei habl\u00f3 este jueves en cadena nacional sobre la Cuesti\u00f3n Malvinas y anunci\u00f3 el endurecimiento de las medidas contra la explotaci\u00f3n petrolera unilateral en las islas, as\u00ed como sanciones \u2014penales y administrativas\u2014 a las empresas que presten servicios a quienes realicen explotaciones hidrocarbur\u00edferas en la zona en disputa. Adelant\u00f3 adem\u00e1s la construcci\u00f3n de una Base Naval Integrada en Tierra del Fuego. Milei reivindic\u00f3 que \u00ablas Malvinas son argentinas, por historia y por derecho\u00bb y record\u00f3 que el Reino Unido las ocup\u00f3 en 1833. Impulsar\u00e1 una modificaci\u00f3n de la Ley N\u00b0 26.659 para endurecer sanciones a compa\u00f1\u00edas vinculadas a actividades no autorizadas, y busca crear un Consejo de Seguridad Nacional. Tambi\u00e9n mencion\u00f3 declaraciones de Donald Trump, quien evit\u00f3 confirmar si Washington respaldar\u00eda a Londres ante una eventual disputa por la soberan\u00eda de las islas.<\/p>\n\n\n\n<p class=\"wp-block-paragraph\"><strong>Milei se reuni\u00f3 con Jos\u00e9 Antonio Kast en Chile<\/strong> Horas antes de su mensaje por cadena nacional, Javier Milei mantuvo un encuentro bilateral con el presidente electo de Chile, Jos\u00e9 Antonio Kast, en el Palacio de La Moneda, tras exponer en el Foro Madrid. El Gobierno chileno expres\u00f3 su respaldo al reclamo argentino de soberan\u00eda sobre las Islas Malvinas, Georgias del Sur, Sandwich del Sur y espacios mar\u00edtimos circundantes, y ratific\u00f3 la necesidad de que Argentina y el Reino Unido reanuden negociaciones conforme a las resoluciones de Naciones Unidas. El encuentro, de unos 40 minutos, busc\u00f3 adem\u00e1s profundizar la cooperaci\u00f3n estrat\u00e9gica y la integraci\u00f3n econ\u00f3mica bilateral. Tambi\u00e9n se abord\u00f3 la situaci\u00f3n del Estrecho de Magallanes, tema de tensi\u00f3n diplom\u00e1tica en los d\u00edas previos; ambos gobiernos coincidieron en que su r\u00e9gimen jur\u00eddico est\u00e1 establecido por los tratados de 1881 y 1984. Milei agradeci\u00f3 a Kast el \u00abtradicional apoyo\u00bb chileno en la causa Malvinas. Previamente, Milei se reuni\u00f3 tambi\u00e9n con la subsecretaria de Estado de EE.UU. Sarah Rogers.<\/p>\n\n\n\n<h2 class=\"wp-block-heading\">PROVINCIAL \/ GOBIERNO<\/h2>\n\n\n\n<p class=\"wp-block-paragraph\"><strong>El Gobierno riojano arma un plan preventivo ante el fen\u00f3meno \u00abS\u00faper Ni\u00f1o\u00bb<\/strong> El gobernador Ricardo Quintela encabez\u00f3 una reuni\u00f3n de trabajo junto al ministro Adolfo Scaglioni y el administrador de Vialidad Provincial, Jorge Escudero, para coordinar acciones preventivas en toda la provincia frente a las lluvias intensas previstas por el fen\u00f3meno \u00abSuperni\u00f1o\u00bb. El plan se concentra en el encauzamiento de r\u00edos y el mantenimiento de defensas en zonas altas, adem\u00e1s de obras de drenaje y prevenci\u00f3n de inundaciones en Los Llanos. En paralelo, Vialidad Nacional inici\u00f3 un operativo propio en la Ruta Nacional 79, donde ejecut\u00f3 la recuperaci\u00f3n de una alcantarilla en el kil\u00f3metro 225 da\u00f1ada por socavaci\u00f3n, mediante gaviones, muros de contenci\u00f3n y material geotextil. Desde la Gobernaci\u00f3n remarcaron que el trabajo se desarrolla en articulaci\u00f3n permanente con los municipios, priorizando la infraestructura vial y urbana y la seguridad de las familias riojanas ante la temporada de mayor riesgo clim\u00e1tico.<\/p>\n\n\n\n<p class=\"wp-block-paragraph\"><strong>Comienza el primer rescate de Chachos destinado a comercios<\/strong> El Gobierno de La Rioja pondr\u00e1 en marcha desde el lunes 7 de septiembre el primer operativo de rescate de bonos Chachos exclusivo para comercios, con recepci\u00f3n hasta el jueves 10 y pago previsto para el 14 de septiembre. La recepci\u00f3n se har\u00e1 en dos oficinas de Capital (Santa Fe 576 y Copiap\u00f3 235) y en dependencias de la DGIP de Chilecito, Chamical, Aimogasta, Chepes y Villa Uni\u00f3n, todas de 10 a 17 horas, sin necesidad de trasladarse hasta la ciudad de La Rioja. El esquema no comprende operaciones de particulares. Desde el Centro Comercial e Industrial de La Rioja, su presidente Juan Keulyan destac\u00f3 que el 80% de los comercios de la provincia ya acepta los bonos como medio de pago, y que hay 1.422 comercios registrados en el esquema, incluyendo cadenas como Coca-Cola, La Seren\u00edsima, Arcor y estaciones de Refinor e YPF.<\/p>\n\n\n\n<h2 class=\"wp-block-heading\">SALUD<\/h2>\n\n\n\n<p class=\"wp-block-paragraph\"><strong>Garantizan tratamientos de hipertensi\u00f3n y diabetes entre CAPS y el Hospital Vera Barros<\/strong> El Ministerio de Salud de La Rioja, a trav\u00e9s de la Direcci\u00f3n de Enfermedades Cr\u00f3nicas No Transmisibles, puso en marcha una prueba piloto de referencia y contrarreferencia para personas con hipertensi\u00f3n y diabetes, que vincula al Hospital Enrique Vera Barros con seis CAPS del Nodo V de la Zona Sanitaria I (Faldeo del Velasco, Jos\u00e9 Simone, Benito Montoya, Benjam\u00edn Rinc\u00f3n, La Ca\u00f1ada y Ciudad Nueva). El objetivo es que un paciente atendido inicialmente en un CAPS pueda ser derivado al hospital cuando requiera estudios o mayor complejidad, y luego regrese a su centro de referencia para continuar el tratamiento. La directora de Enfermedades Cr\u00f3nicas, Marcela Tripolone, se\u00f1al\u00f3 que el 50% de la poblaci\u00f3n adulta mayor de 18 a\u00f1os en Argentina \u2014incluida La Rioja\u2014 es hipertensa. En paralelo, el Ministerio lanzar\u00e1 la capacitaci\u00f3n \u00abBuenas Pr\u00e1cticas de Salvaguarda Ambiental en la Atenci\u00f3n de Salud\u00bb para agentes de hospitales y CAPS.<\/p>\n\n\n\n<p class=\"wp-block-paragraph\"><strong>Mesa Interministerial de Salud Mental avanza en prevenci\u00f3n del suicidio<\/strong> El ministro de Salud de la Naci\u00f3n, Mario Lugones, y la ministra de Seguridad, Alejandra Monteoliva, encabezaron una nueva reuni\u00f3n de la Mesa Interministerial de Salud Mental para revisar avances en vigilancia, construcci\u00f3n de datos y prevenci\u00f3n de intentos de suicidio. Desde la firma en 2025 de un Convenio Marco entre ambos ministerios, se logr\u00f3 que en tres de los primeros seis meses de 2026 todas las jurisdicciones notificaran al Sistema Nacional de Vigilancia de Salud (SNVS 2.0), alcanzando el n\u00famero m\u00e1s alto de establecimientos notificadores (246). Tambi\u00e9n se avanz\u00f3 en la implementaci\u00f3n del Programa de Formaci\u00f3n de Promotores de la Salud Mental, orientado a capacitar a fuerzas federales y policiales provinciales en la detecci\u00f3n temprana de indicadores de riesgo y en la prevenci\u00f3n del estr\u00e9s postraum\u00e1tico en efectivos expuestos a hechos de violencia.<\/p>\n\n\n\n<h2 class=\"wp-block-heading\">EDUCACI\u00d3N<\/h2>\n\n\n\n<p class=\"wp-block-paragraph\"><strong>El Colegio JVG lleg\u00f3 a la final nacional de \u00abSue\u00f1os de Radio\u00bb<\/strong> Estudiantes del \u00faltimo a\u00f1o del Colegio Provincial N.\u00b0 1 \u00abJoaqu\u00edn V. Gonz\u00e1lez\u00bb quedaron entre los tres finalistas de la categor\u00eda Periodismo del certamen de comunicaci\u00f3n escolar organizado por Cadena 3 Argentina, que en 2026 reuni\u00f3 a m\u00e1s de 11.000 estudiantes de 400 colegios del pa\u00eds. Con la producci\u00f3n \u00abLa voz de los j\u00f3venes\u00bb, centrada en la identidad, las leyendas y el patrimonio tur\u00edstico riojano \u2014incluida la Reserva Provincial Laguna Brava\u2014, el equipo competir\u00e1 en la definici\u00f3n del 5 de octubre en C\u00f3rdoba junto a la EESOPI de San Lorenzo y la EESOPI de Gobernador Crespo, ambas de Santa Fe. El proyecto se enmarca en un convenio entre el Ministerio de Educaci\u00f3n de La Rioja y Cadena 3, y cont\u00f3 con el acompa\u00f1amiento de los docentes Olga Bustamante y Emmanuel Alexis P\u00e9rez. El establecimiento ganador recibir\u00e1 equipamiento digital completo para radio.<\/p>\n\n\n\n<p class=\"wp-block-paragraph\"><strong>Aumenta el valor de las Becas Manuel Belgrano<\/strong> El Ministerio de Capital Humano inform\u00f3 que el Programa Nacional de Becas Estrat\u00e9gicas Manuel Belgrano incrementar\u00e1 el valor de su cuota mensual a <strong>$187.495<\/strong>, un aumento del <strong>130%<\/strong> respecto del inicio de la convocatoria, con car\u00e1cter retroactivo a junio de <strong>2026<\/strong>; el ajuste y lo adeudado se pagar\u00e1n en la liquidaci\u00f3n de octubre. Las becas est\u00e1n dirigidas a estudiantes de universidades p\u00fablicas, nacionales y provinciales, que cursan carreras consideradas estrat\u00e9gicas para el desarrollo productivo del pa\u00eds: Energ\u00eda e Hidrocarburos, Miner\u00eda y Geociencias, Log\u00edstica e Infraestructura, Agroindustria y Biotecnolog\u00eda, Tecnolog\u00edas de la Informaci\u00f3n, Profesorados en \u00e1reas estrat\u00e9gicas, y Ciencias Exactas y Naturales. Tienen una duraci\u00f3n de <strong>12 meses<\/strong> y son renovables seg\u00fan requisitos acad\u00e9micos y socioecon\u00f3micos, con el objetivo de promover el ingreso, la continuidad y la graduaci\u00f3n en disciplinas centrales para el desarrollo econ\u00f3mico y social del pa\u00eds.<\/p>\n\n\n\n<h2 class=\"wp-block-heading\">CULTURA<\/h2>\n\n\n\n<p class=\"wp-block-paragraph\"><strong>La Biblioteca Popular Mariano Moreno festej\u00f3 140 a\u00f1os<\/strong> La Biblioteca Popular Mariano Moreno, la m\u00e1s antigua de La Rioja, celebr\u00f3 su aniversario 140 reconociendo a quienes colaboraron en su crecimiento a lo largo del tiempo. Fundada el 24 de agosto de 1886 por iniciativa de la comunidad riojana ante el impulso educativo del Colegio Nacional (1871) y la Escuela Normal (1884), naci\u00f3 como espacio independiente del \u00e1mbito escolar oficial para apoyar a los estudiantes. Su primera Comisi\u00f3n Directiva estuvo presidida por el profesor Flaviano de la Colina. Ubicada en el coraz\u00f3n de la Capital, hoy ofrece consultas bibliogr\u00e1ficas, uso de Internet, pr\u00e9stamos domiciliarios, servicio de Wi-Fi, pr\u00e9stamo de computadoras, talleres literarios para distintas edades, visitas guiadas para escuelas y edici\u00f3n de libros a trav\u00e9s de un fondo editorial propio, adem\u00e1s de funcionar como espacio habitual de conferencias, instalaciones art\u00edsticas y actividades pedag\u00f3gicas para la ciudad.<\/p>\n\n\n\n<p class=\"wp-block-paragraph\"><strong>Finaliz\u00f3 el proyecto de abordaje sobre la vida de Castro Barros<\/strong> Entre el 31 de marzo y el 1 de septiembre se desarroll\u00f3 un proyecto impulsado por el Museo Castro Barros, la Subsecretar\u00eda de Patrimonio Cultural y Museos y la Coordinaci\u00f3n de Letras, junto al Museo escolar de la Escuela N\u00b0 245 \u00abCastro Barros\u00bb. Dirigida por Agust\u00edn Nieto Rementer\u00eda, la iniciativa busc\u00f3 profundizar en la figura del pr\u00f3cer de la independencia, su actuaci\u00f3n pol\u00edtica y religiosa, y el legado de sus escritos hasta la Declaraci\u00f3n de la Independencia. El ciclo cont\u00f3 con expositores como Juan Pablo Vergara, Luc\u00eda C\u00e1ceres, V\u00edctor Robledo, Franco Frogel y Pedro Goyochea. A partir de esos encuentros, los docentes elaboraron talleres, juegos, investigaciones y producciones literarias, y en el cierre los alumnos de 1\u00b0, 2\u00b0 y 3\u00b0 ciclo expusieron sus trabajos mediante videos, teatralizaciones y herramientas tecnol\u00f3gicas.<\/p>\n\n\n\n<p class=\"wp-block-paragraph\"><strong>La Rioja integr\u00f3 el jurado del Sal\u00f3n de Artesan\u00edas \u00abCelestina Currumil\u00bb en Chubut<\/strong> En el marco del 8\u00b0 Sal\u00f3n Provincial de Artesan\u00edas \u00abCelestina Currumil\u00bb 2026, de Chubut, La Rioja particip\u00f3 desde el Mercado Artesanal en la conformaci\u00f3n del jurado, a trav\u00e9s de su directora Mar\u00eda Maza, junto a artesanos de Chubut y otras provincias. Se evaluaron <strong>58 <\/strong>piezas en textil, cer\u00e1mica, cuero y metal, destacadas por su destreza t\u00e9cnica y valor cultural; las obras premiadas se incorporar\u00e1n al patrimonio de Chubut. La inauguraci\u00f3n est\u00e1 prevista para el 29 de septiembre, con muestra abierta hasta el <strong>29 <\/strong>de octubre. Adem\u00e1s, se inform\u00f3 sobre el Mercado Artesanal de La Rioja, organismo estatal de la Secretar\u00eda de Culturas, Ministerio de Turismo y Culturas, creado por Ley Provincial N\u00b0 3.256 en 1973, que re\u00fane creaciones de artesanos de toda la provincia elaboradas con t\u00e9cnicas tradicionales.<\/p>\n\n\n\n<p class=\"wp-block-paragraph\"><strong>Acto oficial por el D\u00eda del Inmigrante<\/strong> Este viernes a las 11.00 se realiza el acto oficial por el D\u00eda del Inmigrante en la Delegaci\u00f3n La Rioja de Migraciones (Avenida Rivadavia 790). La fecha fue establecida por el Poder Ejecutivo Nacional en <strong>1949 <\/strong>en conmemoraci\u00f3n a la disposici\u00f3n dictada por el Primer Triunvirato en 1812, que buscaba fomentar la inmigraci\u00f3n y proteger a quienes quisieran radicarse en el pa\u00eds. La llegada de inmigrantes respondi\u00f3 a patrones mundiales de flujos poblacionales; la mayor\u00eda provino de Europa, con predominio de italianos y espa\u00f1oles, aunque tambi\u00e9n llegaron suizos, franceses, ingleses y alemanes. Se destaca el Primer Censo Nacional, verificado los d\u00edas 15, 16 y 17 de septiembre de 1869, como uno de los registros hist\u00f3ricos de este proceso migratorio que marc\u00f3 la conformaci\u00f3n demogr\u00e1fica del pa\u00eds.<\/p>\n\n\n\n<h2 class=\"wp-block-heading\">INTERIOR<\/h2>\n\n\n\n<p class=\"wp-block-paragraph\"><strong>Nonogasta celebr\u00f3 su 395\u00b0 aniversario con entregas e inauguraciones<\/strong> La vicegobernadora Teresita Madera, el intendente Rodrigo Brizuela y Doria y el senador Fernando Rejal encabezaron los actos por el 395\u00b0 aniversario de Nonogasta, en la Plaza Estaci\u00f3n, en el marco de la fecha que recuerda la fundaci\u00f3n de la localidad cada 2 de septiembre. Durante la jornada se entregaron insumos y equipamiento a instituciones: una impresora y una heladera para la Delegaci\u00f3n Municipal, una heladera y un termotanque para la Comisar\u00eda y el Club Joaqu\u00edn V. Gonz\u00e1lez, 50 l\u00e1mparas para distintos espacios, $800.000 para agentes sanitarios, semillas y plantas para espacios verdes, y \u00f3rdenes de compra por $30 millones para 22 familias, entre otros aportes. Se destac\u00f3 adem\u00e1s la entrega formal al Club Uni\u00f3n de Nonogasta de la titularidad del predio donde funciona, tras un proceso de expropiaci\u00f3n impulsado por el Gobierno Municipal, y un reconocimiento al cuerpo de Bomberos Voluntarios locales.<\/p>\n\n\n\n<p class=\"wp-block-paragraph\"><strong>Hubo colaci\u00f3n del ISFD \u00abRosario Vera Pe\u00f1aloza\u00bb en Vinchina<\/strong> En un acto cargado de emoci\u00f3n, 17 estudiantes egresaron de la carrera de Profesorado de Educaci\u00f3n Inicial, y otros 78 docentes de Nivel Inicial de distintos puntos de la provincia recibieron certificaciones por el post\u00edtulo \u00abLa ense\u00f1anza en la educaci\u00f3n inicial: nuevas pr\u00e1cticas, nuevos desaf\u00edos\u00bb. La ceremonia cont\u00f3 con la presencia de la intendenta Laura Carrizo, la diputada provincial Yuliana L\u00f3pez, la directora del Instituto Rita Corzo y el supervisor de la Zona VI de Nivel Medio y Superior, Gustavo Daniel D\u00edaz, junto a autoridades municipales, concejales y familiares. Se destac\u00f3 el compromiso de quienes eligieron la docencia como camino de vida y se puso en valor la formaci\u00f3n continua como herramienta para afrontar los desaf\u00edos actuales de la ense\u00f1anza, en una jornada de fuerte significado para las nuevas profesionales y sus familias.<\/p>\n\n\n\n<p class=\"wp-block-paragraph\"><strong>INTA acompa\u00f1a un proyecto energ\u00e9tico en Jag\u00fc\u00e9<\/strong> Representantes de la subsecretar\u00eda de Energ\u00eda provincial y ejecutores del proyecto \u00abAmpliaci\u00f3n de la Red de Transporte de Energ\u00eda El\u00e9ctrica Extra Alta Tensi\u00f3n 500 kV \u2013 La Rioja Sur \u2013 Alto Jag\u00fc\u00e9\u00bb se reunieron con referentes de INTA para solicitar cooperaci\u00f3n t\u00e9cnica e informaci\u00f3n espec\u00edfica necesaria para el desarrollo del proyecto. Durante el encuentro se plantearon los requerimientos vinculados al \u00e1rea de intervenci\u00f3n, a fin de contar con antecedentes y datos t\u00e9cnicos para avanzar en las distintas etapas de la obra. Desde INTA se manifest\u00f3 la disposici\u00f3n para articular y brindar cooperaci\u00f3n t\u00e9cnica en el marco de sus capacidades institucionales. El proyecto forma parte de las obras de infraestructura energ\u00e9tica que buscan fortalecer el sistema de transporte el\u00e9ctrico en el sur provincial y la zona de Alto Jag\u00fc\u00e9, en el departamento General Lamadrid.<\/p>\n\n\n\n<p class=\"wp-block-paragraph\"><strong>Generan conciencia ambiental en los FES de Chamical<\/strong> En el marco del D\u00eda del \u00c1rbol, la Secretar\u00eda de Ambiente comparti\u00f3 una jornada did\u00e1ctica con estudiantes de los FES de Chamical, donde se abord\u00f3 la biolog\u00eda de los \u00e1rboles y su rol clave para la vida en el planeta. Se rindi\u00f3 adem\u00e1s un homenaje especial al algarrobo, descripto como \u00abel rey del monte riojano\u00bb, explorando sus t\u00e9cnicas de siembra y productos derivados de sus frutos, como el tradicional patay y la harina de algarroba. Como cierre de la conmemoraci\u00f3n, se plantaron dos ejemplares de esta especie nativa en la plazoleta del Barrio Residencial, dejando una marca verde para las futuras generaciones. Desde la organizaci\u00f3n agradecieron el compromiso y entusiasmo de alumnos y profesores de los FES por sumarse a la iniciativa ambiental.<\/p>\n\n\n\n<h2 class=\"wp-block-heading\">DEPORTES<\/h2>\n\n\n\n<p class=\"wp-block-paragraph\"><strong>Defensores de la Boca es el primer finalista de la Liga Riojana<\/strong> Defensores de la Boca se impuso 2 a 0 ante San Francisco en el estadio Carlos Augusto Mercado Luna, con goles de Josu\u00e9 Vargas a los 39&#8242; del primer tiempo y de Blas Marino a los 50&#8242; del complemento, cerrando la serie de semifinales (en la ida hab\u00edan empatado sin goles). El \u00abBoquense\u00bb tuvo la iniciativa durante gran parte del encuentro y ahora espera al ganador de la serie entre San Vicente y Estudiantes, que se define este viernes en el mismo estadio con arbitraje de Nicol\u00e1s Cabrera. Estudiantes, ganador de la fase regular e invicto en el certamen, necesita solo un empate tras su triunfo 1-0 en la ida; San Vicente, actual campe\u00f3n, debe ganar por un gol para forzar penales o por m\u00e1s para clasificar directamente a la Gran Final 2026.<\/p>\n\n\n\n<p class=\"wp-block-paragraph\"><strong>Leonel Pacheco se despide del boxeo amateur en Catamarca<\/strong> El riojano de 22 a\u00f1os Leonel Pacheco disputar\u00e1 este viernes su \u00faltima funci\u00f3n como boxeador amateur, antes de continuar su carrera como profesional, licencia que posee desde el 1 de abril. Con un historial de 55 peleas (48 triunfos y 7 derrotas), enfrentar\u00e1 al bonaerense Fabricio D\u00edaz en la categor\u00eda hasta 69 kg, en el Club Obreros de San Isidro, Valle Viejo, dentro del evento \u00abGuerra Chacarera 4\u00bb, organizado por la promotora \u00abPrimer Round\u00bb y fiscalizado por la Federaci\u00f3n Catamarque\u00f1a de Boxeo. Con este combate, Pacheco buscar\u00e1 cerrar una etapa de su carrera amateur para comenzar a planificar su debut en el terreno rentado, en un combate que representa un hito personal tras varios a\u00f1os de trayectoria en el boxeo amateur riojano.<\/p>\n\n\n\n<p class=\"wp-block-paragraph\"><strong>Riojano venci\u00f3 a Banco Rioja en el suplementario del Provincial de Clubes<\/strong> En la segunda fecha del Torneo Provincial de Clubes de b\u00e1squetbol, organizado por la Federaci\u00f3n Riojana, el local Atl\u00e9tico Riojano derrot\u00f3 a Banco Rioja por 94 a 89, tras un ajustado tiempo extra que gan\u00f3 14-9. El partido, cambiante y equilibrado, hab\u00eda llegado igualado en 80 al cabo del tiempo reglamentario, con parciales de 16-10, 19-28, 25-23 y 20-19. Con este resultado, el \u00abDecano\u00bb logr\u00f3 su segunda victoria consecutiva, tras haber ganado tambi\u00e9n en su debut como visitante ante Newell&#8217;s de Chilecito por 111 a 93. La segunda fecha continuar\u00e1 este viernes con Newell&#8217;s-Alianza Ama-Ach y Chamical B\u00e1squet-Riachuelo en el interior, mientras que Independiente-Facundo se disputa el jueves y Uni\u00f3n tiene fecha libre.<\/p>\n\n\n\n<p class=\"wp-block-paragraph\"><strong>Doble jornada ag\u00f3nica en el b\u00e1squet de Chilecito<\/strong> En el Templo Celeste de Atl\u00e9tico se disput\u00f3 la sexta fecha del Torneo Apertura chilecite\u00f1o con doble jornada. En el primer partido, el l\u00edder e invicto La Vieja Escuela (RO) venci\u00f3 a Famatina B\u00e1sket por 97 a 64, manteniendo su racha triunfal en la cima de la tabla. En el segundo juego, el cl\u00e1sico entre Atl\u00e9tico Chilecito y Newell&#8217;s Old Boys termin\u00f3 empatado en 75 tras el tiempo reglamentario, defini\u00e9ndose en un suplementario que gan\u00f3 el local por 18-13, cerrando el encuentro 93 a 88 a favor del \u00abCeleste\u00bb de manera ag\u00f3nica, en un partido parejo con errores y aciertos de ambos equipos, que mantuvo la expectativa hasta los \u00faltimos minutos de juego.<\/p>\n\n\n\n<p class=\"wp-block-paragraph\"><strong>Juan Bautista Leo debut\u00f3 en la Primera de Boca Juniors en handball<\/strong> El aimogaste\u00f1o de 17 a\u00f1os Juan Bautista Leo, quien se traslad\u00f3 a Buenos Aires hace dos a\u00f1os para sumarse a las inferiores de Boca Juniors, hizo su debut en Primera Divisi\u00f3n en la disciplina handball, anotando tres goles en la victoria 23-22 ante San Telmo por la segunda fecha del Torneo Clausura de la Liga de Honor Plata (FEMEBAL). Convocado en su momento por el entrenador riojano Marcos Barrera, es el primer jugador que Barrera lleva a debutar en Primera desde que integra el cuerpo t\u00e9cnico del Xeneize, en febrero de 2024. Leo tambi\u00e9n marc\u00f3 cuatro goles en la victoria por 33-22 ante CIDECO y anot\u00f3 en la derrota 30-35 ante AFALP. Boca Juniors marcha tercero con 9 puntos, a tres del l\u00edder Ferrocarril Oeste B.<\/p>\n\n\n\n<p class=\"wp-block-paragraph\"><strong>Camila Aguirre Ramos avanz\u00f3 a semifinales en Chile<\/strong> La <strong>tenista <\/strong>riojana Camila Aguirre Ramos contin\u00faa con buenos resultados en Santiago de Chile, donde disputa sus primeros torneos en la categor\u00eda Sub-16 \u2014a la que se sumar\u00e1 reci\u00e9n en 2027\u2014 dentro del Torneo Internacional de Tenis Junior UC, certamen Grado 2 de la gira COSAT. En cuartos de final de singles venci\u00f3 con contundencia 6\/2 y 6\/2 a la local Agustina Concha, avanzando a semifinales, donde enfrentar\u00e1 a la chilena Emilia Aspillaga; de ganar, jugar\u00eda la final ante Elisa Mar\u00eda Zurob Frisk o Trinidad Guti\u00e9rrez Monroy. En dobles, junto a la venezolana Antonella Victoria Dellan Arismendi, disputar\u00e1 las semifinales ante la dupla formada por Agustina Concha y Trinidad Guti\u00e9rrez Monroy.<\/p>\n\n\n\n<p class=\"wp-block-paragraph\"><strong>Los seleccionados riojanos participaron del Nacional de V\u00f3leibol Sub-14<\/strong> El Campeonato Nacional de <strong>V\u00f3leibol <\/strong>Sub-14 se disput\u00f3 la semana pasada en Resistencia, Chaco, con la participaci\u00f3n de los seleccionados riojanos de ambas ramas. En la rama masculina, el combinado de la Federaci\u00f3n Riojana (Frivo) termin\u00f3 en la vig\u00e9sima posici\u00f3n entre los 22 seleccionados participantes; el t\u00edtulo fue para Santa Fe, que venci\u00f3 en la final a Buenos Aires. En la rama femenina, La Rioja qued\u00f3 en el puesto 19\u00b0, mientras que Buenos Aires se consagr\u00f3 campe\u00f3n tras imponerse en la final a Chaco. Ambos seleccionados riojanos sumaron experiencia de cara a futuras competencias nacionales de la categor\u00eda, en un certamen que reuni\u00f3 a representaciones de todo el pa\u00eds en la ciudad chaque\u00f1a.<\/p>\n\n\n\n<p class=\"wp-block-paragraph\"><strong>Torneo de Velocidad Corta en el Poli Per\u00f3n<\/strong> La Federaci\u00f3n Riojana de <strong>Atletismo <\/strong>organiz\u00f3 en el Polideportivo Juan Domingo Per\u00f3n el Torneo de Velocidad Corta, evaluativo de cara a las pr\u00f3ximas competencias nacionales. En los 100 metros llanos categor\u00eda Libre masculina, Diego Sotelo gan\u00f3 con 10.95, escoltado por Gonzalo Vieyra y Juli\u00e1n D\u00edaz. En la rama femenina de la misma prueba, se impuso Paula C\u00f3rdoba con 13.50, seguida por Geraldine Romero y Lourdes Belizan. Hubo adem\u00e1s pruebas en categor\u00edas U16 y U18: en 80 metros U16 damas gan\u00f3 Maylen Ojeda, y en 100 metros U18 se destacaron Lucas Flores y Francisco Abdul. La jornada sirvi\u00f3 como term\u00f3metro del nivel de los atletas riojanos antes de las definiciones nacionales en las distintas categor\u00edas de la disciplina.<\/p>\n\n\n\n<h2 class=\"wp-block-heading\">POLICIALES \/ JUDICIALES<\/h2>\n\n\n\n<p class=\"wp-block-paragraph\"><strong>Condenaron a 4 a\u00f1os de prisi\u00f3n a conductor que atropell\u00f3 y mat\u00f3 a una mujer<\/strong> La C\u00e1mara Tercera en lo Criminal y Correccional, presidida por la jueza Edith Ag\u00fcero, conden\u00f3 a Mario Carlos Toledo a 4 a\u00f1os de prisi\u00f3n efectiva y 10 de inhabilitaci\u00f3n para conducir, por Homicidio Culposo Agravado. El hecho ocurri\u00f3 el 18 de noviembre de 2020 en avenida San Nicol\u00e1s de Bari Este y calle Reyes Magos: Toledo circulaba con una camioneta que transportaba perfiles met\u00e1licos de 12,10 metros que sobresal\u00edan del veh\u00edculo; al girar hacia Reyes Magos, una motociclista, Roc\u00edo del Valle Vega Rivadero, impact\u00f3 con su casco contra los perfiles salientes, sufriendo traumatismos craneoencef\u00e1licos y raqu\u00eddeos que le provocaron la muerte. El Tribunal dispuso adem\u00e1s la prohibici\u00f3n cautelar de conducir y un tratamiento psicol\u00f3gico obligatorio para el condenado hasta que la sentencia quede firme.<\/p>\n\n\n\n<p class=\"wp-block-paragraph\"><strong>Comenz\u00f3 juicio por un siniestro vial que dej\u00f3 graves secuelas en la v\u00edctima<\/strong> La C\u00e1mara Tercera en lo Criminal y Correccional, con la jueza Edith Ag\u00fcero, inici\u00f3 el juicio unipersonal contra Edwin F. R., acusado de Lesiones Culposas Agravadas por la fuga del conductor, por un hecho de noviembre de 2022. En la primera audiencia declararon la v\u00edctima y tres efectivos policiales. La v\u00edctima relat\u00f3 que circulaba en moto cuando fue impactada desde atr\u00e1s por una camioneta que se desplazaba a alta velocidad, sufriendo lesiones graves que requirieron una prolongada internaci\u00f3n y le dejaron secuelas permanentes; indic\u00f3 que el imputado nunca se comunic\u00f3 para conocer su estado de salud. Los efectivos policiales aportaron informaci\u00f3n sobre la escena, la preservaci\u00f3n del lugar y las pericias realizadas, elementos incorporados como prueba en el proceso.<\/p>\n\n\n\n<p class=\"wp-block-paragraph\"><strong>Olta: muri\u00f3 un ni\u00f1o de 3 a\u00f1os tras ser atropellado<\/strong> Una profunda conmoci\u00f3n sacude a la localidad de La Huerta, departamento General Ocampo, tras la muerte de un ni\u00f1o de 3 a\u00f1os, de apellido Oros, embestido por una camioneta conducida por un hombre de apellido Mercado. Seg\u00fan las primeras versiones, el conductor no se habr\u00eda percatado de lo sucedido y continu\u00f3 su marcha hacia Chamical, donde luego fue localizado y sostuvo no haber visto al menor. El ni\u00f1o fue hallado gravemente herido sobre la calzada y trasladado de urgencia a un centro de salud, pero falleci\u00f3 por la gravedad de las lesiones pese a los esfuerzos m\u00e9dicos. Efectivos de la Comisar\u00eda Distrito Olta trabajan en el lugar para recolectar pruebas y esclarecer la mec\u00e1nica exacta del siniestro, mientras el conductor contin\u00faa a disposici\u00f3n de la Justicia.<\/p>\n\n\n\n<p class=\"wp-block-paragraph\"><strong>Detienen a limpiavidrios acusado de saquear una verduler\u00eda<\/strong> Un joven de 18 a\u00f1os fue arrestado en la intersecci\u00f3n de avenidas 1\u00b0 de Marzo y Malvinas Argentinas, se\u00f1alado como presunto autor de reiterados robos a un comercio de la zona. El procedimiento se concret\u00f3 tras una investigaci\u00f3n basada en c\u00e1maras de seguridad que permitieron identificarlo; el sospechoso se desempe\u00f1aba como limpiavidrios en esa esquina, actividad que aprovechaba para ingresar clandestinamente al local. Seg\u00fan la denuncia del propietario, el robo m\u00e1s reciente fue la semana pasada, cuando sustrajeron dos balanzas comerciales, un parlante y varias garrafas, con un perjuicio estimado en 800 mil pesos. Al ser interceptado, el joven ofreci\u00f3 resistencia alegando haber ingerido una sustancia peligrosa, por lo que fue trasladado con custodia preventiva al hospital; cuenta con antecedentes penales por delitos similares desde su minor\u00eda de edad.<\/p>\n\n\n\n<p class=\"wp-block-paragraph\"><strong>Patrullero sin freno de mano derrib\u00f3 un sem\u00e1foro en Avenida 1\u00b0 de Marzo<\/strong> Alrededor de la 1:00 de la madrugada del jueves, un m\u00f3vil policial derrib\u00f3 por completo una estructura semaf\u00f3rica en la intersecci\u00f3n de Avenida 1\u00b0 de Marzo y Chacho Pe\u00f1aloza tras una falla mec\u00e1nica: al descender los efectivos y accionar el freno de mano, el mecanismo cedi\u00f3 y el veh\u00edculo se desplaz\u00f3 solo en pendiente hasta impactar contra la columna del sem\u00e1foro, con da\u00f1os importantes en capot y paragolpes. El test de alcoholemia al conductor dio negativo (0,0 g\/l). En un hecho aparte, el mi\u00e9rcoles por la tarde una motociclista de 56 a\u00f1os, Noem\u00ed Fern\u00e1ndez, sufri\u00f3 una fuerte ca\u00edda en calle Jorge Luis Borges y Virgen de Guadalupe con una Honda Storm 125cc; fue asistida por Bomberos Voluntarios y personal del DEM 107, con traumatismo en su miembro inferior izquierdo y escoriaciones, sin gravedad cr\u00edtica.<\/p>\n","protected":false},"excerpt":{"rendered":"<p>NACIONAL \/ POL\u00cdTICA Milei impulsa sanciones para empresas que operen en Malvinas El presidente Javier Milei habl\u00f3 este jueves en cadena nacional sobre la Cuesti\u00f3n Malvinas y anunci\u00f3 el endurecimiento de las medidas contra la explotaci\u00f3n petrolera unilateral en las islas, as\u00ed como sanciones \u2014penales y administrativas\u2014 a las empresas que presten servicios a quienes [&hellip;]<\/p>\n","protected":false},"author":2,"featured_media":97565,"comment_status":"open","ping_status":"open","sticky":false,"template":"","format":"standard","meta":{"tdm_status":"","tdm_grid_status":"","footnotes":""},"categories":[12],"tags":[],"class_list":["post-97564","post","type-post","status-publish","format-standard","has-post-thumbnail","category-local"],"featured_image_urls":{"full":["https:\/\/radiolarioja.com.ar\/rlr\/wp-content\/uploads\/2026\/09\/ChatGPT-Image-4-sept-2026-09_07_46.png",1254,1254,false],"thumbnail":["https:\/\/radiolarioja.com.ar\/rlr\/wp-content\/uploads\/2026\/09\/ChatGPT-Image-4-sept-2026-09_07_46-150x150.png",150,150,true],"medium":["https:\/\/radiolarioja.com.ar\/rlr\/wp-content\/uploads\/2026\/09\/ChatGPT-Image-4-sept-2026-09_07_46-300x300.png",300,300,true],"medium_large":["https:\/\/radiolarioja.com.ar\/rlr\/wp-content\/uploads\/2026\/09\/ChatGPT-Image-4-sept-2026-09_07_46-768x768.png",696,696,true],"large":["https:\/\/radiolarioja.com.ar\/rlr\/wp-content\/uploads\/2026\/09\/ChatGPT-Image-4-sept-2026-09_07_46-1024x1024.png",696,696,true],"1536x1536":["https:\/\/radiolarioja.com.ar\/rlr\/wp-content\/uploads\/2026\/09\/ChatGPT-Image-4-sept-2026-09_07_46.png",1254,1254,false],"2048x2048":["https:\/\/radiolarioja.com.ar\/rlr\/wp-content\/uploads\/2026\/09\/ChatGPT-Image-4-sept-2026-09_07_46.png",1254,1254,false],"td_218x150":["https:\/\/radiolarioja.com.ar\/rlr\/wp-content\/uploads\/2026\/09\/ChatGPT-Image-4-sept-2026-09_07_46-150x150-1.png",150,150,true],"td_324x400":["https:\/\/radiolarioja.com.ar\/rlr\/wp-content\/uploads\/2026\/09\/ChatGPT-Image-4-sept-2026-09_07_46-324x324.png",324,324,true],"td_485x360":["https:\/\/radiolarioja.com.ar\/rlr\/wp-content\/uploads\/2026\/09\/ChatGPT-Image-4-sept-2026-09_07_46-360x360.png",360,360,true],"td_696x0":["https:\/\/radiolarioja.com.ar\/rlr\/wp-content\/uploads\/2026\/09\/ChatGPT-Image-4-sept-2026-09_07_46-696x696.png",696,696,true],"td_1068x0":["https:\/\/radiolarioja.com.ar\/rlr\/wp-content\/uploads\/2026\/09\/ChatGPT-Image-4-sept-2026-09_07_46-1068x1068.png",1068,1068,true],"td_1920x0":["https:\/\/radiolarioja.com.ar\/rlr\/wp-content\/uploads\/2026\/09\/ChatGPT-Image-4-sept-2026-09_07_46.png",1254,1254,false],"td_0x420":["https:\/\/radiolarioja.com.ar\/rlr\/wp-content\/uploads\/2026\/09\/ChatGPT-Image-4-sept-2026-09_07_46.png",420,420,false],"td_80x60":["https:\/\/radiolarioja.com.ar\/rlr\/wp-content\/uploads\/2026\/09\/ChatGPT-Image-4-sept-2026-09_07_46-60x60.png",60,60,true],"td_100x70":["https:\/\/radiolarioja.com.ar\/rlr\/wp-content\/uploads\/2026\/09\/ChatGPT-Image-4-sept-2026-09_07_46-70x70.png",70,70,true],"td_265x198":["https:\/\/radiolarioja.com.ar\/rlr\/wp-content\/uploads\/2026\/09\/ChatGPT-Image-4-sept-2026-09_07_46-198x198.png",198,198,true],"td_324x160":["https:\/\/radiolarioja.com.ar\/rlr\/wp-content\/uploads\/2026\/09\/ChatGPT-Image-4-sept-2026-09_07_46-160x160.png",160,160,true],"td_324x235":["https:\/\/radiolarioja.com.ar\/rlr\/wp-content\/uploads\/2026\/09\/ChatGPT-Image-4-sept-2026-09_07_46-235x235.png",235,235,true],"td_356x220":["https:\/\/radiolarioja.com.ar\/rlr\/wp-content\/uploads\/2026\/09\/ChatGPT-Image-4-sept-2026-09_07_46-220x220.png",220,220,true],"td_356x364":["https:\/\/radiolarioja.com.ar\/rlr\/wp-content\/uploads\/2026\/09\/ChatGPT-Image-4-sept-2026-09_07_46-356x356.png",356,356,true],"td_533x261":["https:\/\/radiolarioja.com.ar\/rlr\/wp-content\/uploads\/2026\/09\/ChatGPT-Image-4-sept-2026-09_07_46-261x261.png",261,261,true],"td_534x462":["https:\/\/radiolarioja.com.ar\/rlr\/wp-content\/uploads\/2026\/09\/ChatGPT-Image-4-sept-2026-09_07_46-462x462.png",462,462,true],"td_696x385":["https:\/\/radiolarioja.com.ar\/rlr\/wp-content\/uploads\/2026\/09\/ChatGPT-Image-4-sept-2026-09_07_46-385x385.png",385,385,true],"td_741x486":["https:\/\/radiolarioja.com.ar\/rlr\/wp-content\/uploads\/2026\/09\/ChatGPT-Image-4-sept-2026-09_07_46-486x486.png",486,486,true],"td_1068x580":["https:\/\/radiolarioja.com.ar\/rlr\/wp-content\/uploads\/2026\/09\/ChatGPT-Image-4-sept-2026-09_07_46-580x580.png",580,580,true]},"author_info":{"info":["RadioLaRioja"]},"category_info":"<a href=\"https:\/\/radiolarioja.com.ar\/rlr\/category\/local\/\" rel=\"category tag\">Local<\/a>","tag_info":"Local","comment_count":"0","_links":{"self":[{"href":"https:\/\/radiolarioja.com.ar\/rlr\/wp-json\/wp\/v2\/posts\/97564","targetHints":{"allow":["GET"]}}],"collection":[{"href":"https:\/\/radiolarioja.com.ar\/rlr\/wp-json\/wp\/v2\/posts"}],"about":[{"href":"https:\/\/radiolarioja.com.ar\/rlr\/wp-json\/wp\/v2\/types\/post"}],"author":[{"embeddable":true,"href":"https:\/\/radiolarioja.com.ar\/rlr\/wp-json\/wp\/v2\/users\/2"}],"replies":[{"embeddable":true,"href":"https:\/\/radiolarioja.com.ar\/rlr\/wp-json\/wp\/v2\/comments?post=97564"}],"version-history":[{"count":2,"href":"https:\/\/radiolarioja.com.ar\/rlr\/wp-json\/wp\/v2\/posts\/97564\/revisions"}],"predecessor-version":[{"id":97568,"href":"https:\/\/radiolarioja.com.ar\/rlr\/wp-json\/wp\/v2\/posts\/97564\/revisions\/97568"}],"wp:featuredmedia":[{"embeddable":true,"href":"https:\/\/radiolarioja.com.ar\/rlr\/wp-json\/wp\/v2\/media\/97565"}],"wp:attachment":[{"href":"https:\/\/radiolarioja.com.ar\/rlr\/wp-json\/wp\/v2\/media?parent=97564"}],"wp:term":[{"taxonomy":"category","embeddable":true,"href":"https:\/\/radiolarioja.com.ar\/rlr\/wp-json\/wp\/v2\/categories?post=97564"},{"taxonomy":"post_tag","embeddable":true,"href":"https:\/\/radiolarioja.com.ar\/rlr\/wp-json\/wp\/v2\/tags?post=97564"}],"curies":[{"name":"wp","href":"https:\/\/api.w.org\/{rel}","templated":true}]}}