{"id":97561,"date":"2026-09-03T20:11:51","date_gmt":"2026-09-03T23:11:51","guid":{"rendered":"https:\/\/radiolarioja.com.ar\/rlr\/?p=97561"},"modified":"2026-09-03T20:11:53","modified_gmt":"2026-09-03T23:11:53","slug":"de-los-datos-a-la-inteligencia-preparate-para-el-nuevo-desafio-digital","status":"publish","type":"post","link":"https:\/\/radiolarioja.com.ar\/rlr\/de-los-datos-a-la-inteligencia-preparate-para-el-nuevo-desafio-digital\/","title":{"rendered":"De los datos a la inteligencia: preparate para el nuevo desaf\u00edo digital"},"content":{"rendered":"\n<p class=\"wp-block-paragraph\">La tecnolog\u00eda est\u00e1 transformando la manera de ense\u00f1ar, evaluar, organizar informaci\u00f3n y acompa\u00f1ar los procesos educativos. \u00bfEst\u00e1s preparado\/a para aprovechar todo su potencial?<\/p>\n\n\n\n<p class=\"wp-block-paragraph\">UTN La Rioja, junto a la Secretar\u00eda de Culturas, presenta el Trayecto de Fortalecimiento en Cultura Digital Docente: \u201cDel dato a la inteligencia pedag\u00f3gica\u201d, una propuesta de formaci\u00f3n pr\u00e1ctica, aplicada y pensada para quienes quieren potenciar sus habilidades digitales y llevarlas a su actividad profesional.<\/p>\n\n\n\n<p class=\"wp-block-paragraph\">A lo largo de 4 encuentros pr\u00e1cticos vas a aprender a utilizar herramientas de Inteligencia Artificial y automatizaci\u00f3n para transformar tareas concretas:<\/p>\n\n\n\n<ul class=\"wp-block-list\">\n<li class=\"\">\u00bfTu planilla tiene cerebro?<\/li>\n<\/ul>\n\n\n\n<p class=\"wp-block-paragraph\">Google Sheets + Apps Script + Autocrat para automatizar procesos, gestionar datos y generar documentos.<\/p>\n\n\n\n<ul class=\"wp-block-list\">\n<li class=\"\">R\u00fabricas interactivas y evaluaci\u00f3n formativa<\/li>\n<\/ul>\n\n\n\n<p class=\"wp-block-paragraph\">IA + estructuras HTML para crear instrumentos interactivos de evaluaci\u00f3n.<\/p>\n\n\n\n<ul class=\"wp-block-list\">\n<li class=\"\">Eficiencia pedag\u00f3gica y automatizaci\u00f3n: tu biblioteca te habla<\/li>\n<\/ul>\n\n\n\n<p class=\"wp-block-paragraph\">Gemini Notebook + IA para analizar, organizar y transformar fuentes y contenidos.<\/p>\n\n\n\n<ul class=\"wp-block-list\">\n<li class=\"\">El asistente personalizado: tu propia tutor\u00eda 24\/7<\/li>\n<\/ul>\n\n\n\n<p class=\"wp-block-paragraph\">IA generativa + asistentes personalizados para dise\u00f1ar herramientas inteligentes de consulta, acompa\u00f1amiento y gesti\u00f3n.<\/p>\n\n\n\n<p class=\"wp-block-paragraph\">Y hay algo m\u00e1s: al finalizar recibir\u00e1s certificaci\u00f3n de la Universidad Tecnol\u00f3gica Nacional.<\/p>\n\n\n\n<p class=\"wp-block-paragraph\">El formulario para participar est\u00e1 disponible en&nbsp;<a href=\"https:\/\/culturalarioja.gob.ar\/de-los-datos-a-la-inteligencia-preparate-para-el-nuevo-desafio-digital\/\" target=\"_blank\" rel=\"noopener\">culturalarioja.gob.ar<\/a><\/p>\n\n\n\n<p class=\"wp-block-paragraph\">La formaci\u00f3n estar\u00e1 a cargo de la Mgtr. Lucrecia Chiecher y est\u00e1 dirigida a licenciados\/as en Tecnolog\u00eda Educativa, docentes de nivel superior, profesionales afines e integrantes de equipos t\u00e9cnicos y administrativos, adem\u00e1s de p\u00fablico interesado.<\/p>\n\n\n\n<p class=\"wp-block-paragraph\">-Inicio del trayecto: 9 de septiembre.<\/p>\n\n\n\n<p class=\"wp-block-paragraph\">-Modalidad: 4 encuentros pr\u00e1cticos virtuales, cada 15 d\u00edas.<\/p>\n\n\n\n<p class=\"wp-block-paragraph\">Una formaci\u00f3n pensada para aprender haciendo, incorporar herramientas concretas y transformar la tecnolog\u00eda en soluciones aplicables a tu trabajo.<\/p>\n\n\n\n<p class=\"wp-block-paragraph\">No se trata solamente de conocer la Inteligencia Artificial. Se trata de aprender a usarla para trabajar mejor, ense\u00f1ar mejor y tomar mejores decisiones.<\/p>\n","protected":false},"excerpt":{"rendered":"<p>La tecnolog\u00eda est\u00e1 transformando la manera de ense\u00f1ar, evaluar, organizar informaci\u00f3n y acompa\u00f1ar los procesos educativos. \u00bfEst\u00e1s preparado\/a para aprovechar todo su potencial? UTN La Rioja, junto a la Secretar\u00eda de Culturas, presenta el Trayecto de Fortalecimiento en Cultura Digital Docente: \u201cDel dato a la inteligencia pedag\u00f3gica\u201d, una propuesta de formaci\u00f3n pr\u00e1ctica, aplicada y pensada [&hellip;]<\/p>\n","protected":false},"author":2,"featured_media":97562,"comment_status":"open","ping_status":"open","sticky":false,"template":"","format":"standard","meta":{"tdm_status":"","tdm_grid_status":"","footnotes":""},"categories":[12],"tags":[],"class_list":["post-97561","post","type-post","status-publish","format-standard","has-post-thumbnail","category-local"],"featured_image_urls":{"full":["https:\/\/radiolarioja.com.ar\/rlr\/wp-content\/uploads\/2026\/09\/UTN1-1.jpeg",1304,1600,false],"thumbnail":["https:\/\/radiolarioja.com.ar\/rlr\/wp-content\/uploads\/2026\/09\/UTN1-1-150x150.jpeg",150,150,true],"medium":["https:\/\/radiolarioja.com.ar\/rlr\/wp-content\/uploads\/2026\/09\/UTN1-1-245x300.jpeg",245,300,true],"medium_large":["https:\/\/radiolarioja.com.ar\/rlr\/wp-content\/uploads\/2026\/09\/UTN1-1-768x942.jpeg",696,854,true],"large":["https:\/\/radiolarioja.com.ar\/rlr\/wp-content\/uploads\/2026\/09\/UTN1-1-835x1024.jpeg",696,854,true],"1536x1536":["https:\/\/radiolarioja.com.ar\/rlr\/wp-content\/uploads\/2026\/09\/UTN1-1-1252x1536.jpeg",1252,1536,true],"2048x2048":["https:\/\/radiolarioja.com.ar\/rlr\/wp-content\/uploads\/2026\/09\/UTN1-1.jpeg",1304,1600,false],"td_218x150":["https:\/\/radiolarioja.com.ar\/rlr\/wp-content\/uploads\/2026\/09\/UTN1-1-218x150.jpeg",218,150,true],"td_324x400":["https:\/\/radiolarioja.com.ar\/rlr\/wp-content\/uploads\/2026\/09\/UTN1-1-324x400.jpeg",324,400,true],"td_485x360":["https:\/\/radiolarioja.com.ar\/rlr\/wp-content\/uploads\/2026\/09\/UTN1-1-485x360.jpeg",485,360,true],"td_696x0":["https:\/\/radiolarioja.com.ar\/rlr\/wp-content\/uploads\/2026\/09\/UTN1-1-695x853.jpeg",695,853,true],"td_1068x0":["https:\/\/radiolarioja.com.ar\/rlr\/wp-content\/uploads\/2026\/09\/UTN1-1-1068x1310.jpeg",1068,1310,true],"td_1920x0":["https:\/\/radiolarioja.com.ar\/rlr\/wp-content\/uploads\/2026\/09\/UTN1-1.jpeg",1304,1600,false],"td_0x420":["https:\/\/radiolarioja.com.ar\/rlr\/wp-content\/uploads\/2026\/09\/UTN1-1.jpeg",342,420,false],"td_80x60":["https:\/\/radiolarioja.com.ar\/rlr\/wp-content\/uploads\/2026\/09\/UTN1-1-80x60.jpeg",80,60,true],"td_100x70":["https:\/\/radiolarioja.com.ar\/rlr\/wp-content\/uploads\/2026\/09\/UTN1-1-99x70.jpeg",99,70,true],"td_265x198":["https:\/\/radiolarioja.com.ar\/rlr\/wp-content\/uploads\/2026\/09\/UTN1-1-265x198.jpeg",265,198,true],"td_324x160":["https:\/\/radiolarioja.com.ar\/rlr\/wp-content\/uploads\/2026\/09\/UTN1-1-324x160.jpeg",324,160,true],"td_324x235":["https:\/\/radiolarioja.com.ar\/rlr\/wp-content\/uploads\/2026\/09\/UTN1-1-324x235.jpeg",324,235,true],"td_356x220":["https:\/\/radiolarioja.com.ar\/rlr\/wp-content\/uploads\/2026\/09\/UTN1-1-355x220.jpeg",355,220,true],"td_356x364":["https:\/\/radiolarioja.com.ar\/rlr\/wp-content\/uploads\/2026\/09\/UTN1-1-296x363.jpeg",296,363,true],"td_533x261":["https:\/\/radiolarioja.com.ar\/rlr\/wp-content\/uploads\/2026\/09\/UTN1-1-532x261.jpeg",532,261,true],"td_534x462":["https:\/\/radiolarioja.com.ar\/rlr\/wp-content\/uploads\/2026\/09\/UTN1-1-534x462.jpeg",534,462,true],"td_696x385":["https:\/\/radiolarioja.com.ar\/rlr\/wp-content\/uploads\/2026\/09\/UTN1-1-695x385.jpeg",695,385,true],"td_741x486":["https:\/\/radiolarioja.com.ar\/rlr\/wp-content\/uploads\/2026\/09\/UTN1-1-741x486.jpeg",741,486,true],"td_1068x580":["https:\/\/radiolarioja.com.ar\/rlr\/wp-content\/uploads\/2026\/09\/UTN1-1-1068x580.jpeg",1068,580,true]},"author_info":{"info":["RadioLaRioja"]},"category_info":"<a href=\"https:\/\/radiolarioja.com.ar\/rlr\/category\/local\/\" rel=\"category tag\">Local<\/a>","tag_info":"Local","comment_count":"0","_links":{"self":[{"href":"https:\/\/radiolarioja.com.ar\/rlr\/wp-json\/wp\/v2\/posts\/97561","targetHints":{"allow":["GET"]}}],"collection":[{"href":"https:\/\/radiolarioja.com.ar\/rlr\/wp-json\/wp\/v2\/posts"}],"about":[{"href":"https:\/\/radiolarioja.com.ar\/rlr\/wp-json\/wp\/v2\/types\/post"}],"author":[{"embeddable":true,"href":"https:\/\/radiolarioja.com.ar\/rlr\/wp-json\/wp\/v2\/users\/2"}],"replies":[{"embeddable":true,"href":"https:\/\/radiolarioja.com.ar\/rlr\/wp-json\/wp\/v2\/comments?post=97561"}],"version-history":[{"count":1,"href":"https:\/\/radiolarioja.com.ar\/rlr\/wp-json\/wp\/v2\/posts\/97561\/revisions"}],"predecessor-version":[{"id":97563,"href":"https:\/\/radiolarioja.com.ar\/rlr\/wp-json\/wp\/v2\/posts\/97561\/revisions\/97563"}],"wp:featuredmedia":[{"embeddable":true,"href":"https:\/\/radiolarioja.com.ar\/rlr\/wp-json\/wp\/v2\/media\/97562"}],"wp:attachment":[{"href":"https:\/\/radiolarioja.com.ar\/rlr\/wp-json\/wp\/v2\/media?parent=97561"}],"wp:term":[{"taxonomy":"category","embeddable":true,"href":"https:\/\/radiolarioja.com.ar\/rlr\/wp-json\/wp\/v2\/categories?post=97561"},{"taxonomy":"post_tag","embeddable":true,"href":"https:\/\/radiolarioja.com.ar\/rlr\/wp-json\/wp\/v2\/tags?post=97561"}],"curies":[{"name":"wp","href":"https:\/\/api.w.org\/{rel}","templated":true}]}}