{"id":97538,"date":"2026-09-03T19:31:34","date_gmt":"2026-09-03T22:31:34","guid":{"rendered":"https:\/\/radiolarioja.com.ar\/rlr\/?p=97538"},"modified":"2026-09-03T19:31:35","modified_gmt":"2026-09-03T22:31:35","slug":"pablo-martin-y-ruth-bustos-rumbo-al-nacional-de-fisicoculturismo-en-rosario","status":"publish","type":"post","link":"https:\/\/radiolarioja.com.ar\/rlr\/pablo-martin-y-ruth-bustos-rumbo-al-nacional-de-fisicoculturismo-en-rosario\/","title":{"rendered":"Pablo Mart\u00edn y Ruth Bustos, rumbo al Nacional de Fisicoculturismo en Rosario"},"content":{"rendered":"\n<p class=\"wp-block-paragraph\">La Rioja tendr\u00e1 representaci\u00f3n en una nueva competencia nacional de fisicoculturismo y fitness. Pablo Mart\u00edn y Ruth Bustos competir\u00e1n este viernes 5 y s\u00e1bado 6 de septiembre en la ciudad de Rosario, donde buscar\u00e1n destacarse en sus respectivas categor\u00edas y llevar el nombre de la provincia al escenario nacional.<\/p>\n\n\n\n<p class=\"wp-block-paragraph\">La competencia tendr\u00e1 adem\u00e1s un condimento especial: ser\u00e1 preselectiva para el Campeonato Sudamericano, que se desarrollar\u00e1 del 17 al 20 de septiembre en la Ciudad de Buenos Aires. De esta manera, el torneo en Rosario ser\u00e1 una instancia clave para ambos atletas, que buscar\u00e1n conseguir los resultados necesarios para avanzar a la competencia continental.<\/p>\n\n\n\n<p class=\"wp-block-paragraph\">Pablo Mart\u00edn y Ruth Bustos llegan despu\u00e9s de meses de preparaci\u00f3n, marcada por el entrenamiento, la disciplina y una exigente puesta a punto para llegar en las mejores condiciones al escenario.<\/p>\n\n\n\n<p class=\"wp-block-paragraph\">La pareja riojana afrontar\u00e1 as\u00ed un nuevo desaf\u00edo dentro del calendario nacional, con el objetivo de representar a La Rioja y, por qu\u00e9 no, conseguir un lugar en el pr\u00f3ximo Campeonato Sudamericano.<\/p>\n\n\n\n<figure class=\"wp-block-gallery has-nested-images columns-default is-cropped wp-block-gallery-1 is-layout-flex wp-block-gallery-is-layout-flex\">\n<figure class=\"wp-block-image size-large\"><a href=\"https:\/\/radiolarioja.com.ar\/rlr\/wp-content\/uploads\/2026\/09\/WhatsApp-Image-2026-09-03-at-19.02.28.jpeg\"><img fetchpriority=\"high\" decoding=\"async\" width=\"768\" height=\"1024\" data-id=\"97539\" src=\"https:\/\/radiolarioja.com.ar\/rlr\/wp-content\/uploads\/2026\/09\/WhatsApp-Image-2026-09-03-at-19.02.28-768x1024.jpeg\" alt=\"\" class=\"wp-image-97539\" srcset=\"https:\/\/radiolarioja.com.ar\/rlr\/wp-content\/uploads\/2026\/09\/WhatsApp-Image-2026-09-03-at-19.02.28-768x1024-1.jpeg 768w, https:\/\/radiolarioja.com.ar\/rlr\/wp-content\/uploads\/2026\/09\/WhatsApp-Image-2026-09-03-at-19.02.28-225x300.jpeg 225w, https:\/\/radiolarioja.com.ar\/rlr\/wp-content\/uploads\/2026\/09\/WhatsApp-Image-2026-09-03-at-19.02.28-1152x1536.jpeg 1152w, https:\/\/radiolarioja.com.ar\/rlr\/wp-content\/uploads\/2026\/09\/WhatsApp-Image-2026-09-03-at-19.02.28-300x400.jpeg 300w, https:\/\/radiolarioja.com.ar\/rlr\/wp-content\/uploads\/2026\/09\/WhatsApp-Image-2026-09-03-at-19.02.28-696x928.jpeg 696w, https:\/\/radiolarioja.com.ar\/rlr\/wp-content\/uploads\/2026\/09\/WhatsApp-Image-2026-09-03-at-19.02.28-1068x1424.jpeg 1068w, https:\/\/radiolarioja.com.ar\/rlr\/wp-content\/uploads\/2026\/09\/WhatsApp-Image-2026-09-03-at-19.02.28-273x364.jpeg 273w, https:\/\/radiolarioja.com.ar\/rlr\/wp-content\/uploads\/2026\/09\/WhatsApp-Image-2026-09-03-at-19.02.28.jpeg 1200w\" sizes=\"(max-width: 768px) 100vw, 768px\" \/><\/a><\/figure>\n\n\n\n<figure class=\"wp-block-image size-large\"><a href=\"https:\/\/radiolarioja.com.ar\/rlr\/wp-content\/uploads\/2026\/09\/WhatsApp-Image-2026-09-03-at-19.02.29.jpeg\"><img decoding=\"async\" width=\"768\" height=\"1024\" data-id=\"97540\" src=\"https:\/\/radiolarioja.com.ar\/rlr\/wp-content\/uploads\/2026\/09\/WhatsApp-Image-2026-09-03-at-19.02.29-768x1024-1.jpeg\" alt=\"\" class=\"wp-image-97540\" srcset=\"https:\/\/radiolarioja.com.ar\/rlr\/wp-content\/uploads\/2026\/09\/WhatsApp-Image-2026-09-03-at-19.02.29-768x1024-1.jpeg 768w, https:\/\/radiolarioja.com.ar\/rlr\/wp-content\/uploads\/2026\/09\/WhatsApp-Image-2026-09-03-at-19.02.29-225x300.jpeg 225w, https:\/\/radiolarioja.com.ar\/rlr\/wp-content\/uploads\/2026\/09\/WhatsApp-Image-2026-09-03-at-19.02.29-1152x1536.jpeg 1152w, https:\/\/radiolarioja.com.ar\/rlr\/wp-content\/uploads\/2026\/09\/WhatsApp-Image-2026-09-03-at-19.02.29-300x400.jpeg 300w, https:\/\/radiolarioja.com.ar\/rlr\/wp-content\/uploads\/2026\/09\/WhatsApp-Image-2026-09-03-at-19.02.29-696x928.jpeg 696w, https:\/\/radiolarioja.com.ar\/rlr\/wp-content\/uploads\/2026\/09\/WhatsApp-Image-2026-09-03-at-19.02.29-1068x1424.jpeg 1068w, https:\/\/radiolarioja.com.ar\/rlr\/wp-content\/uploads\/2026\/09\/WhatsApp-Image-2026-09-03-at-19.02.29-273x364.jpeg 273w, https:\/\/radiolarioja.com.ar\/rlr\/wp-content\/uploads\/2026\/09\/WhatsApp-Image-2026-09-03-at-19.02.29.jpeg 1200w\" sizes=\"(max-width: 768px) 100vw, 768px\" \/><\/a><\/figure>\n<\/figure>\n","protected":false},"excerpt":{"rendered":"<p>La Rioja tendr\u00e1 representaci\u00f3n en una nueva competencia nacional de fisicoculturismo y fitness. Pablo Mart\u00edn y Ruth Bustos competir\u00e1n este viernes 5 y s\u00e1bado 6 de septiembre en la ciudad de Rosario, donde buscar\u00e1n destacarse en sus respectivas categor\u00edas y llevar el nombre de la provincia al escenario nacional. La competencia tendr\u00e1 adem\u00e1s un condimento [&hellip;]<\/p>\n","protected":false},"author":2,"featured_media":97542,"comment_status":"open","ping_status":"open","sticky":false,"template":"","format":"standard","meta":{"tdm_status":"","tdm_grid_status":"","footnotes":""},"categories":[3],"tags":[],"class_list":["post-97538","post","type-post","status-publish","format-standard","has-post-thumbnail","category-deporte"],"featured_image_urls":{"full":["https:\/\/radiolarioja.com.ar\/rlr\/wp-content\/uploads\/2026\/09\/WhatsApp-Image-2026-09-03-at-19.02.28-1-e1788474676891.jpeg",1200,928,false],"thumbnail":["https:\/\/radiolarioja.com.ar\/rlr\/wp-content\/uploads\/2026\/09\/WhatsApp-Image-2026-09-03-at-19.02.28-1-e1788474676891-150x150.jpeg",150,150,true],"medium":["https:\/\/radiolarioja.com.ar\/rlr\/wp-content\/uploads\/2026\/09\/WhatsApp-Image-2026-09-03-at-19.02.28-1-e1788474676891-300x232.jpeg",300,232,true],"medium_large":["https:\/\/radiolarioja.com.ar\/rlr\/wp-content\/uploads\/2026\/09\/WhatsApp-Image-2026-09-03-at-19.02.28-1-e1788474676891-768x594.jpeg",696,538,true],"large":["https:\/\/radiolarioja.com.ar\/rlr\/wp-content\/uploads\/2026\/09\/WhatsApp-Image-2026-09-03-at-19.02.28-1-e1788474676891-1024x792.jpeg",696,538,true],"1536x1536":["https:\/\/radiolarioja.com.ar\/rlr\/wp-content\/uploads\/2026\/09\/WhatsApp-Image-2026-09-03-at-19.02.28-1-1152x1536.jpeg",1152,1536,true],"2048x2048":["https:\/\/radiolarioja.com.ar\/rlr\/wp-content\/uploads\/2026\/09\/WhatsApp-Image-2026-09-03-at-19.02.28-1-e1788474676891.jpeg",1200,928,false],"td_218x150":["https:\/\/radiolarioja.com.ar\/rlr\/wp-content\/uploads\/2026\/09\/WhatsApp-Image-2026-09-03-at-19.02.28-1-e1788474676891-218x150.jpeg",218,150,true],"td_324x400":["https:\/\/radiolarioja.com.ar\/rlr\/wp-content\/uploads\/2026\/09\/WhatsApp-Image-2026-09-03-at-19.02.28-1-e1788474676891-324x400.jpeg",324,400,true],"td_485x360":["https:\/\/radiolarioja.com.ar\/rlr\/wp-content\/uploads\/2026\/09\/WhatsApp-Image-2026-09-03-at-19.02.28-1-e1788474676891-485x360.jpeg",485,360,true],"td_696x0":["https:\/\/radiolarioja.com.ar\/rlr\/wp-content\/uploads\/2026\/09\/WhatsApp-Image-2026-09-03-at-19.02.28-1-e1788474676891-696x538.jpeg",696,538,true],"td_1068x0":["https:\/\/radiolarioja.com.ar\/rlr\/wp-content\/uploads\/2026\/09\/WhatsApp-Image-2026-09-03-at-19.02.28-1-e1788474676891-1068x826.jpeg",1068,826,true],"td_1920x0":["https:\/\/radiolarioja.com.ar\/rlr\/wp-content\/uploads\/2026\/09\/WhatsApp-Image-2026-09-03-at-19.02.28-1-e1788474676891.jpeg",1200,928,false],"td_0x420":["https:\/\/radiolarioja.com.ar\/rlr\/wp-content\/uploads\/2026\/09\/WhatsApp-Image-2026-09-03-at-19.02.28-1-e1788474676891-543x420.jpeg",543,420,true],"td_80x60":["https:\/\/radiolarioja.com.ar\/rlr\/wp-content\/uploads\/2026\/09\/WhatsApp-Image-2026-09-03-at-19.02.28-1-e1788474676891-80x60.jpeg",80,60,true],"td_100x70":["https:\/\/radiolarioja.com.ar\/rlr\/wp-content\/uploads\/2026\/09\/WhatsApp-Image-2026-09-03-at-19.02.28-1-e1788474676891-100x70.jpeg",100,70,true],"td_265x198":["https:\/\/radiolarioja.com.ar\/rlr\/wp-content\/uploads\/2026\/09\/WhatsApp-Image-2026-09-03-at-19.02.28-1-e1788474676891-265x198.jpeg",265,198,true],"td_324x160":["https:\/\/radiolarioja.com.ar\/rlr\/wp-content\/uploads\/2026\/09\/WhatsApp-Image-2026-09-03-at-19.02.28-1-e1788474676891-324x160.jpeg",324,160,true],"td_324x235":["https:\/\/radiolarioja.com.ar\/rlr\/wp-content\/uploads\/2026\/09\/WhatsApp-Image-2026-09-03-at-19.02.28-1-e1788474676891-324x235.jpeg",324,235,true],"td_356x220":["https:\/\/radiolarioja.com.ar\/rlr\/wp-content\/uploads\/2026\/09\/WhatsApp-Image-2026-09-03-at-19.02.28-1-e1788474676891-356x220.jpeg",356,220,true],"td_356x364":["https:\/\/radiolarioja.com.ar\/rlr\/wp-content\/uploads\/2026\/09\/WhatsApp-Image-2026-09-03-at-19.02.28-1-e1788474676891-356x364.jpeg",356,364,true],"td_533x261":["https:\/\/radiolarioja.com.ar\/rlr\/wp-content\/uploads\/2026\/09\/WhatsApp-Image-2026-09-03-at-19.02.28-1-e1788474676891-533x261.jpeg",533,261,true],"td_534x462":["https:\/\/radiolarioja.com.ar\/rlr\/wp-content\/uploads\/2026\/09\/WhatsApp-Image-2026-09-03-at-19.02.28-1-e1788474676891-534x462.jpeg",534,462,true],"td_696x385":["https:\/\/radiolarioja.com.ar\/rlr\/wp-content\/uploads\/2026\/09\/WhatsApp-Image-2026-09-03-at-19.02.28-1-e1788474676891-696x385.jpeg",696,385,true],"td_741x486":["https:\/\/radiolarioja.com.ar\/rlr\/wp-content\/uploads\/2026\/09\/WhatsApp-Image-2026-09-03-at-19.02.28-1-e1788474676891-741x486.jpeg",741,486,true],"td_1068x580":["https:\/\/radiolarioja.com.ar\/rlr\/wp-content\/uploads\/2026\/09\/WhatsApp-Image-2026-09-03-at-19.02.28-1-e1788474676891-1068x580.jpeg",1068,580,true]},"author_info":{"info":["RadioLaRioja"]},"category_info":"<a href=\"https:\/\/radiolarioja.com.ar\/rlr\/category\/deporte\/\" rel=\"category tag\">Deporte<\/a>","tag_info":"Deporte","comment_count":"0","_links":{"self":[{"href":"https:\/\/radiolarioja.com.ar\/rlr\/wp-json\/wp\/v2\/posts\/97538","targetHints":{"allow":["GET"]}}],"collection":[{"href":"https:\/\/radiolarioja.com.ar\/rlr\/wp-json\/wp\/v2\/posts"}],"about":[{"href":"https:\/\/radiolarioja.com.ar\/rlr\/wp-json\/wp\/v2\/types\/post"}],"author":[{"embeddable":true,"href":"https:\/\/radiolarioja.com.ar\/rlr\/wp-json\/wp\/v2\/users\/2"}],"replies":[{"embeddable":true,"href":"https:\/\/radiolarioja.com.ar\/rlr\/wp-json\/wp\/v2\/comments?post=97538"}],"version-history":[{"count":1,"href":"https:\/\/radiolarioja.com.ar\/rlr\/wp-json\/wp\/v2\/posts\/97538\/revisions"}],"predecessor-version":[{"id":97543,"href":"https:\/\/radiolarioja.com.ar\/rlr\/wp-json\/wp\/v2\/posts\/97538\/revisions\/97543"}],"wp:featuredmedia":[{"embeddable":true,"href":"https:\/\/radiolarioja.com.ar\/rlr\/wp-json\/wp\/v2\/media\/97542"}],"wp:attachment":[{"href":"https:\/\/radiolarioja.com.ar\/rlr\/wp-json\/wp\/v2\/media?parent=97538"}],"wp:term":[{"taxonomy":"category","embeddable":true,"href":"https:\/\/radiolarioja.com.ar\/rlr\/wp-json\/wp\/v2\/categories?post=97538"},{"taxonomy":"post_tag","embeddable":true,"href":"https:\/\/radiolarioja.com.ar\/rlr\/wp-json\/wp\/v2\/tags?post=97538"}],"curies":[{"name":"wp","href":"https:\/\/api.w.org\/{rel}","templated":true}]}}