{"id":97534,"date":"2026-09-03T18:57:12","date_gmt":"2026-09-03T21:57:12","guid":{"rendered":"https:\/\/radiolarioja.com.ar\/rlr\/?p=97534"},"modified":"2026-09-03T18:57:13","modified_gmt":"2026-09-03T21:57:13","slug":"riojano-sufrio-pero-festejo-en-el-suplementario-en-el-inicio-de-la-segunda-fecha","status":"publish","type":"post","link":"https:\/\/radiolarioja.com.ar\/rlr\/riojano-sufrio-pero-festejo-en-el-suplementario-en-el-inicio-de-la-segunda-fecha\/","title":{"rendered":"Riojano sufri\u00f3 pero festej\u00f3 en el suplementario en el inicio de la segunda fecha"},"content":{"rendered":"\n<p class=\"wp-block-paragraph\">El Torneo Provincial de B\u00e1squetbol 2026 no da tregua. En el marco de la segunda jornada del certamen organizado por la Federaci\u00f3n Riojana de B\u00e1squetbol, el Club Riojano se qued\u00f3 con un triunfazo como local tras vencer a Banco Rioja por 94 a 89 en tiempo extra.<\/p>\n\n\n\n<p class=\"wp-block-paragraph\">El encuentro, disputado en la cancha del \u00abDecano\u00bb, ofreci\u00f3 un desarrollo electrizante y de paridad constante. Tras finalizar empatados en 80 al cabo de los cuatro cuartos reglamentarios, el conjunto due\u00f1o de casa logr\u00f3 destrabar la historia en el suplementario con un parcial de 14-9 que le permiti\u00f3 sellar su festejo ante su gente.<\/p>\n\n\n\n<ul class=\"wp-block-list\">\n<li class=\"\"><strong>Parciales del partido:<\/strong> 16-18, 19-20, 25-23, 20-19. <strong>Suplementario:<\/strong> 14-9.<\/li>\n<\/ul>\n\n\n\n<p class=\"wp-block-paragraph\"><strong>As\u00ed contin\u00faa la agenda del Provincial<\/strong><\/p>\n\n\n\n<p class=\"wp-block-paragraph\">La acci\u00f3n no se detiene y la segunda fecha se completar\u00e1 entre este jueves y viernes con atractivos duelos en la capital y el interior provincial:<\/p>\n\n\n\n<ul class=\"wp-block-list\">\n<li class=\"\"><strong>Jueves 03\/09 (21:30 hs):<\/strong> Independiente vs. Facundo (Cancha: \u00abCrist\u00f3bal Romero\u00bb de Independiente).<\/li>\n\n\n\n<li class=\"\"><strong>Viernes 04\/09 (21:30 hs):<\/strong> Newell\u2019s Old Boys de Chilecito vs. Alianza Ama-Ach (Cancha: NOB de Chilecito).<\/li>\n\n\n\n<li class=\"\"><strong>Viernes 04\/09 (21:30 hs):<\/strong> Chamical B\u00e1squet vs. Riachuelo (Cancha: CPEF N.\u00ba 1 \u2013 Chamical).<\/li>\n\n\n\n<li class=\"\"><strong>Fecha libre:<\/strong> Club Uni\u00f3n.<\/li>\n<\/ul>\n","protected":false},"excerpt":{"rendered":"<p>El Torneo Provincial de B\u00e1squetbol 2026 no da tregua. En el marco de la segunda jornada del certamen organizado por la Federaci\u00f3n Riojana de B\u00e1squetbol, el Club Riojano se qued\u00f3 con un triunfazo como local tras vencer a Banco Rioja por 94 a 89 en tiempo extra. El encuentro, disputado en la cancha del \u00abDecano\u00bb, [&hellip;]<\/p>\n","protected":false},"author":2,"featured_media":97535,"comment_status":"open","ping_status":"open","sticky":false,"template":"","format":"standard","meta":{"tdm_status":"","tdm_grid_status":"","footnotes":""},"categories":[3],"tags":[],"class_list":["post-97534","post","type-post","status-publish","format-standard","has-post-thumbnail","category-deporte"],"featured_image_urls":{"full":["https:\/\/radiolarioja.com.ar\/rlr\/wp-content\/uploads\/2026\/09\/789237241_122113378269418118_2023866714734235938_n.jpg",1600,1066,false],"thumbnail":["https:\/\/radiolarioja.com.ar\/rlr\/wp-content\/uploads\/2026\/09\/789237241_122113378269418118_2023866714734235938_n-150x150.jpg",150,150,true],"medium":["https:\/\/radiolarioja.com.ar\/rlr\/wp-content\/uploads\/2026\/09\/789237241_122113378269418118_2023866714734235938_n-300x200.jpg",300,200,true],"medium_large":["https:\/\/radiolarioja.com.ar\/rlr\/wp-content\/uploads\/2026\/09\/789237241_122113378269418118_2023866714734235938_n-767x511.jpg",696,464,true],"large":["https:\/\/radiolarioja.com.ar\/rlr\/wp-content\/uploads\/2026\/09\/789237241_122113378269418118_2023866714734235938_n-1024x682.jpg",696,464,true],"1536x1536":["https:\/\/radiolarioja.com.ar\/rlr\/wp-content\/uploads\/2026\/09\/789237241_122113378269418118_2023866714734235938_n-1536x1023.jpg",1536,1023,true],"2048x2048":["https:\/\/radiolarioja.com.ar\/rlr\/wp-content\/uploads\/2026\/09\/789237241_122113378269418118_2023866714734235938_n.jpg",1600,1066,false],"td_218x150":["https:\/\/radiolarioja.com.ar\/rlr\/wp-content\/uploads\/2026\/09\/789237241_122113378269418118_2023866714734235938_n-218x150.jpg",218,150,true],"td_324x400":["https:\/\/radiolarioja.com.ar\/rlr\/wp-content\/uploads\/2026\/09\/789237241_122113378269418118_2023866714734235938_n-323x215.jpg",323,215,true],"td_485x360":["https:\/\/radiolarioja.com.ar\/rlr\/wp-content\/uploads\/2026\/09\/789237241_122113378269418118_2023866714734235938_n-485x360.jpg",485,360,true],"td_696x0":["https:\/\/radiolarioja.com.ar\/rlr\/wp-content\/uploads\/2026\/09\/789237241_122113378269418118_2023866714734235938_n-695x463.jpg",695,463,true],"td_1068x0":["https:\/\/radiolarioja.com.ar\/rlr\/wp-content\/uploads\/2026\/09\/789237241_122113378269418118_2023866714734235938_n-1067x711.jpg",1067,711,true],"td_1920x0":["https:\/\/radiolarioja.com.ar\/rlr\/wp-content\/uploads\/2026\/09\/789237241_122113378269418118_2023866714734235938_n.jpg",1600,1066,false],"td_0x420":["https:\/\/radiolarioja.com.ar\/rlr\/wp-content\/uploads\/2026\/09\/789237241_122113378269418118_2023866714734235938_n.jpg",630,420,false],"td_80x60":["https:\/\/radiolarioja.com.ar\/rlr\/wp-content\/uploads\/2026\/09\/789237241_122113378269418118_2023866714734235938_n-80x60.jpg",80,60,true],"td_100x70":["https:\/\/radiolarioja.com.ar\/rlr\/wp-content\/uploads\/2026\/09\/789237241_122113378269418118_2023866714734235938_n-100x70.jpg",100,70,true],"td_265x198":["https:\/\/radiolarioja.com.ar\/rlr\/wp-content\/uploads\/2026\/09\/789237241_122113378269418118_2023866714734235938_n-265x198.jpg",265,198,true],"td_324x160":["https:\/\/radiolarioja.com.ar\/rlr\/wp-content\/uploads\/2026\/09\/789237241_122113378269418118_2023866714734235938_n-240x160.jpg",240,160,true],"td_324x235":["https:\/\/radiolarioja.com.ar\/rlr\/wp-content\/uploads\/2026\/09\/789237241_122113378269418118_2023866714734235938_n-324x235.jpg",324,235,true],"td_356x220":["https:\/\/radiolarioja.com.ar\/rlr\/wp-content\/uploads\/2026\/09\/789237241_122113378269418118_2023866714734235938_n-330x220.jpg",330,220,true],"td_356x364":["https:\/\/radiolarioja.com.ar\/rlr\/wp-content\/uploads\/2026\/09\/789237241_122113378269418118_2023866714734235938_n-356x237.jpg",356,237,true],"td_533x261":["https:\/\/radiolarioja.com.ar\/rlr\/wp-content\/uploads\/2026\/09\/789237241_122113378269418118_2023866714734235938_n-391x261.jpg",391,261,true],"td_534x462":["https:\/\/radiolarioja.com.ar\/rlr\/wp-content\/uploads\/2026\/09\/789237241_122113378269418118_2023866714734235938_n-534x462.jpg",534,462,true],"td_696x385":["https:\/\/radiolarioja.com.ar\/rlr\/wp-content\/uploads\/2026\/09\/789237241_122113378269418118_2023866714734235938_n-577x384.jpg",577,384,true],"td_741x486":["https:\/\/radiolarioja.com.ar\/rlr\/wp-content\/uploads\/2026\/09\/789237241_122113378269418118_2023866714734235938_n-729x486.jpg",729,486,true],"td_1068x580":["https:\/\/radiolarioja.com.ar\/rlr\/wp-content\/uploads\/2026\/09\/789237241_122113378269418118_2023866714734235938_n-870x580.jpg",870,580,true]},"author_info":{"info":["RadioLaRioja"]},"category_info":"<a href=\"https:\/\/radiolarioja.com.ar\/rlr\/category\/deporte\/\" rel=\"category tag\">Deporte<\/a>","tag_info":"Deporte","comment_count":"0","_links":{"self":[{"href":"https:\/\/radiolarioja.com.ar\/rlr\/wp-json\/wp\/v2\/posts\/97534","targetHints":{"allow":["GET"]}}],"collection":[{"href":"https:\/\/radiolarioja.com.ar\/rlr\/wp-json\/wp\/v2\/posts"}],"about":[{"href":"https:\/\/radiolarioja.com.ar\/rlr\/wp-json\/wp\/v2\/types\/post"}],"author":[{"embeddable":true,"href":"https:\/\/radiolarioja.com.ar\/rlr\/wp-json\/wp\/v2\/users\/2"}],"replies":[{"embeddable":true,"href":"https:\/\/radiolarioja.com.ar\/rlr\/wp-json\/wp\/v2\/comments?post=97534"}],"version-history":[{"count":1,"href":"https:\/\/radiolarioja.com.ar\/rlr\/wp-json\/wp\/v2\/posts\/97534\/revisions"}],"predecessor-version":[{"id":97536,"href":"https:\/\/radiolarioja.com.ar\/rlr\/wp-json\/wp\/v2\/posts\/97534\/revisions\/97536"}],"wp:featuredmedia":[{"embeddable":true,"href":"https:\/\/radiolarioja.com.ar\/rlr\/wp-json\/wp\/v2\/media\/97535"}],"wp:attachment":[{"href":"https:\/\/radiolarioja.com.ar\/rlr\/wp-json\/wp\/v2\/media?parent=97534"}],"wp:term":[{"taxonomy":"category","embeddable":true,"href":"https:\/\/radiolarioja.com.ar\/rlr\/wp-json\/wp\/v2\/categories?post=97534"},{"taxonomy":"post_tag","embeddable":true,"href":"https:\/\/radiolarioja.com.ar\/rlr\/wp-json\/wp\/v2\/tags?post=97534"}],"curies":[{"name":"wp","href":"https:\/\/api.w.org\/{rel}","templated":true}]}}