{"id":97530,"date":"2026-09-03T18:55:17","date_gmt":"2026-09-03T21:55:17","guid":{"rendered":"https:\/\/radiolarioja.com.ar\/rlr\/?p=97530"},"modified":"2026-09-03T19:12:48","modified_gmt":"2026-09-03T22:12:48","slug":"entra-en-vigencia-el-nuevo-regimen-de-responsabilidad-penal-juvenil-advierten-sobre-el-impacto-en-las-familias-y-el-uso-de-redes-sociales","status":"publish","type":"post","link":"https:\/\/radiolarioja.com.ar\/rlr\/entra-en-vigencia-el-nuevo-regimen-de-responsabilidad-penal-juvenil-advierten-sobre-el-impacto-en-las-familias-y-el-uso-de-redes-sociales\/","title":{"rendered":"Entra en vigencia el nuevo R\u00e9gimen de Responsabilidad Penal Juvenil: advierten sobre el impacto en las familias y el uso de redes sociales"},"content":{"rendered":"\n<h1 class=\"wp-block-heading\"><strong>A partir de este s\u00e1bado 5 de septiembre comienza a regir en todo el pa\u00eds la Ley 27.801, la cual establece la baja en la edad de punibilidad a los 14 a\u00f1os y dispone el procesamiento de la totalidad de los delitos cometidos por adolescentes. Desde la Justicia instan a los padres a dialogar y prevenir conductas riesgosas.<\/strong><\/h1>\n\n\n\n<h3 class=\"wp-block-heading\"><strong>Puntos clave de la norma<\/strong><\/h3>\n\n\n\n<ul class=\"wp-block-list\">\n<li class=\"\"><strong>Baja en la edad de imputabilidad:<\/strong> La franja de adolescentes punibles se ampl\u00eda, pasando a ser de los <strong>14 a los 18 a\u00f1os<\/strong> (anteriormente era de 16 a 18).<\/li>\n\n\n\n<li class=\"\"><strong>Procesamiento de todos los delitos:<\/strong> A diferencia del r\u00e9gimen anterior \u2014donde las infracciones menores a dos a\u00f1os de pena no se procesaban\u2014, a partir de ahora <strong>todos los delitos ser\u00e1n investigados y procesados<\/strong>, sin importar la escala penal.<\/li>\n\n\n\n<li class=\"\"><strong>Excepcionalidad de la detenci\u00f3n:<\/strong> La privaci\u00f3n de la libertad se aplicar\u00e1 de manera restrictiva \u00fanicamente en casos graves. Para otros escenarios, la norma contempla alternativas como la <strong>prisi\u00f3n domiciliaria<\/strong> y la <strong>mediaci\u00f3n penal juvenil<\/strong>.<\/li>\n\n\n\n<li class=\"\"><strong>Responsabilidad civil para los padres:<\/strong> Las familias deber\u00e1n responder econ\u00f3micamente por los da\u00f1os patrimoniales o morales causados por los il\u00edcitos de sus hijos.<\/li>\n<\/ul>\n\n\n\n<h3 class=\"wp-block-heading\"><strong>Alerta por delitos digitales y conductas en grupo<\/strong><\/h3>\n\n\n\n<p class=\"wp-block-paragraph\">En di\u00e1logo con el programa <em>Despierta Provincia<\/em>, la jueza Alicia Vald\u00e9s explic\u00f3 que el mayor impacto no se ver\u00e1 \u00fanicamente en perfiles violentos, sino en conductas habituales de los adolescentes que constituyen delito y que antes no se procesaban:<\/p>\n\n\n\n<ul class=\"wp-block-list\">\n<li class=\"\"><strong>Uso de redes sociales:<\/strong> Actos como ciberacoso, humillaciones, amenazas, difusi\u00f3n de im\u00e1genes \u00edntimas sin consentimiento o la grabaci\u00f3n de peleas callejeras para su publicaci\u00f3n est\u00e1n tipificados en el C\u00f3digo Penal y acarrear\u00e1n responsabilidad penal.<\/li>\n\n\n\n<li class=\"\"><strong>Participaci\u00f3n grupal:<\/strong> Aquellos j\u00f3venes que acompa\u00f1en, faciliten o participen indirectamente en un hecho il\u00edcito en grupo (hurtos de celulares, bicicletas o vandalismo) responder\u00e1n seg\u00fan su grado de participaci\u00f3n penal.<\/li>\n<\/ul>\n\n\n\n<h3 class=\"wp-block-heading\"><strong>Llamado a la prevenci\u00f3n familiar<\/strong><\/h3>\n\n\n\n<p class=\"wp-block-paragraph\">Ante el dr\u00e1stico incremento en el volumen de causas procesables, las autoridades judiciales aconsejan a los adultos a cargo entablar un di\u00e1logo preventivo con los j\u00f3venes.<\/p>\n\n\n\n<blockquote class=\"wp-block-quote is-layout-flow wp-block-quote-is-layout-flow\">\n<p class=\"wp-block-paragraph\"><em>\u00abEs el momento de sentarse a hablar con sus hijos e hijas. Orientarlos sobre el uso responsable de las redes sociales, saber con qui\u00e9nes se relacionan y poner l\u00edmites, porque de lo contrario interviene el sistema penal juvenil, un sistema duro del que siempre salen perjudicados\u00bb<\/em>, enfatiz\u00f3 la magistrada.<\/p>\n<\/blockquote>\n\n\n\n<ul class=\"wp-block-list\">\n<li class=\"\"><strong>Fuente:<\/strong> Entrevista radial a la Dra. Alicia Vald\u00e9s en <em>Medios Provincia<\/em> (<a href=\"https:\/\/www.youtube.com\/watch?v=G0M_evvp6OI\" target=\"_blank\" rel=\"noopener\">Ver en YouTube<\/a>).<\/li>\n<\/ul>\n\n\n\n<figure class=\"wp-block-embed is-type-video is-provider-youtube wp-block-embed-youtube wp-embed-aspect-16-9 wp-has-aspect-ratio\"><div class=\"wp-block-embed__wrapper\">\n<iframe title=\"MEDIOS PROVINCIA - DESPIERTA PROVINCIA 2026\" width=\"696\" height=\"392\" src=\"https:\/\/www.youtube.com\/embed\/G0M_evvp6OI?feature=oembed\" frameborder=\"0\" allow=\"accelerometer; autoplay; clipboard-write; encrypted-media; gyroscope; picture-in-picture; web-share\" referrerpolicy=\"strict-origin-when-cross-origin\" allowfullscreen><\/iframe>\n<\/div><\/figure>\n","protected":false},"excerpt":{"rendered":"<p>A partir de este s\u00e1bado 5 de septiembre comienza a regir en todo el pa\u00eds la Ley 27.801, la cual establece la baja en la edad de punibilidad a los 14 a\u00f1os y dispone el procesamiento de la totalidad de los delitos cometidos por adolescentes. Desde la Justicia instan a los padres a dialogar y [&hellip;]<\/p>\n","protected":false},"author":2,"featured_media":97537,"comment_status":"open","ping_status":"open","sticky":false,"template":"","format":"standard","meta":{"tdm_status":"","tdm_grid_status":"","footnotes":""},"categories":[12],"tags":[],"class_list":["post-97530","post","type-post","status-publish","format-standard","has-post-thumbnail","category-local"],"featured_image_urls":{"full":["https:\/\/radiolarioja.com.ar\/rlr\/wp-content\/uploads\/2026\/09\/ChatGPT-Image-3-sept-2026-19_04_15.png",1536,1024,false],"thumbnail":["https:\/\/radiolarioja.com.ar\/rlr\/wp-content\/uploads\/2026\/09\/ChatGPT-Image-3-sept-2026-19_04_15-150x150.png",150,150,true],"medium":["https:\/\/radiolarioja.com.ar\/rlr\/wp-content\/uploads\/2026\/09\/ChatGPT-Image-3-sept-2026-19_04_15-300x200.png",300,200,true],"medium_large":["https:\/\/radiolarioja.com.ar\/rlr\/wp-content\/uploads\/2026\/09\/ChatGPT-Image-3-sept-2026-19_04_15-768x512.png",696,464,true],"large":["https:\/\/radiolarioja.com.ar\/rlr\/wp-content\/uploads\/2026\/09\/ChatGPT-Image-3-sept-2026-19_04_15-1024x683.png",696,464,true],"1536x1536":["https:\/\/radiolarioja.com.ar\/rlr\/wp-content\/uploads\/2026\/09\/ChatGPT-Image-3-sept-2026-19_04_15.png",1536,1024,false],"2048x2048":["https:\/\/radiolarioja.com.ar\/rlr\/wp-content\/uploads\/2026\/09\/ChatGPT-Image-3-sept-2026-19_04_15.png",1536,1024,false],"td_218x150":["https:\/\/radiolarioja.com.ar\/rlr\/wp-content\/uploads\/2026\/09\/ChatGPT-Image-3-sept-2026-19_04_15-218x150.png",218,150,true],"td_324x400":["https:\/\/radiolarioja.com.ar\/rlr\/wp-content\/uploads\/2026\/09\/ChatGPT-Image-3-sept-2026-19_04_15-324x216.png",324,216,true],"td_485x360":["https:\/\/radiolarioja.com.ar\/rlr\/wp-content\/uploads\/2026\/09\/ChatGPT-Image-3-sept-2026-19_04_15-485x360.png",485,360,true],"td_696x0":["https:\/\/radiolarioja.com.ar\/rlr\/wp-content\/uploads\/2026\/09\/ChatGPT-Image-3-sept-2026-19_04_15-696x464.png",696,464,true],"td_1068x0":["https:\/\/radiolarioja.com.ar\/rlr\/wp-content\/uploads\/2026\/09\/ChatGPT-Image-3-sept-2026-19_04_15-1068x712.png",1068,712,true],"td_1920x0":["https:\/\/radiolarioja.com.ar\/rlr\/wp-content\/uploads\/2026\/09\/ChatGPT-Image-3-sept-2026-19_04_15.png",1536,1024,false],"td_0x420":["https:\/\/radiolarioja.com.ar\/rlr\/wp-content\/uploads\/2026\/09\/ChatGPT-Image-3-sept-2026-19_04_15.png",630,420,false],"td_80x60":["https:\/\/radiolarioja.com.ar\/rlr\/wp-content\/uploads\/2026\/09\/ChatGPT-Image-3-sept-2026-19_04_15-80x60.png",80,60,true],"td_100x70":["https:\/\/radiolarioja.com.ar\/rlr\/wp-content\/uploads\/2026\/09\/ChatGPT-Image-3-sept-2026-19_04_15-100x70.png",100,70,true],"td_265x198":["https:\/\/radiolarioja.com.ar\/rlr\/wp-content\/uploads\/2026\/09\/ChatGPT-Image-3-sept-2026-19_04_15-265x198.png",265,198,true],"td_324x160":["https:\/\/radiolarioja.com.ar\/rlr\/wp-content\/uploads\/2026\/09\/ChatGPT-Image-3-sept-2026-19_04_15-240x160.png",240,160,true],"td_324x235":["https:\/\/radiolarioja.com.ar\/rlr\/wp-content\/uploads\/2026\/09\/ChatGPT-Image-3-sept-2026-19_04_15-324x235.png",324,235,true],"td_356x220":["https:\/\/radiolarioja.com.ar\/rlr\/wp-content\/uploads\/2026\/09\/ChatGPT-Image-3-sept-2026-19_04_15-330x220.png",330,220,true],"td_356x364":["https:\/\/radiolarioja.com.ar\/rlr\/wp-content\/uploads\/2026\/09\/ChatGPT-Image-3-sept-2026-19_04_15-356x237.png",356,237,true],"td_533x261":["https:\/\/radiolarioja.com.ar\/rlr\/wp-content\/uploads\/2026\/09\/ChatGPT-Image-3-sept-2026-19_04_15-391x261.png",391,261,true],"td_534x462":["https:\/\/radiolarioja.com.ar\/rlr\/wp-content\/uploads\/2026\/09\/ChatGPT-Image-3-sept-2026-19_04_15-534x462.png",534,462,true],"td_696x385":["https:\/\/radiolarioja.com.ar\/rlr\/wp-content\/uploads\/2026\/09\/ChatGPT-Image-3-sept-2026-19_04_15-577x385.png",577,385,true],"td_741x486":["https:\/\/radiolarioja.com.ar\/rlr\/wp-content\/uploads\/2026\/09\/ChatGPT-Image-3-sept-2026-19_04_15-729x486.png",729,486,true],"td_1068x580":["https:\/\/radiolarioja.com.ar\/rlr\/wp-content\/uploads\/2026\/09\/ChatGPT-Image-3-sept-2026-19_04_15-870x580.png",870,580,true]},"author_info":{"info":["RadioLaRioja"]},"category_info":"<a href=\"https:\/\/radiolarioja.com.ar\/rlr\/category\/local\/\" rel=\"category tag\">Local<\/a>","tag_info":"Local","comment_count":"0","_links":{"self":[{"href":"https:\/\/radiolarioja.com.ar\/rlr\/wp-json\/wp\/v2\/posts\/97530","targetHints":{"allow":["GET"]}}],"collection":[{"href":"https:\/\/radiolarioja.com.ar\/rlr\/wp-json\/wp\/v2\/posts"}],"about":[{"href":"https:\/\/radiolarioja.com.ar\/rlr\/wp-json\/wp\/v2\/types\/post"}],"author":[{"embeddable":true,"href":"https:\/\/radiolarioja.com.ar\/rlr\/wp-json\/wp\/v2\/users\/2"}],"replies":[{"embeddable":true,"href":"https:\/\/radiolarioja.com.ar\/rlr\/wp-json\/wp\/v2\/comments?post=97530"}],"version-history":[{"count":1,"href":"https:\/\/radiolarioja.com.ar\/rlr\/wp-json\/wp\/v2\/posts\/97530\/revisions"}],"predecessor-version":[{"id":97532,"href":"https:\/\/radiolarioja.com.ar\/rlr\/wp-json\/wp\/v2\/posts\/97530\/revisions\/97532"}],"wp:featuredmedia":[{"embeddable":true,"href":"https:\/\/radiolarioja.com.ar\/rlr\/wp-json\/wp\/v2\/media\/97537"}],"wp:attachment":[{"href":"https:\/\/radiolarioja.com.ar\/rlr\/wp-json\/wp\/v2\/media?parent=97530"}],"wp:term":[{"taxonomy":"category","embeddable":true,"href":"https:\/\/radiolarioja.com.ar\/rlr\/wp-json\/wp\/v2\/categories?post=97530"},{"taxonomy":"post_tag","embeddable":true,"href":"https:\/\/radiolarioja.com.ar\/rlr\/wp-json\/wp\/v2\/tags?post=97530"}],"curies":[{"name":"wp","href":"https:\/\/api.w.org\/{rel}","templated":true}]}}