{"id":97526,"date":"2026-09-03T15:43:20","date_gmt":"2026-09-03T18:43:20","guid":{"rendered":"https:\/\/radiolarioja.com.ar\/rlr\/?p=97526"},"modified":"2026-09-03T18:56:17","modified_gmt":"2026-09-03T21:56:17","slug":"editorial-el-cuadro-que-el-gobierno-no-quiere-mirar","status":"publish","type":"post","link":"https:\/\/radiolarioja.com.ar\/rlr\/editorial-el-cuadro-que-el-gobierno-no-quiere-mirar\/","title":{"rendered":"Editorial | El cuadro que el Gobierno no quiere mirar"},"content":{"rendered":"\n<p class=\"wp-block-paragraph\">Hay una escena en \u00ab<strong>El retrato de Dorian Gray<\/strong>\u00bb que vale la pena traer a este comentario. Dorian permanece siempre joven, siempre radiante, mientras en un cuarto cerrado su retrato envejece, se pudre y muestra cada una de sus culpas. \u00c9l elige no abrir esa puerta. Prefiere vivir de la superficie intacta antes que enfrentar lo que su propio retrato le devuelve.<\/p>\n\n\n\n<figure class=\"wp-block-embed is-type-video is-provider-youtube wp-block-embed-youtube wp-embed-aspect-4-3 wp-has-aspect-ratio\"><div class=\"wp-block-embed__wrapper\">\n<iframe title=\"MEDIOS PROVINCIA - AQUI Y AHORA 2026\" width=\"696\" height=\"522\" src=\"https:\/\/www.youtube.com\/embed\/OncwkuIkLKE?feature=oembed\" frameborder=\"0\" allow=\"accelerometer; autoplay; clipboard-write; encrypted-media; gyroscope; picture-in-picture; web-share\" referrerpolicy=\"strict-origin-when-cross-origin\" allowfullscreen><\/iframe>\n<\/div><\/figure>\n\n\n\n<p class=\"wp-block-paragraph\">Algo parecido pas\u00f3 ayer con el discurso presidencial. Un hombre que habl\u00f3 durante m\u00e1s de media hora sin insultar \u2014lo cual, dado los antecedentes, ya se anota como progreso\u2014 pero que describi\u00f3 un pa\u00eds que no coincide con el que uno recorre todos los d\u00edas. Dijo que los salarios informales \u00abest\u00e1n volando\u00bb. Y es cierto que hay un dato del INDEC que as\u00ed lo sugiere. Lo que no dijo es que ese salario que \u00abvuela\u00bb promedia 700 mil pesos, sin aguinaldo, sin vacaciones, sin obra social, sin ning\u00fan derecho. Lo que no dijo es que ese mismo trabajador gana, seg\u00fan la propia estad\u00edstica oficial, menos de la mitad que un asalariado formal. El cuadro se guarda en el cuarto cerrado; en el sal\u00f3n se exhibe solamente el rostro joven.<\/p>\n\n\n\n<p class=\"wp-block-paragraph\">Lo mismo con el crecimiento. Se habla de \u00abganar por goleada la batalla del crecimiento\u00bb comparando puntas de series que convienen, mientras el INDEC muestra que la econom\u00eda cay\u00f3 en el primer a\u00f1o de gesti\u00f3n y que el promedio real del per\u00edodo apenas empata con el crecimiento poblacional. Se habla de que la pobreza \u00abbaj\u00f3 a la mitad\u00bb, cuando en rigor baj\u00f3 de 41% a poco m\u00e1s de 28%, y especialistas serios advierten que, con una canasta actualizada, el n\u00famero real rondar\u00eda los 36 puntos. No es la misma cifra. No es la misma noticia. Pero es la que se cuelga en la pared.<\/p>\n\n\n\n<p class=\"wp-block-paragraph\">Y mientras tanto, como pasa siempre que un gobierno necesita correr el eje de la conversaci\u00f3n, aparece Malvinas. Una causa nacional leg\u00edtima, sentida por generaciones enteras, usada ahora como cortina de humo justo cuando arrecia la que la propia industria, la construcci\u00f3n y el comercio vienen mostrando desde hace meses. Un gobierno que hasta ayer se mostraba inc\u00f3modo con cualquier gesto nacionalista \u2014recordemos el enojo oficial cuando la Selecci\u00f3n levant\u00f3 la bandera de Malvinas despu\u00e9s del Mundial\u2014 hoy la convierte en anuncio de cadena nacional. No hay contradicci\u00f3n que no se pueda maquillar cuando el relato lo permite.<\/p>\n\n\n\n<p class=\"wp-block-paragraph\">El problema de <strong>Dorian Gray<\/strong> no era solamente la vanidad. Era que, al negarse a mirar el retrato, dej\u00f3 de poder corregir nada. La corrupci\u00f3n segu\u00eda avanzando exactamente igual, la mirara o no. La diferencia es que un gobierno no tiene el lujo de guardar su retrato en un desv\u00e1n: gobierna sobre personas reales, con salarios reales, con changas que no alcanzan y con industrias que cierran. Nombrar la realidad no es pesimismo ni relato opositor. Es, simplemente, el primer paso para poder cambiarla. Mientras eso no ocurra, seguiremos escuchando discursos sobre un pa\u00eds espl\u00e9ndido que, afuera del sal\u00f3n, muy pocos logran reconocer.<\/p>\n\n\n\n<p class=\"wp-block-paragraph\"><\/p>\n","protected":false},"excerpt":{"rendered":"<p>Hay una escena en \u00abEl retrato de Dorian Gray\u00bb que vale la pena traer a este comentario. Dorian permanece siempre joven, siempre radiante, mientras en un cuarto cerrado su retrato envejece, se pudre y muestra cada una de sus culpas. \u00c9l elige no abrir esa puerta. Prefiere vivir de la superficie intacta antes que enfrentar [&hellip;]<\/p>\n","protected":false},"author":2,"featured_media":97527,"comment_status":"open","ping_status":"open","sticky":false,"template":"","format":"standard","meta":{"tdm_status":"","tdm_grid_status":"","footnotes":""},"categories":[16],"tags":[],"class_list":["post-97526","post","type-post","status-publish","format-standard","has-post-thumbnail","category-opinion"],"featured_image_urls":{"full":["https:\/\/radiolarioja.com.ar\/rlr\/wp-content\/uploads\/2026\/09\/ChatGPT-Image-3-sept-2026-15_40_53.png",1536,1024,false],"thumbnail":["https:\/\/radiolarioja.com.ar\/rlr\/wp-content\/uploads\/2026\/09\/ChatGPT-Image-3-sept-2026-15_40_53-150x150.png",150,150,true],"medium":["https:\/\/radiolarioja.com.ar\/rlr\/wp-content\/uploads\/2026\/09\/ChatGPT-Image-3-sept-2026-15_40_53-300x200.png",300,200,true],"medium_large":["https:\/\/radiolarioja.com.ar\/rlr\/wp-content\/uploads\/2026\/09\/ChatGPT-Image-3-sept-2026-15_40_53-768x512.png",696,464,true],"large":["https:\/\/radiolarioja.com.ar\/rlr\/wp-content\/uploads\/2026\/09\/ChatGPT-Image-3-sept-2026-15_40_53-1024x683.png",696,464,true],"1536x1536":["https:\/\/radiolarioja.com.ar\/rlr\/wp-content\/uploads\/2026\/09\/ChatGPT-Image-3-sept-2026-15_40_53.png",1536,1024,false],"2048x2048":["https:\/\/radiolarioja.com.ar\/rlr\/wp-content\/uploads\/2026\/09\/ChatGPT-Image-3-sept-2026-15_40_53.png",1536,1024,false],"td_218x150":["https:\/\/radiolarioja.com.ar\/rlr\/wp-content\/uploads\/2026\/09\/ChatGPT-Image-3-sept-2026-15_40_53-218x150.png",218,150,true],"td_324x400":["https:\/\/radiolarioja.com.ar\/rlr\/wp-content\/uploads\/2026\/09\/ChatGPT-Image-3-sept-2026-15_40_53-324x216.png",324,216,true],"td_485x360":["https:\/\/radiolarioja.com.ar\/rlr\/wp-content\/uploads\/2026\/09\/ChatGPT-Image-3-sept-2026-15_40_53-485x360.png",485,360,true],"td_696x0":["https:\/\/radiolarioja.com.ar\/rlr\/wp-content\/uploads\/2026\/09\/ChatGPT-Image-3-sept-2026-15_40_53-696x464.png",696,464,true],"td_1068x0":["https:\/\/radiolarioja.com.ar\/rlr\/wp-content\/uploads\/2026\/09\/ChatGPT-Image-3-sept-2026-15_40_53-1068x712.png",1068,712,true],"td_1920x0":["https:\/\/radiolarioja.com.ar\/rlr\/wp-content\/uploads\/2026\/09\/ChatGPT-Image-3-sept-2026-15_40_53.png",1536,1024,false],"td_0x420":["https:\/\/radiolarioja.com.ar\/rlr\/wp-content\/uploads\/2026\/09\/ChatGPT-Image-3-sept-2026-15_40_53.png",630,420,false],"td_80x60":["https:\/\/radiolarioja.com.ar\/rlr\/wp-content\/uploads\/2026\/09\/ChatGPT-Image-3-sept-2026-15_40_53-80x60.png",80,60,true],"td_100x70":["https:\/\/radiolarioja.com.ar\/rlr\/wp-content\/uploads\/2026\/09\/ChatGPT-Image-3-sept-2026-15_40_53-100x70.png",100,70,true],"td_265x198":["https:\/\/radiolarioja.com.ar\/rlr\/wp-content\/uploads\/2026\/09\/ChatGPT-Image-3-sept-2026-15_40_53-265x198.png",265,198,true],"td_324x160":["https:\/\/radiolarioja.com.ar\/rlr\/wp-content\/uploads\/2026\/09\/ChatGPT-Image-3-sept-2026-15_40_53-240x160.png",240,160,true],"td_324x235":["https:\/\/radiolarioja.com.ar\/rlr\/wp-content\/uploads\/2026\/09\/ChatGPT-Image-3-sept-2026-15_40_53-324x235.png",324,235,true],"td_356x220":["https:\/\/radiolarioja.com.ar\/rlr\/wp-content\/uploads\/2026\/09\/ChatGPT-Image-3-sept-2026-15_40_53-330x220.png",330,220,true],"td_356x364":["https:\/\/radiolarioja.com.ar\/rlr\/wp-content\/uploads\/2026\/09\/ChatGPT-Image-3-sept-2026-15_40_53-356x237.png",356,237,true],"td_533x261":["https:\/\/radiolarioja.com.ar\/rlr\/wp-content\/uploads\/2026\/09\/ChatGPT-Image-3-sept-2026-15_40_53-391x261.png",391,261,true],"td_534x462":["https:\/\/radiolarioja.com.ar\/rlr\/wp-content\/uploads\/2026\/09\/ChatGPT-Image-3-sept-2026-15_40_53-534x462.png",534,462,true],"td_696x385":["https:\/\/radiolarioja.com.ar\/rlr\/wp-content\/uploads\/2026\/09\/ChatGPT-Image-3-sept-2026-15_40_53-577x385.png",577,385,true],"td_741x486":["https:\/\/radiolarioja.com.ar\/rlr\/wp-content\/uploads\/2026\/09\/ChatGPT-Image-3-sept-2026-15_40_53-729x486.png",729,486,true],"td_1068x580":["https:\/\/radiolarioja.com.ar\/rlr\/wp-content\/uploads\/2026\/09\/ChatGPT-Image-3-sept-2026-15_40_53-870x580.png",870,580,true]},"author_info":{"info":["RadioLaRioja"]},"category_info":"<a href=\"https:\/\/radiolarioja.com.ar\/rlr\/category\/opinion\/\" rel=\"category tag\">Opini\u00f3n<\/a>","tag_info":"Opini\u00f3n","comment_count":"0","_links":{"self":[{"href":"https:\/\/radiolarioja.com.ar\/rlr\/wp-json\/wp\/v2\/posts\/97526","targetHints":{"allow":["GET"]}}],"collection":[{"href":"https:\/\/radiolarioja.com.ar\/rlr\/wp-json\/wp\/v2\/posts"}],"about":[{"href":"https:\/\/radiolarioja.com.ar\/rlr\/wp-json\/wp\/v2\/types\/post"}],"author":[{"embeddable":true,"href":"https:\/\/radiolarioja.com.ar\/rlr\/wp-json\/wp\/v2\/users\/2"}],"replies":[{"embeddable":true,"href":"https:\/\/radiolarioja.com.ar\/rlr\/wp-json\/wp\/v2\/comments?post=97526"}],"version-history":[{"count":2,"href":"https:\/\/radiolarioja.com.ar\/rlr\/wp-json\/wp\/v2\/posts\/97526\/revisions"}],"predecessor-version":[{"id":97529,"href":"https:\/\/radiolarioja.com.ar\/rlr\/wp-json\/wp\/v2\/posts\/97526\/revisions\/97529"}],"wp:featuredmedia":[{"embeddable":true,"href":"https:\/\/radiolarioja.com.ar\/rlr\/wp-json\/wp\/v2\/media\/97527"}],"wp:attachment":[{"href":"https:\/\/radiolarioja.com.ar\/rlr\/wp-json\/wp\/v2\/media?parent=97526"}],"wp:term":[{"taxonomy":"category","embeddable":true,"href":"https:\/\/radiolarioja.com.ar\/rlr\/wp-json\/wp\/v2\/categories?post=97526"},{"taxonomy":"post_tag","embeddable":true,"href":"https:\/\/radiolarioja.com.ar\/rlr\/wp-json\/wp\/v2\/tags?post=97526"}],"curies":[{"name":"wp","href":"https:\/\/api.w.org\/{rel}","templated":true}]}}