{"id":97505,"date":"2026-09-03T09:42:57","date_gmt":"2026-09-03T12:42:57","guid":{"rendered":"https:\/\/radiolarioja.com.ar\/rlr\/?p=97505"},"modified":"2026-09-03T19:52:16","modified_gmt":"2026-09-03T22:52:16","slug":"el-gobierno-de-la-rioja-presenta-una-variada-agenda-cultural-para-los-proximos-dias","status":"publish","type":"post","link":"https:\/\/radiolarioja.com.ar\/rlr\/el-gobierno-de-la-rioja-presenta-una-variada-agenda-cultural-para-los-proximos-dias\/","title":{"rendered":"El Gobierno de La Rioja presenta una variada agenda cultural para los pr\u00f3ximos d\u00edas"},"content":{"rendered":"\n<p class=\"wp-block-paragraph\">La Secretar\u00eda de Culturas del Gobierno de La Rioja invita a toda la comunidad a participar de una extensa y diversa propuesta de actividades culturales que se desarrollar\u00e1n desde el jueves 3 hasta el domingo 6 de septiembre en distintas salas, centros vecinales y espacios emblem\u00e1ticos de la provincia.<\/p>\n\n\n\n<h3 class=\"wp-block-heading\"><strong>Jueves 3 de septiembre<\/strong><\/h3>\n\n\n\n<ul class=\"wp-block-list\">\n<li class=\"\"><strong>Cine Nacional con \u201cCanelones\u201d:<\/strong> La proyecci\u00f3n se llevar\u00e1 a cabo en Espacio 73 (Catamarca 73) los d\u00edas jueves 3, viernes 4 y domingo 6 a las 22:00 horas. El valor de la entrada general es de $4.200, mientras que para jubilados y estudiantes es de $2.100.<\/li>\n<\/ul>\n\n\n\n<h3 class=\"wp-block-heading\"><strong>Viernes 4 de septiembre<\/strong><\/h3>\n\n\n\n<ul class=\"wp-block-list\">\n<li class=\"\"><strong>Feria creativa:<\/strong> El Paseo de Artesan\u00edas Dionisio D\u00edaz (Pelagio B. Luna 764) abrir\u00e1 sus puertas el viernes y s\u00e1bado de 17:00 a 22:00 horas.<\/li>\n\n\n\n<li class=\"\"><strong>Literatura en Movimiento:<\/strong> Se dictar\u00e1 en el Caf\u00e9 Literario del Paseo Cultural Castro Barros. A las 18:00 horas comenzar\u00e1 el taller \u201cProp\u00f3sito de vida\u201d, a cargo de Carmen Biasori, y a las 19:00 horas se realizar\u00e1 la presentaci\u00f3n del libro <em>\u201cMi amiga la luci\u00e9rnaga\u201d<\/em>, de Luisina Quintero. La actividad se extender\u00e1 de 18:00 a 21:00 horas.<\/li>\n\n\n\n<li class=\"\"><strong>Septiembre Coral:<\/strong> Encuentro de coros de adultos con la presentaci\u00f3n del <em>Coral Del Aire<\/em>, <em>Coro Popular de C\u00e1mara<\/em>, <em>Coro de Docentes Municipales<\/em>, <em>Coro Voces de la Vida<\/em> y <em>Coro Kuntur<\/em>. La cita es de 20:00 a 22:00 horas en la Iglesia Virgen Morenita (Barrio Ant\u00e1rtida 4).<\/li>\n\n\n\n<li class=\"\"><strong>Teatro V\u00edctor Mar\u00eda C\u00e1ceres:<\/strong> Presentaci\u00f3n de la obra <em>\u201cNi media palabra\u201d<\/em>, protagonizada por Nicol\u00e1s Cabr\u00e9, Mariano Mart\u00ednez y el Bicho G\u00f3mez, a las 21:00 horas. Las entradas est\u00e1n disponibles en <code>entradaweb.com.ar<\/code>.<\/li>\n<\/ul>\n\n\n\n<h3 class=\"wp-block-heading\"><strong>S\u00e1bado 5 de septiembre<\/strong><\/h3>\n\n\n\n<ul class=\"wp-block-list\">\n<li class=\"\"><strong>Mes de las Infancias:<\/strong> La Comedia de la Provincia presenta <em>\u00abLa m\u00e1quina de jugar\u00bb<\/em> a las 17:00 horas en el Centro Vecinal del Barrio Las \u00c1gaves (Pellegrini Sur 83).<\/li>\n\n\n\n<li class=\"\"><strong>Septiembre Coral:<\/strong> Contin\u00faa el ciclo coral de 20:00 a 22:00 horas en la Iglesia Virgen Morenita con las actuaciones de <em>Coral Familia<\/em>, <em>Agrupaci\u00f3n Coral Olguita Brizuela y Doria<\/em> y la <em>Agrupaci\u00f3n Coral Rosarito<\/em>.<\/li>\n\n\n\n<li class=\"\"><strong>Teatro V\u00edctor Mar\u00eda C\u00e1ceres:<\/strong> A las 22:00 horas se vivir\u00e1 una <em>\u00abNoche de comedia\u00bb<\/em> con la participaci\u00f3n de Chichalitos, Payaso Copito de Nieve, La Chola (Miguel Salda\u00f1o), Abuela Tomaza (Solange Luna) y Manolo Puga. Entradas a la venta en la boleter\u00eda del teatro.<\/li>\n\n\n\n<li class=\"\"><strong>El And\u00e9n \u2013 Espacio Cultural y Tur\u00edstico:<\/strong> Espect\u00e1culo musical <em>\u201cMi saxo en tu coraz\u00f3n\u201d<\/em> con Gaby Aredes, Pedrito Vera, Yani Burgoi y Gio. Se realizar\u00e1 a las 22:00 horas en la Confiter\u00eda de la Terminal de \u00d3mnibus. Valor de la entrada: $10.000 (reservas al 3804774333 \/ 3804868180).<\/li>\n<\/ul>\n\n\n\n<h3 class=\"wp-block-heading\"><strong>Domingo 6 de septiembre<\/strong><\/h3>\n\n\n\n<ul class=\"wp-block-list\">\n<li class=\"\"><strong>Mes de las Infancias:<\/strong> La Compa\u00f1\u00eda Danza Esc\u00e9nica Riojana presentar\u00e1 la obra <em>\u00abRecreo\u00bb<\/em> a las 17:00 horas en el Centro Vecinal del B\u00b0 Juan Melis (Azkasubi esquina Chamical).<\/li>\n<\/ul>\n\n\n\n<h3 class=\"wp-block-heading\"><strong>Convocatorias abiertas<\/strong><\/h3>\n\n\n\n<p class=\"wp-block-paragraph\">Adem\u00e1s de las actividades presenciales, la Secretar\u00eda de Culturas mantiene vigentes dos convocatorias para la comunidad art\u00edstica:<\/p>\n\n\n\n<ol start=\"1\" class=\"wp-block-list\">\n<li class=\"\"><strong>Concurso de novela breve &#8211; 23\u00b0 Feria del Libro \u201cMemoria, Cultura, Resistencia\u201d:<\/strong> Dirigido a autores\/as mayores de 18 a\u00f1os, nacidos o residentes en La Rioja. Cierre de inscripci\u00f3n: 30 de septiembre.<\/li>\n\n\n\n<li class=\"\"><strong>Memoria y mapeo cultural de las artes visuales riojanas:<\/strong> Relevamiento y actualizaci\u00f3n de la base de datos de artistas visuales. Cierre de inscripci\u00f3n: 1 de octubre.<\/li>\n<\/ol>\n\n\n\n<p class=\"wp-block-paragraph\">Para consultar las bases, condiciones e inscripciones de las convocatorias, se puede ingresar al sitio oficial: <strong><a target=\"_blank\" rel=\"noopener\" href=\"https:\/\/www.google.com\/search?q=https:\/\/culturalarioja.gob.ar\">culturalarioja.gob.ar<\/a><\/strong>.<\/p>\n\n\n\n<figure class=\"wp-block-gallery has-nested-images columns-default is-cropped wp-block-gallery-1 is-layout-flex wp-block-gallery-is-layout-flex\">\n<figure class=\"wp-block-image size-large\"><a href=\"https:\/\/radiolarioja.com.ar\/rlr\/wp-content\/uploads\/2026\/09\/4-de-sept-scaled.jpg\"><img fetchpriority=\"high\" decoding=\"async\" width=\"835\" height=\"1024\" data-id=\"97552\" src=\"https:\/\/radiolarioja.com.ar\/rlr\/wp-content\/uploads\/2026\/09\/4-de-sept-835x1024.jpg\" alt=\"\" class=\"wp-image-97552\" srcset=\"https:\/\/radiolarioja.com.ar\/rlr\/wp-content\/uploads\/2026\/09\/4-de-sept-835x1024.jpg 835w, https:\/\/radiolarioja.com.ar\/rlr\/wp-content\/uploads\/2026\/09\/4-de-sept-244x300.jpg 244w, https:\/\/radiolarioja.com.ar\/rlr\/wp-content\/uploads\/2026\/09\/4-de-sept-768x942.jpg 768w, https:\/\/radiolarioja.com.ar\/rlr\/wp-content\/uploads\/2026\/09\/4-de-sept-1252x1536.jpg 1252w, https:\/\/radiolarioja.com.ar\/rlr\/wp-content\/uploads\/2026\/09\/4-de-sept-1669x2048.jpg 1669w, https:\/\/radiolarioja.com.ar\/rlr\/wp-content\/uploads\/2026\/09\/4-de-sept-695x852.jpg 695w, https:\/\/radiolarioja.com.ar\/rlr\/wp-content\/uploads\/2026\/09\/4-de-sept-1068x1310.jpg 1068w, https:\/\/radiolarioja.com.ar\/rlr\/wp-content\/uploads\/2026\/09\/4-de-sept-1919x2354.jpg 1919w, https:\/\/radiolarioja.com.ar\/rlr\/wp-content\/uploads\/2026\/09\/4-de-sept-296x363.jpg 296w\" sizes=\"(max-width: 835px) 100vw, 835px\" \/><\/a><\/figure>\n\n\n\n<figure class=\"wp-block-image size-large\"><a href=\"https:\/\/radiolarioja.com.ar\/rlr\/wp-content\/uploads\/2026\/09\/5-de-sept-scaled.jpg\"><img decoding=\"async\" width=\"835\" height=\"1024\" data-id=\"97551\" src=\"https:\/\/radiolarioja.com.ar\/rlr\/wp-content\/uploads\/2026\/09\/5-de-sept-835x1024.jpg\" alt=\"\" class=\"wp-image-97551\" srcset=\"https:\/\/radiolarioja.com.ar\/rlr\/wp-content\/uploads\/2026\/09\/5-de-sept-835x1024.jpg 835w, https:\/\/radiolarioja.com.ar\/rlr\/wp-content\/uploads\/2026\/09\/5-de-sept-244x300.jpg 244w, https:\/\/radiolarioja.com.ar\/rlr\/wp-content\/uploads\/2026\/09\/5-de-sept-768x942.jpg 768w, https:\/\/radiolarioja.com.ar\/rlr\/wp-content\/uploads\/2026\/09\/5-de-sept-1252x1536.jpg 1252w, https:\/\/radiolarioja.com.ar\/rlr\/wp-content\/uploads\/2026\/09\/5-de-sept-1669x2048.jpg 1669w, https:\/\/radiolarioja.com.ar\/rlr\/wp-content\/uploads\/2026\/09\/5-de-sept-695x852.jpg 695w, https:\/\/radiolarioja.com.ar\/rlr\/wp-content\/uploads\/2026\/09\/5-de-sept-1068x1310.jpg 1068w, https:\/\/radiolarioja.com.ar\/rlr\/wp-content\/uploads\/2026\/09\/5-de-sept-1919x2354.jpg 1919w, https:\/\/radiolarioja.com.ar\/rlr\/wp-content\/uploads\/2026\/09\/5-de-sept-296x363.jpg 296w\" sizes=\"(max-width: 835px) 100vw, 835px\" \/><\/a><\/figure>\n\n\n\n<figure class=\"wp-block-image size-large\"><a href=\"https:\/\/radiolarioja.com.ar\/rlr\/wp-content\/uploads\/2026\/09\/Anden-5sept-scaled.jpg\"><img decoding=\"async\" width=\"838\" height=\"1024\" data-id=\"97545\" src=\"https:\/\/radiolarioja.com.ar\/rlr\/wp-content\/uploads\/2026\/09\/Anden-5sept-838x1024.jpg\" alt=\"\" class=\"wp-image-97545\" srcset=\"https:\/\/radiolarioja.com.ar\/rlr\/wp-content\/uploads\/2026\/09\/Anden-5sept-838x1024.jpg 838w, https:\/\/radiolarioja.com.ar\/rlr\/wp-content\/uploads\/2026\/09\/Anden-5sept-246x300.jpg 246w, https:\/\/radiolarioja.com.ar\/rlr\/wp-content\/uploads\/2026\/09\/Anden-5sept-767x938.jpg 767w, https:\/\/radiolarioja.com.ar\/rlr\/wp-content\/uploads\/2026\/09\/Anden-5sept-1257x1536.jpg 1257w, https:\/\/radiolarioja.com.ar\/rlr\/wp-content\/uploads\/2026\/09\/Anden-5sept-1676x2048.jpg 1676w, https:\/\/radiolarioja.com.ar\/rlr\/wp-content\/uploads\/2026\/09\/Anden-5sept-695x850.jpg 695w, https:\/\/radiolarioja.com.ar\/rlr\/wp-content\/uploads\/2026\/09\/Anden-5sept-1068x1305.jpg 1068w, https:\/\/radiolarioja.com.ar\/rlr\/wp-content\/uploads\/2026\/09\/Anden-5sept-1920x2346.jpg 1920w, https:\/\/radiolarioja.com.ar\/rlr\/wp-content\/uploads\/2026\/09\/Anden-5sept-297x363.jpg 297w\" sizes=\"(max-width: 838px) 100vw, 838px\" \/><\/a><\/figure>\n\n\n\n<figure class=\"wp-block-image size-large\"><a href=\"https:\/\/radiolarioja.com.ar\/rlr\/wp-content\/uploads\/2026\/09\/Canelones-1.jpeg\"><img loading=\"lazy\" decoding=\"async\" width=\"834\" height=\"1024\" data-id=\"97546\" src=\"https:\/\/radiolarioja.com.ar\/rlr\/wp-content\/uploads\/2026\/09\/Canelones-1-834x1024.jpeg\" alt=\"\" class=\"wp-image-97546\" srcset=\"https:\/\/radiolarioja.com.ar\/rlr\/wp-content\/uploads\/2026\/09\/Canelones-1-834x1024.jpeg 834w, https:\/\/radiolarioja.com.ar\/rlr\/wp-content\/uploads\/2026\/09\/Canelones-1-244x300.jpeg 244w, https:\/\/radiolarioja.com.ar\/rlr\/wp-content\/uploads\/2026\/09\/Canelones-1-768x943.jpeg 768w, https:\/\/radiolarioja.com.ar\/rlr\/wp-content\/uploads\/2026\/09\/Canelones-1-1251x1536.jpeg 1251w, https:\/\/radiolarioja.com.ar\/rlr\/wp-content\/uploads\/2026\/09\/Canelones-1-324x399.jpeg 324w, https:\/\/radiolarioja.com.ar\/rlr\/wp-content\/uploads\/2026\/09\/Canelones-1-695x853.jpeg 695w, https:\/\/radiolarioja.com.ar\/rlr\/wp-content\/uploads\/2026\/09\/Canelones-1-1067x1310.jpeg 1067w, https:\/\/radiolarioja.com.ar\/rlr\/wp-content\/uploads\/2026\/09\/Canelones-1-296x364.jpeg 296w, https:\/\/radiolarioja.com.ar\/rlr\/wp-content\/uploads\/2026\/09\/Canelones-1.jpeg 1303w\" sizes=\"(max-width: 834px) 100vw, 834px\" \/><\/a><\/figure>\n\n\n\n<figure class=\"wp-block-image size-large\"><a href=\"https:\/\/radiolarioja.com.ar\/rlr\/wp-content\/uploads\/2026\/09\/Concurso-letras-Prorroga-1.jpg\"><img loading=\"lazy\" decoding=\"async\" width=\"822\" height=\"1024\" data-id=\"97547\" src=\"https:\/\/radiolarioja.com.ar\/rlr\/wp-content\/uploads\/2026\/09\/Concurso-letras-Prorroga-1-822x1024.jpg\" alt=\"\" class=\"wp-image-97547\" srcset=\"https:\/\/radiolarioja.com.ar\/rlr\/wp-content\/uploads\/2026\/09\/Concurso-letras-Prorroga-1-822x1024.jpg 822w, https:\/\/radiolarioja.com.ar\/rlr\/wp-content\/uploads\/2026\/09\/Concurso-letras-Prorroga-1-241x300.jpg 241w, https:\/\/radiolarioja.com.ar\/rlr\/wp-content\/uploads\/2026\/09\/Concurso-letras-Prorroga-1-767x956.jpg 767w, https:\/\/radiolarioja.com.ar\/rlr\/wp-content\/uploads\/2026\/09\/Concurso-letras-Prorroga-1-1233x1536.jpg 1233w, https:\/\/radiolarioja.com.ar\/rlr\/wp-content\/uploads\/2026\/09\/Concurso-letras-Prorroga-1-1644x2048.jpg 1644w, https:\/\/radiolarioja.com.ar\/rlr\/wp-content\/uploads\/2026\/09\/Concurso-letras-Prorroga-1-321x400.jpg 321w, https:\/\/radiolarioja.com.ar\/rlr\/wp-content\/uploads\/2026\/09\/Concurso-letras-Prorroga-1-696x867.jpg 696w, https:\/\/radiolarioja.com.ar\/rlr\/wp-content\/uploads\/2026\/09\/Concurso-letras-Prorroga-1-1068x1330.jpg 1068w, https:\/\/radiolarioja.com.ar\/rlr\/wp-content\/uploads\/2026\/09\/Concurso-letras-Prorroga-1-292x364.jpg 292w, https:\/\/radiolarioja.com.ar\/rlr\/wp-content\/uploads\/2026\/09\/Concurso-letras-Prorroga-1.jpg 1822w\" sizes=\"(max-width: 822px) 100vw, 822px\" \/><\/a><\/figure>\n\n\n\n<figure class=\"wp-block-image size-large\"><a href=\"https:\/\/radiolarioja.com.ar\/rlr\/wp-content\/uploads\/2026\/09\/Conv.-Mapeo-1-1.jpeg\"><img loading=\"lazy\" decoding=\"async\" width=\"834\" height=\"1024\" data-id=\"97548\" src=\"https:\/\/radiolarioja.com.ar\/rlr\/wp-content\/uploads\/2026\/09\/Conv.-Mapeo-1-1-834x1024.jpeg\" alt=\"\" class=\"wp-image-97548\" srcset=\"https:\/\/radiolarioja.com.ar\/rlr\/wp-content\/uploads\/2026\/09\/Conv.-Mapeo-1-1-834x1024.jpeg 834w, https:\/\/radiolarioja.com.ar\/rlr\/wp-content\/uploads\/2026\/09\/Conv.-Mapeo-1-1-244x300.jpeg 244w, https:\/\/radiolarioja.com.ar\/rlr\/wp-content\/uploads\/2026\/09\/Conv.-Mapeo-1-1-768x943.jpeg 768w, https:\/\/radiolarioja.com.ar\/rlr\/wp-content\/uploads\/2026\/09\/Conv.-Mapeo-1-1-1251x1536.jpeg 1251w, https:\/\/radiolarioja.com.ar\/rlr\/wp-content\/uploads\/2026\/09\/Conv.-Mapeo-1-1-324x399.jpeg 324w, https:\/\/radiolarioja.com.ar\/rlr\/wp-content\/uploads\/2026\/09\/Conv.-Mapeo-1-1-695x853.jpeg 695w, https:\/\/radiolarioja.com.ar\/rlr\/wp-content\/uploads\/2026\/09\/Conv.-Mapeo-1-1-1067x1310.jpeg 1067w, https:\/\/radiolarioja.com.ar\/rlr\/wp-content\/uploads\/2026\/09\/Conv.-Mapeo-1-1-296x364.jpeg 296w, https:\/\/radiolarioja.com.ar\/rlr\/wp-content\/uploads\/2026\/09\/Conv.-Mapeo-1-1.jpeg 1303w\" sizes=\"(max-width: 834px) 100vw, 834px\" \/><\/a><\/figure>\n\n\n\n<figure class=\"wp-block-image size-large\"><a href=\"https:\/\/radiolarioja.com.ar\/rlr\/wp-content\/uploads\/2026\/09\/Innovacion-Domingo-3.jpeg\"><img loading=\"lazy\" decoding=\"async\" width=\"835\" height=\"1024\" data-id=\"97549\" src=\"https:\/\/radiolarioja.com.ar\/rlr\/wp-content\/uploads\/2026\/09\/Innovacion-Domingo-3-835x1024.jpeg\" alt=\"\" class=\"wp-image-97549\" srcset=\"https:\/\/radiolarioja.com.ar\/rlr\/wp-content\/uploads\/2026\/09\/Innovacion-Domingo-3-835x1024.jpeg 835w, https:\/\/radiolarioja.com.ar\/rlr\/wp-content\/uploads\/2026\/09\/Innovacion-Domingo-3-245x300.jpeg 245w, https:\/\/radiolarioja.com.ar\/rlr\/wp-content\/uploads\/2026\/09\/Innovacion-Domingo-3-768x942.jpeg 768w, https:\/\/radiolarioja.com.ar\/rlr\/wp-content\/uploads\/2026\/09\/Innovacion-Domingo-3-1252x1536.jpeg 1252w, https:\/\/radiolarioja.com.ar\/rlr\/wp-content\/uploads\/2026\/09\/Innovacion-Domingo-3-695x853.jpeg 695w, https:\/\/radiolarioja.com.ar\/rlr\/wp-content\/uploads\/2026\/09\/Innovacion-Domingo-3-1068x1310.jpeg 1068w, https:\/\/radiolarioja.com.ar\/rlr\/wp-content\/uploads\/2026\/09\/Innovacion-Domingo-3-296x363.jpeg 296w, https:\/\/radiolarioja.com.ar\/rlr\/wp-content\/uploads\/2026\/09\/Innovacion-Domingo-3.jpeg 1304w\" sizes=\"(max-width: 835px) 100vw, 835px\" \/><\/a><\/figure>\n\n\n\n<figure class=\"wp-block-image size-large\"><a href=\"https:\/\/radiolarioja.com.ar\/rlr\/wp-content\/uploads\/2026\/09\/Innovacion-sabado-2.jpeg\"><img loading=\"lazy\" decoding=\"async\" width=\"834\" height=\"1024\" data-id=\"97550\" src=\"https:\/\/radiolarioja.com.ar\/rlr\/wp-content\/uploads\/2026\/09\/Innovacion-sabado-2-834x1024.jpeg\" alt=\"\" class=\"wp-image-97550\" srcset=\"https:\/\/radiolarioja.com.ar\/rlr\/wp-content\/uploads\/2026\/09\/Innovacion-sabado-2-834x1024.jpeg 834w, https:\/\/radiolarioja.com.ar\/rlr\/wp-content\/uploads\/2026\/09\/Innovacion-sabado-2-244x300.jpeg 244w, https:\/\/radiolarioja.com.ar\/rlr\/wp-content\/uploads\/2026\/09\/Innovacion-sabado-2-768x943.jpeg 768w, https:\/\/radiolarioja.com.ar\/rlr\/wp-content\/uploads\/2026\/09\/Innovacion-sabado-2-1251x1536.jpeg 1251w, https:\/\/radiolarioja.com.ar\/rlr\/wp-content\/uploads\/2026\/09\/Innovacion-sabado-2-324x399.jpeg 324w, https:\/\/radiolarioja.com.ar\/rlr\/wp-content\/uploads\/2026\/09\/Innovacion-sabado-2-695x853.jpeg 695w, https:\/\/radiolarioja.com.ar\/rlr\/wp-content\/uploads\/2026\/09\/Innovacion-sabado-2-1067x1310.jpeg 1067w, https:\/\/radiolarioja.com.ar\/rlr\/wp-content\/uploads\/2026\/09\/Innovacion-sabado-2-296x364.jpeg 296w, https:\/\/radiolarioja.com.ar\/rlr\/wp-content\/uploads\/2026\/09\/Innovacion-sabado-2.jpeg 1303w\" sizes=\"(max-width: 834px) 100vw, 834px\" \/><\/a><\/figure>\n\n\n\n<figure class=\"wp-block-image size-large\"><a href=\"https:\/\/radiolarioja.com.ar\/rlr\/wp-content\/uploads\/2026\/09\/Letras-en-Mov.-Libro-2-scaled.jpg\"><img loading=\"lazy\" decoding=\"async\" width=\"834\" height=\"1024\" data-id=\"97553\" src=\"https:\/\/radiolarioja.com.ar\/rlr\/wp-content\/uploads\/2026\/09\/Letras-en-Mov.-Libro-2-834x1024.jpg\" alt=\"\" class=\"wp-image-97553\" srcset=\"https:\/\/radiolarioja.com.ar\/rlr\/wp-content\/uploads\/2026\/09\/Letras-en-Mov.-Libro-2-834x1024.jpg 834w, https:\/\/radiolarioja.com.ar\/rlr\/wp-content\/uploads\/2026\/09\/Letras-en-Mov.-Libro-2-244x300.jpg 244w, https:\/\/radiolarioja.com.ar\/rlr\/wp-content\/uploads\/2026\/09\/Letras-en-Mov.-Libro-2-768x942.jpg 768w, https:\/\/radiolarioja.com.ar\/rlr\/wp-content\/uploads\/2026\/09\/Letras-en-Mov.-Libro-2-1252x1536.jpg 1252w, https:\/\/radiolarioja.com.ar\/rlr\/wp-content\/uploads\/2026\/09\/Letras-en-Mov.-Libro-2-324x399.jpg 324w, https:\/\/radiolarioja.com.ar\/rlr\/wp-content\/uploads\/2026\/09\/Letras-en-Mov.-Libro-2-1669x2048.jpg 1669w, https:\/\/radiolarioja.com.ar\/rlr\/wp-content\/uploads\/2026\/09\/Letras-en-Mov.-Libro-2-696x854.jpg 696w, https:\/\/radiolarioja.com.ar\/rlr\/wp-content\/uploads\/2026\/09\/Letras-en-Mov.-Libro-2-1067x1310.jpg 1067w, https:\/\/radiolarioja.com.ar\/rlr\/wp-content\/uploads\/2026\/09\/Letras-en-Mov.-Libro-2-1919x2355.jpg 1919w, https:\/\/radiolarioja.com.ar\/rlr\/wp-content\/uploads\/2026\/09\/Letras-en-Mov.-Libro-2-296x364.jpg 296w\" sizes=\"(max-width: 834px) 100vw, 834px\" \/><\/a><\/figure>\n\n\n\n<figure class=\"wp-block-image size-large\"><a href=\"https:\/\/radiolarioja.com.ar\/rlr\/wp-content\/uploads\/2026\/09\/Letras-en-Mov.-Sept.-Gral-1-scaled.jpg\"><img loading=\"lazy\" decoding=\"async\" width=\"835\" height=\"1024\" data-id=\"97554\" src=\"https:\/\/radiolarioja.com.ar\/rlr\/wp-content\/uploads\/2026\/09\/Letras-en-Mov.-Sept.-Gral-1-835x1024.jpg\" alt=\"\" class=\"wp-image-97554\" srcset=\"https:\/\/radiolarioja.com.ar\/rlr\/wp-content\/uploads\/2026\/09\/Letras-en-Mov.-Sept.-Gral-1-835x1024.jpg 835w, https:\/\/radiolarioja.com.ar\/rlr\/wp-content\/uploads\/2026\/09\/Letras-en-Mov.-Sept.-Gral-1-245x300.jpg 245w, https:\/\/radiolarioja.com.ar\/rlr\/wp-content\/uploads\/2026\/09\/Letras-en-Mov.-Sept.-Gral-1-768x942.jpg 768w, https:\/\/radiolarioja.com.ar\/rlr\/wp-content\/uploads\/2026\/09\/Letras-en-Mov.-Sept.-Gral-1-1252x1536.jpg 1252w, https:\/\/radiolarioja.com.ar\/rlr\/wp-content\/uploads\/2026\/09\/Letras-en-Mov.-Sept.-Gral-1-1669x2048.jpg 1669w, https:\/\/radiolarioja.com.ar\/rlr\/wp-content\/uploads\/2026\/09\/Letras-en-Mov.-Sept.-Gral-1-695x853.jpg 695w, https:\/\/radiolarioja.com.ar\/rlr\/wp-content\/uploads\/2026\/09\/Letras-en-Mov.-Sept.-Gral-1-1068x1310.jpg 1068w, https:\/\/radiolarioja.com.ar\/rlr\/wp-content\/uploads\/2026\/09\/Letras-en-Mov.-Sept.-Gral-1-1919x2355.jpg 1919w, https:\/\/radiolarioja.com.ar\/rlr\/wp-content\/uploads\/2026\/09\/Letras-en-Mov.-Sept.-Gral-1-296x363.jpg 296w\" sizes=\"(max-width: 835px) 100vw, 835px\" \/><\/a><\/figure>\n\n\n\n<figure class=\"wp-block-image size-large\"><a href=\"https:\/\/radiolarioja.com.ar\/rlr\/wp-content\/uploads\/2026\/09\/Letras-en-Mov.-Taller-1-scaled.jpg\"><img loading=\"lazy\" decoding=\"async\" width=\"834\" height=\"1024\" data-id=\"97555\" src=\"https:\/\/radiolarioja.com.ar\/rlr\/wp-content\/uploads\/2026\/09\/Letras-en-Mov.-Taller-1-834x1024.jpg\" alt=\"\" class=\"wp-image-97555\" srcset=\"https:\/\/radiolarioja.com.ar\/rlr\/wp-content\/uploads\/2026\/09\/Letras-en-Mov.-Taller-1-834x1024.jpg 834w, https:\/\/radiolarioja.com.ar\/rlr\/wp-content\/uploads\/2026\/09\/Letras-en-Mov.-Taller-1-244x300.jpg 244w, https:\/\/radiolarioja.com.ar\/rlr\/wp-content\/uploads\/2026\/09\/Letras-en-Mov.-Taller-1-768x942.jpg 768w, https:\/\/radiolarioja.com.ar\/rlr\/wp-content\/uploads\/2026\/09\/Letras-en-Mov.-Taller-1-1252x1536.jpg 1252w, https:\/\/radiolarioja.com.ar\/rlr\/wp-content\/uploads\/2026\/09\/Letras-en-Mov.-Taller-1-1669x2048.jpg 1669w, https:\/\/radiolarioja.com.ar\/rlr\/wp-content\/uploads\/2026\/09\/Letras-en-Mov.-Taller-1-324x399.jpg 324w, https:\/\/radiolarioja.com.ar\/rlr\/wp-content\/uploads\/2026\/09\/Letras-en-Mov.-Taller-1-696x854.jpg 696w, https:\/\/radiolarioja.com.ar\/rlr\/wp-content\/uploads\/2026\/09\/Letras-en-Mov.-Taller-1-1067x1310.jpg 1067w, https:\/\/radiolarioja.com.ar\/rlr\/wp-content\/uploads\/2026\/09\/Letras-en-Mov.-Taller-1-1919x2355.jpg 1919w, https:\/\/radiolarioja.com.ar\/rlr\/wp-content\/uploads\/2026\/09\/Letras-en-Mov.-Taller-1-296x364.jpg 296w\" sizes=\"(max-width: 834px) 100vw, 834px\" \/><\/a><\/figure>\n\n\n\n<figure class=\"wp-block-image size-large\"><a href=\"https:\/\/radiolarioja.com.ar\/rlr\/wp-content\/uploads\/2026\/09\/Ni-media-palabra.jpg\"><img loading=\"lazy\" decoding=\"async\" width=\"819\" height=\"1024\" data-id=\"97556\" src=\"https:\/\/radiolarioja.com.ar\/rlr\/wp-content\/uploads\/2026\/09\/Ni-media-palabra-819x1024.jpg\" alt=\"\" class=\"wp-image-97556\" srcset=\"https:\/\/radiolarioja.com.ar\/rlr\/wp-content\/uploads\/2026\/09\/Ni-media-palabra-819x1024.jpg 819w, https:\/\/radiolarioja.com.ar\/rlr\/wp-content\/uploads\/2026\/09\/Ni-media-palabra-240x300.jpg 240w, https:\/\/radiolarioja.com.ar\/rlr\/wp-content\/uploads\/2026\/09\/Ni-media-palabra-768x960.jpg 768w, https:\/\/radiolarioja.com.ar\/rlr\/wp-content\/uploads\/2026\/09\/Ni-media-palabra-1229x1536.jpg 1229w, https:\/\/radiolarioja.com.ar\/rlr\/wp-content\/uploads\/2026\/09\/Ni-media-palabra-320x400.jpg 320w, https:\/\/radiolarioja.com.ar\/rlr\/wp-content\/uploads\/2026\/09\/Ni-media-palabra-696x870.jpg 696w, https:\/\/radiolarioja.com.ar\/rlr\/wp-content\/uploads\/2026\/09\/Ni-media-palabra-1068x1335.jpg 1068w, https:\/\/radiolarioja.com.ar\/rlr\/wp-content\/uploads\/2026\/09\/Ni-media-palabra-291x364.jpg 291w, https:\/\/radiolarioja.com.ar\/rlr\/wp-content\/uploads\/2026\/09\/Ni-media-palabra.jpg 1280w\" sizes=\"(max-width: 819px) 100vw, 819px\" \/><\/a><\/figure>\n\n\n\n<figure class=\"wp-block-image size-large\"><a href=\"https:\/\/radiolarioja.com.ar\/rlr\/wp-content\/uploads\/2026\/09\/Noche-de-comedia.jpg\"><img loading=\"lazy\" decoding=\"async\" width=\"834\" height=\"1024\" data-id=\"97557\" src=\"https:\/\/radiolarioja.com.ar\/rlr\/wp-content\/uploads\/2026\/09\/Noche-de-comedia-834x1024.jpg\" alt=\"\" class=\"wp-image-97557\" srcset=\"https:\/\/radiolarioja.com.ar\/rlr\/wp-content\/uploads\/2026\/09\/Noche-de-comedia-834x1024.jpg 834w, https:\/\/radiolarioja.com.ar\/rlr\/wp-content\/uploads\/2026\/09\/Noche-de-comedia-244x300.jpg 244w, https:\/\/radiolarioja.com.ar\/rlr\/wp-content\/uploads\/2026\/09\/Noche-de-comedia-768x943.jpg 768w, https:\/\/radiolarioja.com.ar\/rlr\/wp-content\/uploads\/2026\/09\/Noche-de-comedia-1251x1536.jpg 1251w, https:\/\/radiolarioja.com.ar\/rlr\/wp-content\/uploads\/2026\/09\/Noche-de-comedia-324x399.jpg 324w, https:\/\/radiolarioja.com.ar\/rlr\/wp-content\/uploads\/2026\/09\/Noche-de-comedia-695x853.jpg 695w, https:\/\/radiolarioja.com.ar\/rlr\/wp-content\/uploads\/2026\/09\/Noche-de-comedia-1067x1310.jpg 1067w, https:\/\/radiolarioja.com.ar\/rlr\/wp-content\/uploads\/2026\/09\/Noche-de-comedia-296x364.jpg 296w, https:\/\/radiolarioja.com.ar\/rlr\/wp-content\/uploads\/2026\/09\/Noche-de-comedia.jpg 1303w\" sizes=\"(max-width: 834px) 100vw, 834px\" \/><\/a><\/figure>\n<\/figure>\n","protected":false},"excerpt":{"rendered":"<p>La Secretar\u00eda de Culturas del Gobierno de La Rioja invita a toda la comunidad a participar de una extensa y diversa propuesta de actividades culturales que se desarrollar\u00e1n desde el jueves 3 hasta el domingo 6 de septiembre en distintas salas, centros vecinales y espacios emblem\u00e1ticos de la provincia. Jueves 3 de septiembre Viernes 4 [&hellip;]<\/p>\n","protected":false},"author":2,"featured_media":97557,"comment_status":"open","ping_status":"open","sticky":false,"template":"","format":"standard","meta":{"tdm_status":"","tdm_grid_status":"","footnotes":""},"categories":[12],"tags":[],"class_list":["post-97505","post","type-post","status-publish","format-standard","has-post-thumbnail","category-local"],"featured_image_urls":{"full":["https:\/\/radiolarioja.com.ar\/rlr\/wp-content\/uploads\/2026\/09\/Noche-de-comedia.jpg",1303,1600,false],"thumbnail":["https:\/\/radiolarioja.com.ar\/rlr\/wp-content\/uploads\/2026\/09\/Noche-de-comedia-150x150.jpg",150,150,true],"medium":["https:\/\/radiolarioja.com.ar\/rlr\/wp-content\/uploads\/2026\/09\/Noche-de-comedia-244x300.jpg",244,300,true],"medium_large":["https:\/\/radiolarioja.com.ar\/rlr\/wp-content\/uploads\/2026\/09\/Noche-de-comedia-768x943.jpg",696,855,true],"large":["https:\/\/radiolarioja.com.ar\/rlr\/wp-content\/uploads\/2026\/09\/Noche-de-comedia-834x1024.jpg",696,855,true],"1536x1536":["https:\/\/radiolarioja.com.ar\/rlr\/wp-content\/uploads\/2026\/09\/Noche-de-comedia-1251x1536.jpg",1251,1536,true],"2048x2048":["https:\/\/radiolarioja.com.ar\/rlr\/wp-content\/uploads\/2026\/09\/Noche-de-comedia.jpg",1303,1600,false],"td_218x150":["https:\/\/radiolarioja.com.ar\/rlr\/wp-content\/uploads\/2026\/09\/Noche-de-comedia-217x150.jpg",217,150,true],"td_324x400":["https:\/\/radiolarioja.com.ar\/rlr\/wp-content\/uploads\/2026\/09\/Noche-de-comedia-324x399.jpg",324,399,true],"td_485x360":["https:\/\/radiolarioja.com.ar\/rlr\/wp-content\/uploads\/2026\/09\/Noche-de-comedia-485x360.jpg",485,360,true],"td_696x0":["https:\/\/radiolarioja.com.ar\/rlr\/wp-content\/uploads\/2026\/09\/Noche-de-comedia-695x853.jpg",695,853,true],"td_1068x0":["https:\/\/radiolarioja.com.ar\/rlr\/wp-content\/uploads\/2026\/09\/Noche-de-comedia-1067x1310.jpg",1067,1310,true],"td_1920x0":["https:\/\/radiolarioja.com.ar\/rlr\/wp-content\/uploads\/2026\/09\/Noche-de-comedia.jpg",1303,1600,false],"td_0x420":["https:\/\/radiolarioja.com.ar\/rlr\/wp-content\/uploads\/2026\/09\/Noche-de-comedia.jpg",342,420,false],"td_80x60":["https:\/\/radiolarioja.com.ar\/rlr\/wp-content\/uploads\/2026\/09\/Noche-de-comedia-79x60.jpg",79,60,true],"td_100x70":["https:\/\/radiolarioja.com.ar\/rlr\/wp-content\/uploads\/2026\/09\/Noche-de-comedia-99x70.jpg",99,70,true],"td_265x198":["https:\/\/radiolarioja.com.ar\/rlr\/wp-content\/uploads\/2026\/09\/Noche-de-comedia-264x198.jpg",264,198,true],"td_324x160":["https:\/\/radiolarioja.com.ar\/rlr\/wp-content\/uploads\/2026\/09\/Noche-de-comedia-323x160.jpg",323,160,true],"td_324x235":["https:\/\/radiolarioja.com.ar\/rlr\/wp-content\/uploads\/2026\/09\/Noche-de-comedia-323x235.jpg",323,235,true],"td_356x220":["https:\/\/radiolarioja.com.ar\/rlr\/wp-content\/uploads\/2026\/09\/Noche-de-comedia-356x220.jpg",356,220,true],"td_356x364":["https:\/\/radiolarioja.com.ar\/rlr\/wp-content\/uploads\/2026\/09\/Noche-de-comedia-296x364.jpg",296,364,true],"td_533x261":["https:\/\/radiolarioja.com.ar\/rlr\/wp-content\/uploads\/2026\/09\/Noche-de-comedia-533x261.jpg",533,261,true],"td_534x462":["https:\/\/radiolarioja.com.ar\/rlr\/wp-content\/uploads\/2026\/09\/Noche-de-comedia-533x462.jpg",533,462,true],"td_696x385":["https:\/\/radiolarioja.com.ar\/rlr\/wp-content\/uploads\/2026\/09\/Noche-de-comedia-695x385.jpg",695,385,true],"td_741x486":["https:\/\/radiolarioja.com.ar\/rlr\/wp-content\/uploads\/2026\/09\/Noche-de-comedia-740x486.jpg",740,486,true],"td_1068x580":["https:\/\/radiolarioja.com.ar\/rlr\/wp-content\/uploads\/2026\/09\/Noche-de-comedia-1068x580.jpg",1068,580,true]},"author_info":{"info":["RadioLaRioja"]},"category_info":"<a href=\"https:\/\/radiolarioja.com.ar\/rlr\/category\/local\/\" rel=\"category tag\">Local<\/a>","tag_info":"Local","comment_count":"0","_links":{"self":[{"href":"https:\/\/radiolarioja.com.ar\/rlr\/wp-json\/wp\/v2\/posts\/97505","targetHints":{"allow":["GET"]}}],"collection":[{"href":"https:\/\/radiolarioja.com.ar\/rlr\/wp-json\/wp\/v2\/posts"}],"about":[{"href":"https:\/\/radiolarioja.com.ar\/rlr\/wp-json\/wp\/v2\/types\/post"}],"author":[{"embeddable":true,"href":"https:\/\/radiolarioja.com.ar\/rlr\/wp-json\/wp\/v2\/users\/2"}],"replies":[{"embeddable":true,"href":"https:\/\/radiolarioja.com.ar\/rlr\/wp-json\/wp\/v2\/comments?post=97505"}],"version-history":[{"count":2,"href":"https:\/\/radiolarioja.com.ar\/rlr\/wp-json\/wp\/v2\/posts\/97505\/revisions"}],"predecessor-version":[{"id":97558,"href":"https:\/\/radiolarioja.com.ar\/rlr\/wp-json\/wp\/v2\/posts\/97505\/revisions\/97558"}],"wp:featuredmedia":[{"embeddable":true,"href":"https:\/\/radiolarioja.com.ar\/rlr\/wp-json\/wp\/v2\/media\/97557"}],"wp:attachment":[{"href":"https:\/\/radiolarioja.com.ar\/rlr\/wp-json\/wp\/v2\/media?parent=97505"}],"wp:term":[{"taxonomy":"category","embeddable":true,"href":"https:\/\/radiolarioja.com.ar\/rlr\/wp-json\/wp\/v2\/categories?post=97505"},{"taxonomy":"post_tag","embeddable":true,"href":"https:\/\/radiolarioja.com.ar\/rlr\/wp-json\/wp\/v2\/tags?post=97505"}],"curies":[{"name":"wp","href":"https:\/\/api.w.org\/{rel}","templated":true}]}}