{"id":97501,"date":"2026-09-02T20:24:45","date_gmt":"2026-09-02T23:24:45","guid":{"rendered":"https:\/\/radiolarioja.com.ar\/rlr\/?p=97501"},"modified":"2026-09-02T20:24:47","modified_gmt":"2026-09-02T23:24:47","slug":"busqueda-urgente-en-la-rioja-desaparecio-una-adolescente-de-16-anos-y-piden-colaboracion-a-la-comunidad","status":"publish","type":"post","link":"https:\/\/radiolarioja.com.ar\/rlr\/busqueda-urgente-en-la-rioja-desaparecio-una-adolescente-de-16-anos-y-piden-colaboracion-a-la-comunidad\/","title":{"rendered":"B\u00daSQUEDA URGENTE EN LA RIOJA: DESAPARECI\u00d3 UNA ADOLESCENTE DE 16 A\u00d1OS Y PIDEN COLABORACI\u00d3N A LA COMUNIDAD"},"content":{"rendered":"\n<p class=\"wp-block-paragraph\">Una intensa e incesante b\u00fasqueda se lleva a cabo en la capital riojana tras la desaparici\u00f3n de <strong>Zoe Ximena Carneiro Farias<\/strong>, una adolescente de 16 a\u00f1os de quien no se tienen noticias desde la ma\u00f1ana del martes 1 de septiembre. Su familia y las autoridades locales solicitan la m\u00e1xima difusi\u00f3n y colaboraci\u00f3n de la sociedad para dar con su paradero.<\/p>\n\n\n\n<p class=\"wp-block-paragraph\">Seg\u00fan la informaci\u00f3n brindada por sus allegados, la joven fue vista por \u00faltima vez cuando la dejaron en la puerta del Colegio Provincial N\u00b0 13. Sin embargo, se confirm\u00f3 que Zoe no lleg\u00f3 a ingresar al establecimiento educativo. El \u00faltimo contacto que mantuvo con su familia fue ese mismo martes a las 14:30 horas; desde ese momento, su tel\u00e9fono permanece apagado y se desconoce d\u00f3nde podr\u00eda estar.<\/p>\n\n\n\n<p class=\"wp-block-paragraph\"><strong>Datos para identificarla:<\/strong><\/p>\n\n\n\n<ul class=\"wp-block-list\">\n<li class=\"\"><strong>Descripci\u00f3n f\u00edsica:<\/strong> Mide aproximadamente 1,55 metros de estatura, es de contextura delgada, tez trigue\u00f1a, ojos marrones claros y cabello negro, lacio, a la altura de los hombros y con flequillo.<\/li>\n\n\n\n<li class=\"\"><strong>Vestimenta:<\/strong> Al momento de su desaparici\u00f3n llevaba la chomba bord\u00f3 del colegio, una campera con dise\u00f1o tipo rompecabezas, jean negro, zapatillas blancas con detalles en negro y una mochila negra.<\/li>\n<\/ul>\n\n\n\n<p class=\"wp-block-paragraph\">Las autoridades policiales ya se encuentran desplegando un operativo para dar con la menor. Se pide a cualquier persona que pueda aportar datos certeros, fotos o informaci\u00f3n sobre su ubicaci\u00f3n que se comunique de inmediato con la <strong>dependencia policial m\u00e1s cercana<\/strong> o al <strong>911 \/ servicio de emergencias<\/strong>. Cada minuto cuenta y la colaboraci\u00f3n ciudadana es fundamental.<\/p>\n\n\n\n<p class=\"wp-block-paragraph\"><\/p>\n","protected":false},"excerpt":{"rendered":"<p>Una intensa e incesante b\u00fasqueda se lleva a cabo en la capital riojana tras la desaparici\u00f3n de Zoe Ximena Carneiro Farias, una adolescente de 16 a\u00f1os de quien no se tienen noticias desde la ma\u00f1ana del martes 1 de septiembre. Su familia y las autoridades locales solicitan la m\u00e1xima difusi\u00f3n y colaboraci\u00f3n de la sociedad [&hellip;]<\/p>\n","protected":false},"author":2,"featured_media":97502,"comment_status":"open","ping_status":"open","sticky":false,"template":"","format":"standard","meta":{"tdm_status":"","tdm_grid_status":"","footnotes":""},"categories":[12],"tags":[],"class_list":["post-97501","post","type-post","status-publish","format-standard","has-post-thumbnail","category-local"],"featured_image_urls":{"full":["https:\/\/radiolarioja.com.ar\/rlr\/wp-content\/uploads\/2026\/09\/790226614_1099062415793343_7730822622821464505_n.jpg",448,477,false],"thumbnail":["https:\/\/radiolarioja.com.ar\/rlr\/wp-content\/uploads\/2026\/09\/790226614_1099062415793343_7730822622821464505_n-150x150.jpg",150,150,true],"medium":["https:\/\/radiolarioja.com.ar\/rlr\/wp-content\/uploads\/2026\/09\/790226614_1099062415793343_7730822622821464505_n-282x300.jpg",282,300,true],"medium_large":["https:\/\/radiolarioja.com.ar\/rlr\/wp-content\/uploads\/2026\/09\/790226614_1099062415793343_7730822622821464505_n.jpg",448,477,false],"large":["https:\/\/radiolarioja.com.ar\/rlr\/wp-content\/uploads\/2026\/09\/790226614_1099062415793343_7730822622821464505_n.jpg",448,477,false],"1536x1536":["https:\/\/radiolarioja.com.ar\/rlr\/wp-content\/uploads\/2026\/09\/790226614_1099062415793343_7730822622821464505_n.jpg",448,477,false],"2048x2048":["https:\/\/radiolarioja.com.ar\/rlr\/wp-content\/uploads\/2026\/09\/790226614_1099062415793343_7730822622821464505_n.jpg",448,477,false],"td_218x150":["https:\/\/radiolarioja.com.ar\/rlr\/wp-content\/uploads\/2026\/09\/790226614_1099062415793343_7730822622821464505_n-218x150.jpg",218,150,true],"td_324x400":["https:\/\/radiolarioja.com.ar\/rlr\/wp-content\/uploads\/2026\/09\/790226614_1099062415793343_7730822622821464505_n-324x399.jpg",324,399,true],"td_485x360":["https:\/\/radiolarioja.com.ar\/rlr\/wp-content\/uploads\/2026\/09\/790226614_1099062415793343_7730822622821464505_n-448x360.jpg",448,360,true],"td_696x0":["https:\/\/radiolarioja.com.ar\/rlr\/wp-content\/uploads\/2026\/09\/790226614_1099062415793343_7730822622821464505_n.jpg",448,477,false],"td_1068x0":["https:\/\/radiolarioja.com.ar\/rlr\/wp-content\/uploads\/2026\/09\/790226614_1099062415793343_7730822622821464505_n.jpg",448,477,false],"td_1920x0":["https:\/\/radiolarioja.com.ar\/rlr\/wp-content\/uploads\/2026\/09\/790226614_1099062415793343_7730822622821464505_n.jpg",448,477,false],"td_0x420":["https:\/\/radiolarioja.com.ar\/rlr\/wp-content\/uploads\/2026\/09\/790226614_1099062415793343_7730822622821464505_n.jpg",394,420,false],"td_80x60":["https:\/\/radiolarioja.com.ar\/rlr\/wp-content\/uploads\/2026\/09\/790226614_1099062415793343_7730822622821464505_n-80x60.jpg",80,60,true],"td_100x70":["https:\/\/radiolarioja.com.ar\/rlr\/wp-content\/uploads\/2026\/09\/790226614_1099062415793343_7730822622821464505_n-100x70.jpg",100,70,true],"td_265x198":["https:\/\/radiolarioja.com.ar\/rlr\/wp-content\/uploads\/2026\/09\/790226614_1099062415793343_7730822622821464505_n-265x198.jpg",265,198,true],"td_324x160":["https:\/\/radiolarioja.com.ar\/rlr\/wp-content\/uploads\/2026\/09\/790226614_1099062415793343_7730822622821464505_n-323x160.jpg",323,160,true],"td_324x235":["https:\/\/radiolarioja.com.ar\/rlr\/wp-content\/uploads\/2026\/09\/790226614_1099062415793343_7730822622821464505_n-323x235.jpg",323,235,true],"td_356x220":["https:\/\/radiolarioja.com.ar\/rlr\/wp-content\/uploads\/2026\/09\/790226614_1099062415793343_7730822622821464505_n-356x220.jpg",356,220,true],"td_356x364":["https:\/\/radiolarioja.com.ar\/rlr\/wp-content\/uploads\/2026\/09\/790226614_1099062415793343_7730822622821464505_n-341x363.jpg",341,363,true],"td_533x261":["https:\/\/radiolarioja.com.ar\/rlr\/wp-content\/uploads\/2026\/09\/790226614_1099062415793343_7730822622821464505_n-448x261.jpg",448,261,true],"td_534x462":["https:\/\/radiolarioja.com.ar\/rlr\/wp-content\/uploads\/2026\/09\/790226614_1099062415793343_7730822622821464505_n-448x462.jpg",448,462,true],"td_696x385":["https:\/\/radiolarioja.com.ar\/rlr\/wp-content\/uploads\/2026\/09\/790226614_1099062415793343_7730822622821464505_n-448x385.jpg",448,385,true],"td_741x486":["https:\/\/radiolarioja.com.ar\/rlr\/wp-content\/uploads\/2026\/09\/790226614_1099062415793343_7730822622821464505_n.jpg",448,477,false],"td_1068x580":["https:\/\/radiolarioja.com.ar\/rlr\/wp-content\/uploads\/2026\/09\/790226614_1099062415793343_7730822622821464505_n.jpg",448,477,false]},"author_info":{"info":["RadioLaRioja"]},"category_info":"<a href=\"https:\/\/radiolarioja.com.ar\/rlr\/category\/local\/\" rel=\"category tag\">Local<\/a>","tag_info":"Local","comment_count":"0","_links":{"self":[{"href":"https:\/\/radiolarioja.com.ar\/rlr\/wp-json\/wp\/v2\/posts\/97501","targetHints":{"allow":["GET"]}}],"collection":[{"href":"https:\/\/radiolarioja.com.ar\/rlr\/wp-json\/wp\/v2\/posts"}],"about":[{"href":"https:\/\/radiolarioja.com.ar\/rlr\/wp-json\/wp\/v2\/types\/post"}],"author":[{"embeddable":true,"href":"https:\/\/radiolarioja.com.ar\/rlr\/wp-json\/wp\/v2\/users\/2"}],"replies":[{"embeddable":true,"href":"https:\/\/radiolarioja.com.ar\/rlr\/wp-json\/wp\/v2\/comments?post=97501"}],"version-history":[{"count":1,"href":"https:\/\/radiolarioja.com.ar\/rlr\/wp-json\/wp\/v2\/posts\/97501\/revisions"}],"predecessor-version":[{"id":97503,"href":"https:\/\/radiolarioja.com.ar\/rlr\/wp-json\/wp\/v2\/posts\/97501\/revisions\/97503"}],"wp:featuredmedia":[{"embeddable":true,"href":"https:\/\/radiolarioja.com.ar\/rlr\/wp-json\/wp\/v2\/media\/97502"}],"wp:attachment":[{"href":"https:\/\/radiolarioja.com.ar\/rlr\/wp-json\/wp\/v2\/media?parent=97501"}],"wp:term":[{"taxonomy":"category","embeddable":true,"href":"https:\/\/radiolarioja.com.ar\/rlr\/wp-json\/wp\/v2\/categories?post=97501"},{"taxonomy":"post_tag","embeddable":true,"href":"https:\/\/radiolarioja.com.ar\/rlr\/wp-json\/wp\/v2\/tags?post=97501"}],"curies":[{"name":"wp","href":"https:\/\/api.w.org\/{rel}","templated":true}]}}