{"id":97497,"date":"2026-09-02T20:11:08","date_gmt":"2026-09-02T23:11:08","guid":{"rendered":"https:\/\/radiolarioja.com.ar\/rlr\/?p=97497"},"modified":"2026-09-02T20:11:11","modified_gmt":"2026-09-02T23:11:11","slug":"la-rioja-reduce-tasas-de-interes-y-combate-la-usura-informal-ante-el-avance-del-endeudamiento","status":"publish","type":"post","link":"https:\/\/radiolarioja.com.ar\/rlr\/la-rioja-reduce-tasas-de-interes-y-combate-la-usura-informal-ante-el-avance-del-endeudamiento\/","title":{"rendered":"La Rioja reduce tasas de inter\u00e9s y combate la usura informal ante el avance del endeudamiento"},"content":{"rendered":"\n<p class=\"wp-block-paragraph\">En medio de una creciente preocupaci\u00f3n por el nivel de endeudamiento que afecta a cerca del 40% de la poblaci\u00f3n econ\u00f3micamente activa en el pa\u00eds, el gobernador de La Rioja, Ricardo Quintela, anunci\u00f3 la implementaci\u00f3n de un plan de emergencia financiera mediante el Banco de La Rioja y un fuerte despliegue policial contra el circuito de prestamistas ilegales.<\/p>\n\n\n\n<p class=\"wp-block-paragraph\">A trav\u00e9s de un decreto del Ejecutivo provincial, la entidad bancaria concret\u00f3 una rebaja en sus tasas de inter\u00e9s. Para los clientes que se encuentran al d\u00eda, la tasa descendi\u00f3 del 76% al 56%, posicion\u00e1ndose entre las m\u00e1s bajas del mercado financiero nacional. En tanto, para los deudores con morosidad superior a los 90 d\u00edas, la tasa se redujo al 47% con el fin de facilitar la refinanciaci\u00f3n de las deudas en cuotas fijas.<\/p>\n\n\n\n<p class=\"wp-block-paragraph\">El mandatario detall\u00f3 que el banco riojano registra unos 30.000 clientes, de los cuales alrededor de 5.000 presentan dificultades de pago, con un endeudamiento promedio de 600.000 pesos por persona. Asimismo, se indic\u00f3 que la entidad absorber\u00e1 deudas de sus clientes con otros bancos privados o financieras bajo estas mismas condiciones de tasa preferencial.<\/p>\n\n\n\n<p class=\"wp-block-paragraph\"><strong>Operativos contra prestamistas informales<\/strong><\/p>\n\n\n\n<p class=\"wp-block-paragraph\">En paralelo, la Divisi\u00f3n de Delitos Econ\u00f3micos de la Polic\u00eda de La Rioja intensific\u00f3 las acciones contra la usura ilegal y las redes de pr\u00e9stamo informal que extorsionan a los ciudadanos. Quintela confirm\u00f3 que ya son m\u00e1s de 10 los prestamistas detenidos en la provincia, destacando un reciente operativo en el que se incautaron 170 millones de pesos en efectivo y m\u00e1s de 100 tarjetas de d\u00e9bito retenidas a los damnificados.<\/p>\n\n\n\n<p class=\"wp-block-paragraph\">Desde el gobierno provincial advirtieron que la Justicia intervino para frenar maniobras abusivas \u2014como la firma de pagar\u00e9s en blanco o la entrega de veh\u00edculos y escrituras en garant\u00eda\u2014 e informaron que se solicitar\u00e1 la deportaci\u00f3n de aquellos prestamistas extranjeros que incurran en estos delitos. Para denunciar estas situaciones sin riesgo de represalias, la provincia habilit\u00f3 l\u00edneas de contacto que garantizan la reserva de identidad de las v\u00edctimas.<\/p>\n\n\n\n<p class=\"wp-block-paragraph\"><strong>Cr\u00edticas a la gesti\u00f3n econ\u00f3mica nacional<\/strong><\/p>\n\n\n\n<p class=\"wp-block-paragraph\">Durante su intervenci\u00f3n, Quintela apunt\u00f3 contra el rumbo del Gobierno Nacional y la vigencia del R\u00e9gimen de Incentivos para Grandes Inversiones (RIGI), al se\u00f1alar que otorga beneficios impositivos excesivos a corporaciones internacionales en detrimento de la industria nacional y las peque\u00f1as empresas. Seg\u00fan detall\u00f3, las pymes locales afrontan mayores cargas tributarias, mientras miles de emprendimientos han cerrado sus puertas en todo el pa\u00eds.<\/p>\n\n\n\n<p class=\"wp-block-paragraph\">El gobernador volvi\u00f3 a denunciar una marcada discriminaci\u00f3n presupuestaria hacia La Rioja por parte del Poder Ejecutivo central, al que le reclam\u00f3 una deuda cercana a los 2.000 millones de d\u00f3lares en concepto de fondos coparticipables y transferencias cortadas. Al respecto, justific\u00f3 la postergaci\u00f3n de los pagos de la deuda financiera internacional de la provincia para dar prioridad al auxilio social y alimentario de los riojanos.<\/p>\n\n\n\n<figure class=\"wp-block-embed is-type-video is-provider-youtube wp-block-embed-youtube wp-embed-aspect-16-9 wp-has-aspect-ratio\"><div class=\"wp-block-embed__wrapper\">\n<iframe title=\"&quot;El 40% de los RIOJANOS est\u00e1 ENDEUDADO&quot; | RICARDO QUINTELA\" width=\"696\" height=\"392\" src=\"https:\/\/www.youtube.com\/embed\/yolJCjk-f5Q?feature=oembed\" frameborder=\"0\" allow=\"accelerometer; autoplay; clipboard-write; encrypted-media; gyroscope; picture-in-picture; web-share\" referrerpolicy=\"strict-origin-when-cross-origin\" allowfullscreen><\/iframe>\n<\/div><\/figure>\n","protected":false},"excerpt":{"rendered":"<p>En medio de una creciente preocupaci\u00f3n por el nivel de endeudamiento que afecta a cerca del 40% de la poblaci\u00f3n econ\u00f3micamente activa en el pa\u00eds, el gobernador de La Rioja, Ricardo Quintela, anunci\u00f3 la implementaci\u00f3n de un plan de emergencia financiera mediante el Banco de La Rioja y un fuerte despliegue policial contra el circuito [&hellip;]<\/p>\n","protected":false},"author":2,"featured_media":97500,"comment_status":"open","ping_status":"open","sticky":false,"template":"","format":"standard","meta":{"tdm_status":"","tdm_grid_status":"","footnotes":""},"categories":[15],"tags":[],"class_list":["post-97497","post","type-post","status-publish","format-standard","has-post-thumbnail","category-nacional"],"featured_image_urls":{"full":["https:\/\/radiolarioja.com.ar\/rlr\/wp-content\/uploads\/2026\/09\/maxresdefault-9.jpg",1280,720,false],"thumbnail":["https:\/\/radiolarioja.com.ar\/rlr\/wp-content\/uploads\/2026\/09\/maxresdefault-9-150x150.jpg",150,150,true],"medium":["https:\/\/radiolarioja.com.ar\/rlr\/wp-content\/uploads\/2026\/09\/maxresdefault-9-300x169.jpg",300,169,true],"medium_large":["https:\/\/radiolarioja.com.ar\/rlr\/wp-content\/uploads\/2026\/09\/maxresdefault-9-768x432.jpg",696,392,true],"large":["https:\/\/radiolarioja.com.ar\/rlr\/wp-content\/uploads\/2026\/09\/maxresdefault-9-1024x576.jpg",696,392,true],"1536x1536":["https:\/\/radiolarioja.com.ar\/rlr\/wp-content\/uploads\/2026\/09\/maxresdefault-9.jpg",1280,720,false],"2048x2048":["https:\/\/radiolarioja.com.ar\/rlr\/wp-content\/uploads\/2026\/09\/maxresdefault-9.jpg",1280,720,false],"td_218x150":["https:\/\/radiolarioja.com.ar\/rlr\/wp-content\/uploads\/2026\/09\/maxresdefault-9-218x150.jpg",218,150,true],"td_324x400":["https:\/\/radiolarioja.com.ar\/rlr\/wp-content\/uploads\/2026\/09\/maxresdefault-9-324x400.jpg",324,400,true],"td_485x360":["https:\/\/radiolarioja.com.ar\/rlr\/wp-content\/uploads\/2026\/09\/maxresdefault-9-485x360.jpg",485,360,true],"td_696x0":["https:\/\/radiolarioja.com.ar\/rlr\/wp-content\/uploads\/2026\/09\/maxresdefault-9-696x392.jpg",696,392,true],"td_1068x0":["https:\/\/radiolarioja.com.ar\/rlr\/wp-content\/uploads\/2026\/09\/maxresdefault-9-1068x601.jpg",1068,601,true],"td_1920x0":["https:\/\/radiolarioja.com.ar\/rlr\/wp-content\/uploads\/2026\/09\/maxresdefault-9.jpg",1280,720,false],"td_0x420":["https:\/\/radiolarioja.com.ar\/rlr\/wp-content\/uploads\/2026\/09\/maxresdefault-9-747x420.jpg",747,420,true],"td_80x60":["https:\/\/radiolarioja.com.ar\/rlr\/wp-content\/uploads\/2026\/09\/maxresdefault-9-80x60.jpg",80,60,true],"td_100x70":["https:\/\/radiolarioja.com.ar\/rlr\/wp-content\/uploads\/2026\/09\/maxresdefault-9-100x70.jpg",100,70,true],"td_265x198":["https:\/\/radiolarioja.com.ar\/rlr\/wp-content\/uploads\/2026\/09\/maxresdefault-9-265x198.jpg",265,198,true],"td_324x160":["https:\/\/radiolarioja.com.ar\/rlr\/wp-content\/uploads\/2026\/09\/maxresdefault-9-324x160.jpg",324,160,true],"td_324x235":["https:\/\/radiolarioja.com.ar\/rlr\/wp-content\/uploads\/2026\/09\/maxresdefault-9-324x235.jpg",324,235,true],"td_356x220":["https:\/\/radiolarioja.com.ar\/rlr\/wp-content\/uploads\/2026\/09\/maxresdefault-9-356x220.jpg",356,220,true],"td_356x364":["https:\/\/radiolarioja.com.ar\/rlr\/wp-content\/uploads\/2026\/09\/maxresdefault-9-356x364.jpg",356,364,true],"td_533x261":["https:\/\/radiolarioja.com.ar\/rlr\/wp-content\/uploads\/2026\/09\/maxresdefault-9-533x261.jpg",533,261,true],"td_534x462":["https:\/\/radiolarioja.com.ar\/rlr\/wp-content\/uploads\/2026\/09\/maxresdefault-9-534x462.jpg",534,462,true],"td_696x385":["https:\/\/radiolarioja.com.ar\/rlr\/wp-content\/uploads\/2026\/09\/maxresdefault-9-696x385.jpg",696,385,true],"td_741x486":["https:\/\/radiolarioja.com.ar\/rlr\/wp-content\/uploads\/2026\/09\/maxresdefault-9-741x486.jpg",741,486,true],"td_1068x580":["https:\/\/radiolarioja.com.ar\/rlr\/wp-content\/uploads\/2026\/09\/maxresdefault-9-1068x580.jpg",1068,580,true]},"author_info":{"info":["RadioLaRioja"]},"category_info":"<a href=\"https:\/\/radiolarioja.com.ar\/rlr\/category\/nacional\/\" rel=\"category tag\">Nacional<\/a>","tag_info":"Nacional","comment_count":"0","_links":{"self":[{"href":"https:\/\/radiolarioja.com.ar\/rlr\/wp-json\/wp\/v2\/posts\/97497","targetHints":{"allow":["GET"]}}],"collection":[{"href":"https:\/\/radiolarioja.com.ar\/rlr\/wp-json\/wp\/v2\/posts"}],"about":[{"href":"https:\/\/radiolarioja.com.ar\/rlr\/wp-json\/wp\/v2\/types\/post"}],"author":[{"embeddable":true,"href":"https:\/\/radiolarioja.com.ar\/rlr\/wp-json\/wp\/v2\/users\/2"}],"replies":[{"embeddable":true,"href":"https:\/\/radiolarioja.com.ar\/rlr\/wp-json\/wp\/v2\/comments?post=97497"}],"version-history":[{"count":1,"href":"https:\/\/radiolarioja.com.ar\/rlr\/wp-json\/wp\/v2\/posts\/97497\/revisions"}],"predecessor-version":[{"id":97499,"href":"https:\/\/radiolarioja.com.ar\/rlr\/wp-json\/wp\/v2\/posts\/97497\/revisions\/97499"}],"wp:featuredmedia":[{"embeddable":true,"href":"https:\/\/radiolarioja.com.ar\/rlr\/wp-json\/wp\/v2\/media\/97500"}],"wp:attachment":[{"href":"https:\/\/radiolarioja.com.ar\/rlr\/wp-json\/wp\/v2\/media?parent=97497"}],"wp:term":[{"taxonomy":"category","embeddable":true,"href":"https:\/\/radiolarioja.com.ar\/rlr\/wp-json\/wp\/v2\/categories?post=97497"},{"taxonomy":"post_tag","embeddable":true,"href":"https:\/\/radiolarioja.com.ar\/rlr\/wp-json\/wp\/v2\/tags?post=97497"}],"curies":[{"name":"wp","href":"https:\/\/api.w.org\/{rel}","templated":true}]}}