{"id":97489,"date":"2026-09-02T20:10:11","date_gmt":"2026-09-02T23:10:11","guid":{"rendered":"https:\/\/radiolarioja.com.ar\/rlr\/?p=97489"},"modified":"2026-09-02T20:10:13","modified_gmt":"2026-09-02T23:10:13","slug":"estudiantes-de-arquitectura-de-la-unlar-buscan-viajar-al-encuentro-arquisur-en-sao-paulo","status":"publish","type":"post","link":"https:\/\/radiolarioja.com.ar\/rlr\/estudiantes-de-arquitectura-de-la-unlar-buscan-viajar-al-encuentro-arquisur-en-sao-paulo\/","title":{"rendered":"Estudiantes de Arquitectura de la UNLaR buscan viajar al encuentro Arquisur en S\u00e3o Paulo"},"content":{"rendered":"\n<p class=\"wp-block-paragraph\">Un grupo de aproximadamente 20 alumnos de la carrera de Arquitectura de la Universidad Nacional de La Rioja (UNLaR) se encuentra organizando diversas iniciativas para financiar su participaci\u00f3n presencial en el prestigioso encuentro latinoamericano Arquisur, que se llevar\u00e1 a cabo los d\u00edas 14, 15 y 16 de octubre en S\u00e3o Paulo, Brasil.<\/p>\n\n\n\n<p class=\"wp-block-paragraph\">La delegaci\u00f3n rioja ya complet\u00f3 una primera etapa virtual en el Taller SET, donde comparti\u00f3 experiencias de dise\u00f1o y urbanismo con cerca de 800 estudiantes y 27 universidades de siete pa\u00edses de la regi\u00f3n, colaborando directamente con casas de altos estudios brasile\u00f1as de R\u00edo de Janeiro, Minas Gerais y Belo Horizonte.<\/p>\n\n\n\n<p class=\"wp-block-paragraph\">Ignacio Neira, estudiante e integrante del grupo, destac\u00f3 el valor acad\u00e9mico e institucional de esta representaci\u00f3n: <em>\u00abPara nosotros es una experiencia muy importante porque Arquisur nos permite vincularnos con estudiantes y universidades de distintos pa\u00edses. Nos permiti\u00f3 conocer otras realidades y tambi\u00e9n mostrar nuestra propia mirada como estudiantes de la ciudad de La Rioja. Ser\u00eda un enorme orgullo llegar a S\u00e3o Paulo y representar a nuestra universidad y a nuestra provincia\u00bb<\/em>.<\/p>\n\n\n\n<p class=\"wp-block-paragraph\"><strong>Agenda de actividades y formas de colaborar<\/strong><\/p>\n\n\n\n<p class=\"wp-block-paragraph\">Para autogestionar los costos del pasaje y la estad\u00eda, los alumnos pusieron en marcha una serie de eventos abiertos a la comunidad riojana:<\/p>\n\n\n\n<ul class=\"wp-block-list\">\n<li class=\"\"><strong>Eventos a beneficio:<\/strong> Torneos de p\u00e1del, pe\u00f1as folcl\u00f3ricas y campeonatos de truco.<\/li>\n\n\n\n<li class=\"\"><strong>Aportes y sponsors:<\/strong> Convocatoria abierta a comercios, empresas e instituciones locales para sumarse como patrocinadores econ\u00f3micos o mediante la donaci\u00f3n de premios para los sorteos.<\/li>\n\n\n\n<li class=\"\"><strong>Colecta directa:<\/strong> Alias disponible para aportes voluntarios de vecinos y particulares.<\/li>\n<\/ul>\n\n\n\n<p class=\"wp-block-paragraph\">Toda la agenda de eventos, novedades y los datos de contacto para colaboraciones se actualizan de manera permanente en la cuenta de Instagram <strong>@agrupitrum<\/strong>.<\/p>\n\n\n\n<figure class=\"wp-block-gallery has-nested-images columns-default is-cropped wp-block-gallery-1 is-layout-flex wp-block-gallery-is-layout-flex\">\n<figure class=\"wp-block-image size-large\"><a href=\"https:\/\/radiolarioja.com.ar\/rlr\/wp-content\/uploads\/2026\/09\/WhatsApp-Image-2026-09-02-at-7.33.44-PM.jpeg\"><img fetchpriority=\"high\" decoding=\"async\" width=\"576\" height=\"1024\" data-id=\"97490\" src=\"https:\/\/radiolarioja.com.ar\/rlr\/wp-content\/uploads\/2026\/09\/WhatsApp-Image-2026-09-02-at-7.33.44-PM-576x1024.jpeg\" alt=\"\" class=\"wp-image-97490\" srcset=\"https:\/\/radiolarioja.com.ar\/rlr\/wp-content\/uploads\/2026\/09\/WhatsApp-Image-2026-09-02-at-7.33.44-PM-576x1024.jpeg 576w, https:\/\/radiolarioja.com.ar\/rlr\/wp-content\/uploads\/2026\/09\/WhatsApp-Image-2026-09-02-at-7.33.44-PM-169x300.jpeg 169w, https:\/\/radiolarioja.com.ar\/rlr\/wp-content\/uploads\/2026\/09\/WhatsApp-Image-2026-09-02-at-7.33.44-PM-768x1365.jpeg 768w, https:\/\/radiolarioja.com.ar\/rlr\/wp-content\/uploads\/2026\/09\/WhatsApp-Image-2026-09-02-at-7.33.44-PM-225x400.jpeg 225w, https:\/\/radiolarioja.com.ar\/rlr\/wp-content\/uploads\/2026\/09\/WhatsApp-Image-2026-09-02-at-7.33.44-PM-696x1237.jpeg 696w, https:\/\/radiolarioja.com.ar\/rlr\/wp-content\/uploads\/2026\/09\/WhatsApp-Image-2026-09-02-at-7.33.44-PM-864x1536.jpeg 864w, https:\/\/radiolarioja.com.ar\/rlr\/wp-content\/uploads\/2026\/09\/WhatsApp-Image-2026-09-02-at-7.33.44-PM-204x363.jpeg 204w, https:\/\/radiolarioja.com.ar\/rlr\/wp-content\/uploads\/2026\/09\/WhatsApp-Image-2026-09-02-at-7.33.44-PM.jpeg 900w\" sizes=\"(max-width: 576px) 100vw, 576px\" \/><\/a><\/figure>\n\n\n\n<figure class=\"wp-block-image size-large\"><a href=\"https:\/\/radiolarioja.com.ar\/rlr\/wp-content\/uploads\/2026\/09\/WhatsApp-Image-2026-09-02-at-7.33.45-PM-1.jpeg\"><img decoding=\"async\" width=\"576\" height=\"1024\" data-id=\"97492\" src=\"https:\/\/radiolarioja.com.ar\/rlr\/wp-content\/uploads\/2026\/09\/WhatsApp-Image-2026-09-02-at-7.33.45-PM-1-576x1024.jpeg\" alt=\"\" class=\"wp-image-97492\" srcset=\"https:\/\/radiolarioja.com.ar\/rlr\/wp-content\/uploads\/2026\/09\/WhatsApp-Image-2026-09-02-at-7.33.45-PM-1-576x1024.jpeg 576w, https:\/\/radiolarioja.com.ar\/rlr\/wp-content\/uploads\/2026\/09\/WhatsApp-Image-2026-09-02-at-7.33.45-PM-1-169x300.jpeg 169w, https:\/\/radiolarioja.com.ar\/rlr\/wp-content\/uploads\/2026\/09\/WhatsApp-Image-2026-09-02-at-7.33.45-PM-1-768x1365.jpeg 768w, https:\/\/radiolarioja.com.ar\/rlr\/wp-content\/uploads\/2026\/09\/WhatsApp-Image-2026-09-02-at-7.33.45-PM-1-864x1536.jpeg 864w, https:\/\/radiolarioja.com.ar\/rlr\/wp-content\/uploads\/2026\/09\/WhatsApp-Image-2026-09-02-at-7.33.45-PM-1-225x400.jpeg 225w, https:\/\/radiolarioja.com.ar\/rlr\/wp-content\/uploads\/2026\/09\/WhatsApp-Image-2026-09-02-at-7.33.45-PM-1-696x1237.jpeg 696w, https:\/\/radiolarioja.com.ar\/rlr\/wp-content\/uploads\/2026\/09\/WhatsApp-Image-2026-09-02-at-7.33.45-PM-1-204x363.jpeg 204w, https:\/\/radiolarioja.com.ar\/rlr\/wp-content\/uploads\/2026\/09\/WhatsApp-Image-2026-09-02-at-7.33.45-PM-1.jpeg 900w\" sizes=\"(max-width: 576px) 100vw, 576px\" \/><\/a><\/figure>\n\n\n\n<figure class=\"wp-block-image size-large\"><a href=\"https:\/\/radiolarioja.com.ar\/rlr\/wp-content\/uploads\/2026\/09\/WhatsApp-Image-2026-09-02-at-7.33.45-PM.jpeg\"><img decoding=\"async\" width=\"576\" height=\"1024\" data-id=\"97493\" src=\"https:\/\/radiolarioja.com.ar\/rlr\/wp-content\/uploads\/2026\/09\/WhatsApp-Image-2026-09-02-at-7.33.45-PM-576x1024.jpeg\" alt=\"\" class=\"wp-image-97493\" srcset=\"https:\/\/radiolarioja.com.ar\/rlr\/wp-content\/uploads\/2026\/09\/WhatsApp-Image-2026-09-02-at-7.33.45-PM-576x1024.jpeg 576w, https:\/\/radiolarioja.com.ar\/rlr\/wp-content\/uploads\/2026\/09\/WhatsApp-Image-2026-09-02-at-7.33.45-PM-169x300.jpeg 169w, https:\/\/radiolarioja.com.ar\/rlr\/wp-content\/uploads\/2026\/09\/WhatsApp-Image-2026-09-02-at-7.33.45-PM-768x1365.jpeg 768w, https:\/\/radiolarioja.com.ar\/rlr\/wp-content\/uploads\/2026\/09\/WhatsApp-Image-2026-09-02-at-7.33.45-PM-864x1536.jpeg 864w, https:\/\/radiolarioja.com.ar\/rlr\/wp-content\/uploads\/2026\/09\/WhatsApp-Image-2026-09-02-at-7.33.45-PM-225x400.jpeg 225w, https:\/\/radiolarioja.com.ar\/rlr\/wp-content\/uploads\/2026\/09\/WhatsApp-Image-2026-09-02-at-7.33.45-PM-696x1237.jpeg 696w, https:\/\/radiolarioja.com.ar\/rlr\/wp-content\/uploads\/2026\/09\/WhatsApp-Image-2026-09-02-at-7.33.45-PM-204x363.jpeg 204w, https:\/\/radiolarioja.com.ar\/rlr\/wp-content\/uploads\/2026\/09\/WhatsApp-Image-2026-09-02-at-7.33.45-PM.jpeg 900w\" sizes=\"(max-width: 576px) 100vw, 576px\" \/><\/a><\/figure>\n\n\n\n<figure class=\"wp-block-image size-large\"><a href=\"https:\/\/radiolarioja.com.ar\/rlr\/wp-content\/uploads\/2026\/09\/WhatsApp-Image-2026-09-02-at-7.33.46-PM-1.jpeg\"><img loading=\"lazy\" decoding=\"async\" width=\"576\" height=\"1024\" data-id=\"97494\" src=\"https:\/\/radiolarioja.com.ar\/rlr\/wp-content\/uploads\/2026\/09\/WhatsApp-Image-2026-09-02-at-7.33.46-PM-1-576x1024.jpeg\" alt=\"\" class=\"wp-image-97494\" srcset=\"https:\/\/radiolarioja.com.ar\/rlr\/wp-content\/uploads\/2026\/09\/WhatsApp-Image-2026-09-02-at-7.33.46-PM-1-576x1024.jpeg 576w, https:\/\/radiolarioja.com.ar\/rlr\/wp-content\/uploads\/2026\/09\/WhatsApp-Image-2026-09-02-at-7.33.46-PM-1-169x300.jpeg 169w, https:\/\/radiolarioja.com.ar\/rlr\/wp-content\/uploads\/2026\/09\/WhatsApp-Image-2026-09-02-at-7.33.46-PM-1-768x1365.jpeg 768w, https:\/\/radiolarioja.com.ar\/rlr\/wp-content\/uploads\/2026\/09\/WhatsApp-Image-2026-09-02-at-7.33.46-PM-1-864x1536.jpeg 864w, https:\/\/radiolarioja.com.ar\/rlr\/wp-content\/uploads\/2026\/09\/WhatsApp-Image-2026-09-02-at-7.33.46-PM-1-225x400.jpeg 225w, https:\/\/radiolarioja.com.ar\/rlr\/wp-content\/uploads\/2026\/09\/WhatsApp-Image-2026-09-02-at-7.33.46-PM-1-696x1237.jpeg 696w, https:\/\/radiolarioja.com.ar\/rlr\/wp-content\/uploads\/2026\/09\/WhatsApp-Image-2026-09-02-at-7.33.46-PM-1-204x363.jpeg 204w, https:\/\/radiolarioja.com.ar\/rlr\/wp-content\/uploads\/2026\/09\/WhatsApp-Image-2026-09-02-at-7.33.46-PM-1.jpeg 900w\" sizes=\"(max-width: 576px) 100vw, 576px\" \/><\/a><\/figure>\n\n\n\n<figure class=\"wp-block-image size-large\"><a href=\"https:\/\/radiolarioja.com.ar\/rlr\/wp-content\/uploads\/2026\/09\/WhatsApp-Image-2026-09-02-at-7.33.46-PM.jpeg\"><img loading=\"lazy\" decoding=\"async\" width=\"576\" height=\"1024\" data-id=\"97491\" src=\"https:\/\/radiolarioja.com.ar\/rlr\/wp-content\/uploads\/2026\/09\/WhatsApp-Image-2026-09-02-at-7.33.46-PM-576x1024.jpeg\" alt=\"\" class=\"wp-image-97491\" srcset=\"https:\/\/radiolarioja.com.ar\/rlr\/wp-content\/uploads\/2026\/09\/WhatsApp-Image-2026-09-02-at-7.33.46-PM-576x1024.jpeg 576w, https:\/\/radiolarioja.com.ar\/rlr\/wp-content\/uploads\/2026\/09\/WhatsApp-Image-2026-09-02-at-7.33.46-PM-169x300.jpeg 169w, https:\/\/radiolarioja.com.ar\/rlr\/wp-content\/uploads\/2026\/09\/WhatsApp-Image-2026-09-02-at-7.33.46-PM-768x1365.jpeg 768w, https:\/\/radiolarioja.com.ar\/rlr\/wp-content\/uploads\/2026\/09\/WhatsApp-Image-2026-09-02-at-7.33.46-PM-864x1536.jpeg 864w, https:\/\/radiolarioja.com.ar\/rlr\/wp-content\/uploads\/2026\/09\/WhatsApp-Image-2026-09-02-at-7.33.46-PM-225x400.jpeg 225w, https:\/\/radiolarioja.com.ar\/rlr\/wp-content\/uploads\/2026\/09\/WhatsApp-Image-2026-09-02-at-7.33.46-PM-696x1237.jpeg 696w, https:\/\/radiolarioja.com.ar\/rlr\/wp-content\/uploads\/2026\/09\/WhatsApp-Image-2026-09-02-at-7.33.46-PM-204x363.jpeg 204w, https:\/\/radiolarioja.com.ar\/rlr\/wp-content\/uploads\/2026\/09\/WhatsApp-Image-2026-09-02-at-7.33.46-PM.jpeg 900w\" sizes=\"(max-width: 576px) 100vw, 576px\" \/><\/a><\/figure>\n\n\n\n<figure class=\"wp-block-image size-large\"><a href=\"https:\/\/radiolarioja.com.ar\/rlr\/wp-content\/uploads\/2026\/09\/WhatsApp-Image-2026-09-02-at-7.33.47-PM-1.jpeg\"><img loading=\"lazy\" decoding=\"async\" width=\"576\" height=\"1024\" data-id=\"97495\" src=\"https:\/\/radiolarioja.com.ar\/rlr\/wp-content\/uploads\/2026\/09\/WhatsApp-Image-2026-09-02-at-7.33.47-PM-1-576x1024.jpeg\" alt=\"\" class=\"wp-image-97495\" srcset=\"https:\/\/radiolarioja.com.ar\/rlr\/wp-content\/uploads\/2026\/09\/WhatsApp-Image-2026-09-02-at-7.33.47-PM-1-576x1024.jpeg 576w, https:\/\/radiolarioja.com.ar\/rlr\/wp-content\/uploads\/2026\/09\/WhatsApp-Image-2026-09-02-at-7.33.47-PM-1-169x300.jpeg 169w, https:\/\/radiolarioja.com.ar\/rlr\/wp-content\/uploads\/2026\/09\/WhatsApp-Image-2026-09-02-at-7.33.47-PM-1-768x1365.jpeg 768w, https:\/\/radiolarioja.com.ar\/rlr\/wp-content\/uploads\/2026\/09\/WhatsApp-Image-2026-09-02-at-7.33.47-PM-1-864x1536.jpeg 864w, https:\/\/radiolarioja.com.ar\/rlr\/wp-content\/uploads\/2026\/09\/WhatsApp-Image-2026-09-02-at-7.33.47-PM-1-225x400.jpeg 225w, https:\/\/radiolarioja.com.ar\/rlr\/wp-content\/uploads\/2026\/09\/WhatsApp-Image-2026-09-02-at-7.33.47-PM-1-696x1237.jpeg 696w, https:\/\/radiolarioja.com.ar\/rlr\/wp-content\/uploads\/2026\/09\/WhatsApp-Image-2026-09-02-at-7.33.47-PM-1-204x363.jpeg 204w, https:\/\/radiolarioja.com.ar\/rlr\/wp-content\/uploads\/2026\/09\/WhatsApp-Image-2026-09-02-at-7.33.47-PM-1.jpeg 900w\" sizes=\"(max-width: 576px) 100vw, 576px\" \/><\/a><\/figure>\n<\/figure>\n","protected":false},"excerpt":{"rendered":"<p>Un grupo de aproximadamente 20 alumnos de la carrera de Arquitectura de la Universidad Nacional de La Rioja (UNLaR) se encuentra organizando diversas iniciativas para financiar su participaci\u00f3n presencial en el prestigioso encuentro latinoamericano Arquisur, que se llevar\u00e1 a cabo los d\u00edas 14, 15 y 16 de octubre en S\u00e3o Paulo, Brasil. La delegaci\u00f3n rioja [&hellip;]<\/p>\n","protected":false},"author":2,"featured_media":97494,"comment_status":"open","ping_status":"open","sticky":false,"template":"","format":"standard","meta":{"tdm_status":"","tdm_grid_status":"","footnotes":""},"categories":[12],"tags":[],"class_list":["post-97489","post","type-post","status-publish","format-standard","has-post-thumbnail","category-local"],"featured_image_urls":{"full":["https:\/\/radiolarioja.com.ar\/rlr\/wp-content\/uploads\/2026\/09\/WhatsApp-Image-2026-09-02-at-7.33.46-PM-1.jpeg",900,1600,false],"thumbnail":["https:\/\/radiolarioja.com.ar\/rlr\/wp-content\/uploads\/2026\/09\/WhatsApp-Image-2026-09-02-at-7.33.46-PM-1-150x150.jpeg",150,150,true],"medium":["https:\/\/radiolarioja.com.ar\/rlr\/wp-content\/uploads\/2026\/09\/WhatsApp-Image-2026-09-02-at-7.33.46-PM-1-169x300.jpeg",169,300,true],"medium_large":["https:\/\/radiolarioja.com.ar\/rlr\/wp-content\/uploads\/2026\/09\/WhatsApp-Image-2026-09-02-at-7.33.46-PM-1-768x1365.jpeg",696,1237,true],"large":["https:\/\/radiolarioja.com.ar\/rlr\/wp-content\/uploads\/2026\/09\/WhatsApp-Image-2026-09-02-at-7.33.46-PM-1-576x1024.jpeg",576,1024,true],"1536x1536":["https:\/\/radiolarioja.com.ar\/rlr\/wp-content\/uploads\/2026\/09\/WhatsApp-Image-2026-09-02-at-7.33.46-PM-1-864x1536.jpeg",864,1536,true],"2048x2048":["https:\/\/radiolarioja.com.ar\/rlr\/wp-content\/uploads\/2026\/09\/WhatsApp-Image-2026-09-02-at-7.33.46-PM-1.jpeg",900,1600,false],"td_218x150":["https:\/\/radiolarioja.com.ar\/rlr\/wp-content\/uploads\/2026\/09\/WhatsApp-Image-2026-09-02-at-7.33.46-PM-1-218x150.jpeg",218,150,true],"td_324x400":["https:\/\/radiolarioja.com.ar\/rlr\/wp-content\/uploads\/2026\/09\/WhatsApp-Image-2026-09-02-at-7.33.46-PM-1-225x400.jpeg",225,400,true],"td_485x360":["https:\/\/radiolarioja.com.ar\/rlr\/wp-content\/uploads\/2026\/09\/WhatsApp-Image-2026-09-02-at-7.33.46-PM-1-485x360.jpeg",485,360,true],"td_696x0":["https:\/\/radiolarioja.com.ar\/rlr\/wp-content\/uploads\/2026\/09\/WhatsApp-Image-2026-09-02-at-7.33.46-PM-1-696x1237.jpeg",696,1237,true],"td_1068x0":["https:\/\/radiolarioja.com.ar\/rlr\/wp-content\/uploads\/2026\/09\/WhatsApp-Image-2026-09-02-at-7.33.46-PM-1.jpeg",900,1600,false],"td_1920x0":["https:\/\/radiolarioja.com.ar\/rlr\/wp-content\/uploads\/2026\/09\/WhatsApp-Image-2026-09-02-at-7.33.46-PM-1.jpeg",900,1600,false],"td_0x420":["https:\/\/radiolarioja.com.ar\/rlr\/wp-content\/uploads\/2026\/09\/WhatsApp-Image-2026-09-02-at-7.33.46-PM-1.jpeg",236,420,false],"td_80x60":["https:\/\/radiolarioja.com.ar\/rlr\/wp-content\/uploads\/2026\/09\/WhatsApp-Image-2026-09-02-at-7.33.46-PM-1-80x60.jpeg",80,60,true],"td_100x70":["https:\/\/radiolarioja.com.ar\/rlr\/wp-content\/uploads\/2026\/09\/WhatsApp-Image-2026-09-02-at-7.33.46-PM-1-100x70.jpeg",100,70,true],"td_265x198":["https:\/\/radiolarioja.com.ar\/rlr\/wp-content\/uploads\/2026\/09\/WhatsApp-Image-2026-09-02-at-7.33.46-PM-1-265x198.jpeg",265,198,true],"td_324x160":["https:\/\/radiolarioja.com.ar\/rlr\/wp-content\/uploads\/2026\/09\/WhatsApp-Image-2026-09-02-at-7.33.46-PM-1-324x160.jpeg",324,160,true],"td_324x235":["https:\/\/radiolarioja.com.ar\/rlr\/wp-content\/uploads\/2026\/09\/WhatsApp-Image-2026-09-02-at-7.33.46-PM-1-324x235.jpeg",324,235,true],"td_356x220":["https:\/\/radiolarioja.com.ar\/rlr\/wp-content\/uploads\/2026\/09\/WhatsApp-Image-2026-09-02-at-7.33.46-PM-1-356x220.jpeg",356,220,true],"td_356x364":["https:\/\/radiolarioja.com.ar\/rlr\/wp-content\/uploads\/2026\/09\/WhatsApp-Image-2026-09-02-at-7.33.46-PM-1-204x363.jpeg",204,363,true],"td_533x261":["https:\/\/radiolarioja.com.ar\/rlr\/wp-content\/uploads\/2026\/09\/WhatsApp-Image-2026-09-02-at-7.33.46-PM-1-533x261.jpeg",533,261,true],"td_534x462":["https:\/\/radiolarioja.com.ar\/rlr\/wp-content\/uploads\/2026\/09\/WhatsApp-Image-2026-09-02-at-7.33.46-PM-1-534x462.jpeg",534,462,true],"td_696x385":["https:\/\/radiolarioja.com.ar\/rlr\/wp-content\/uploads\/2026\/09\/WhatsApp-Image-2026-09-02-at-7.33.46-PM-1-696x385.jpeg",696,385,true],"td_741x486":["https:\/\/radiolarioja.com.ar\/rlr\/wp-content\/uploads\/2026\/09\/WhatsApp-Image-2026-09-02-at-7.33.46-PM-1-741x486.jpeg",741,486,true],"td_1068x580":["https:\/\/radiolarioja.com.ar\/rlr\/wp-content\/uploads\/2026\/09\/WhatsApp-Image-2026-09-02-at-7.33.46-PM-1-900x580.jpeg",900,580,true]},"author_info":{"info":["RadioLaRioja"]},"category_info":"<a href=\"https:\/\/radiolarioja.com.ar\/rlr\/category\/local\/\" rel=\"category tag\">Local<\/a>","tag_info":"Local","comment_count":"0","_links":{"self":[{"href":"https:\/\/radiolarioja.com.ar\/rlr\/wp-json\/wp\/v2\/posts\/97489","targetHints":{"allow":["GET"]}}],"collection":[{"href":"https:\/\/radiolarioja.com.ar\/rlr\/wp-json\/wp\/v2\/posts"}],"about":[{"href":"https:\/\/radiolarioja.com.ar\/rlr\/wp-json\/wp\/v2\/types\/post"}],"author":[{"embeddable":true,"href":"https:\/\/radiolarioja.com.ar\/rlr\/wp-json\/wp\/v2\/users\/2"}],"replies":[{"embeddable":true,"href":"https:\/\/radiolarioja.com.ar\/rlr\/wp-json\/wp\/v2\/comments?post=97489"}],"version-history":[{"count":1,"href":"https:\/\/radiolarioja.com.ar\/rlr\/wp-json\/wp\/v2\/posts\/97489\/revisions"}],"predecessor-version":[{"id":97496,"href":"https:\/\/radiolarioja.com.ar\/rlr\/wp-json\/wp\/v2\/posts\/97489\/revisions\/97496"}],"wp:featuredmedia":[{"embeddable":true,"href":"https:\/\/radiolarioja.com.ar\/rlr\/wp-json\/wp\/v2\/media\/97494"}],"wp:attachment":[{"href":"https:\/\/radiolarioja.com.ar\/rlr\/wp-json\/wp\/v2\/media?parent=97489"}],"wp:term":[{"taxonomy":"category","embeddable":true,"href":"https:\/\/radiolarioja.com.ar\/rlr\/wp-json\/wp\/v2\/categories?post=97489"},{"taxonomy":"post_tag","embeddable":true,"href":"https:\/\/radiolarioja.com.ar\/rlr\/wp-json\/wp\/v2\/tags?post=97489"}],"curies":[{"name":"wp","href":"https:\/\/api.w.org\/{rel}","templated":true}]}}