{"id":97485,"date":"2026-09-02T19:46:24","date_gmt":"2026-09-02T22:46:24","guid":{"rendered":"https:\/\/radiolarioja.com.ar\/rlr\/?p=97485"},"modified":"2026-09-02T19:46:28","modified_gmt":"2026-09-02T22:46:28","slug":"el-gobierno-de-la-rioja-prorroga-por-60-dias-el-congelamiento-de-tarifas-de-luz-agua-transporte-y-vivienda","status":"publish","type":"post","link":"https:\/\/radiolarioja.com.ar\/rlr\/el-gobierno-de-la-rioja-prorroga-por-60-dias-el-congelamiento-de-tarifas-de-luz-agua-transporte-y-vivienda\/","title":{"rendered":"El Gobierno de La Rioja prorroga por 60 d\u00edas el congelamiento de tarifas de luz, agua, transporte y vivienda"},"content":{"rendered":"\n<p class=\"wp-block-paragraph\"><strong>El presidente de Edelar, Jer\u00f3nimo Quintela, detall\u00f3 los alcances de la medida anunciada por el Gobernador. Explic\u00f3 c\u00f3mo repercute en las facturas el precio de la energ\u00eda, alert\u00f3 sobre la creciente morosidad y adelant\u00f3 los ejes debatidos en el reciente Foro Energ\u00e9tico Provincial.<\/strong><\/p>\n\n\n\n<figure class=\"wp-block-embed is-type-video is-provider-youtube wp-block-embed-youtube wp-embed-aspect-16-9 wp-has-aspect-ratio\"><div class=\"wp-block-embed__wrapper\">\n<iframe title=\"MEDIOS PROVINCIA - AQUI Y AHORA 2026\" width=\"696\" height=\"392\" src=\"https:\/\/www.youtube.com\/embed\/xTNE6i7epDE?feature=oembed\" frameborder=\"0\" allow=\"accelerometer; autoplay; clipboard-write; encrypted-media; gyroscope; picture-in-picture; web-share\" referrerpolicy=\"strict-origin-when-cross-origin\" allowfullscreen><\/iframe>\n<\/div><\/figure>\n\n\n\n<p class=\"wp-block-paragraph\">El presidente de la empresa distribuidora de energ\u00eda de La Rioja (Edelar), Ing. Jer\u00f3nimo Quintela, confirm\u00f3 la pr\u00f3rroga por 60 d\u00edas del Decreto 21726. La normativa fija el congelamiento del valor de los servicios p\u00fablicos esenciales \u2014energ\u00eda el\u00e9ctrica, agua, conectividad y transporte\u2014, adem\u00e1s de las cuotas de las viviendas sociales entregadas por la provincia.<\/p>\n\n\n\n<p class=\"wp-block-paragraph\">De esta manera, el cuadro tarifario vigente en la provincia se mantendr\u00e1 en los mismos valores que se vienen aplicando desde el mes de abril.<\/p>\n\n\n\n<h3 class=\"wp-block-heading\">Clarificaci\u00f3n sobre el congelamiento: tarifa vs. consumo<\/h3>\n\n\n\n<p class=\"wp-block-paragraph\">Durante la entrevista, Quintela remarc\u00f3 una distinci\u00f3n t\u00e9cnica fundamental para los usuarios sobre c\u00f3mo se refleja la medida en el monto final de las boletas:<\/p>\n\n\n\n<ul class=\"wp-block-list\">\n<li class=\"\"><strong>Lo que se congela es el precio unitario del kilovatio hora (kWh):<\/strong> La tarifa por unidad de energ\u00eda permanece inalterada.<\/li>\n\n\n\n<li class=\"\"><strong>El monto total depende del consumo:<\/strong> Si una familia o comercio consume m\u00e1s kilovatios en un periodo respecto al anterior, la factura aumentar\u00e1 proporcionalmente. Por el contrario, si reduce su consumo, la factura disminuir\u00e1.<\/li>\n<\/ul>\n\n\n\n<p class=\"wp-block-paragraph\">Asimismo, el titular de la distribuidora aclar\u00f3 que el Valor Agregado de Distribuci\u00f3n (VAD) que percibe la empresa no ha sufrido modificaciones locales. Todos los incrementos registrados previamente corresponden a los ajustes del costo de la energ\u00eda en el mercado mayorista fijados por el Gobierno Nacional mediante la compa\u00f1\u00eda CAMMESA.<\/p>\n\n\n\n<h3 class=\"wp-block-heading\">Un esfuerzo fiscal de m\u00e1s de 2.400 millones de pesos<\/h3>\n\n\n\n<p class=\"wp-block-paragraph\">Sostener el congelamiento del cuadro tarifario ante los incrementos nacionales representa un esfuerzo presupuestario significativo para las arcas provinciales.<\/p>\n\n\n\n<p class=\"wp-block-paragraph\">Seg\u00fan estimaciones de Edelar, para este pr\u00f3ximo periodo la Provincia deber\u00e1 aportar <strong>alrededor de 2.400 millones de pesos extra<\/strong> en concepto de subsidios para contener las tarifas de las familias, comercios e industrias de La Rioja. Respecto a la continuidad del subsidio una vez finalizado el plazo de 60 d\u00edas, Quintela indic\u00f3 que es prematuro analizarlo debido al contexto econ\u00f3mico de incertidumbre y a los montos requeridos.<\/p>\n\n\n\n<h3 class=\"wp-block-heading\">Preocupaci\u00f3n por la morosidad y gestiones ante Naci\u00f3n<\/h3>\n\n\n\n<p class=\"wp-block-paragraph\">El titular de Edelar expres\u00f3 su profunda alarma por el incremento de la morosidad registrado en los \u00faltimos meses:<\/p>\n\n\n\n<blockquote class=\"wp-block-quote is-layout-flow wp-block-quote-is-layout-flow\">\n<p class=\"alignfull wp-block-paragraph\"><em>\u00abHay muchas familias y comercios que llegan a nuestras oficinas no por un cese de voluntad de pago ni por desconocer la deuda, sino por la imposibilidad real de afrontar las boletas debido a la situaci\u00f3n econ\u00f3mica general del pa\u00eds.\u00bb<\/em><\/p>\n<\/blockquote>\n\n\n\n<p class=\"wp-block-paragraph\">Ante esta coyuntura, las autoridades riojanas han presentado reclamos formales a los organismos energ\u00e9ticos nacionales y a CAMMESA. Se solicit\u00f3 la apertura de una ventana diferencial de subsidios para las zonas c\u00e1lidas del Norte Grande durante los meses de verano, debido a las elevadas temperaturas que obligan a un mayor uso del recurso energ\u00e9tico.<\/p>\n\n\n\n<h3 class=\"wp-block-heading\">Foro Energ\u00e9tico y plan de iluminaci\u00f3n comunitaria<\/h3>\n\n\n\n<p class=\"wp-block-paragraph\">En otro orden de temas, Quintela valor\u00f3 los resultados del reciente <strong>Foro Energ\u00e9tico<\/strong> realizado en la provincia, que cont\u00f3 con la presencia de disertantes de nivel internacional. Durante dos jornadas se debatieron estrategias a largo plazo en materia de miner\u00eda, petr\u00f3leo y diversificaci\u00f3n de matriz energ\u00e9tica.<\/p>\n\n\n\n<p class=\"wp-block-paragraph\">Por \u00faltimo, destac\u00f3 el trabajo en conjunto con la Municipalidad de la Capital \u2014encabezada por el intendente Armando Molina\u2014 y con diversos municipios del interior para llevar adelante un programa federal de iluminaci\u00f3n. Entre estas iniciativas se incluye la mejora del alumbrado deportivo en clubes e instituciones locales (como las obras recientes en el Polideportivo Carlos Menem), permitiendo la pr\u00e1ctica de actividades f\u00edsicas en horarios nocturnos para evitar las horas de calor extremo.<\/p>\n\n\n\n<p class=\"wp-block-paragraph\"><\/p>\n","protected":false},"excerpt":{"rendered":"<p>El presidente de Edelar, Jer\u00f3nimo Quintela, detall\u00f3 los alcances de la medida anunciada por el Gobernador. Explic\u00f3 c\u00f3mo repercute en las facturas el precio de la energ\u00eda, alert\u00f3 sobre la creciente morosidad y adelant\u00f3 los ejes debatidos en el reciente Foro Energ\u00e9tico Provincial. El presidente de la empresa distribuidora de energ\u00eda de La Rioja (Edelar), [&hellip;]<\/p>\n","protected":false},"author":2,"featured_media":97488,"comment_status":"open","ping_status":"open","sticky":false,"template":"","format":"standard","meta":{"tdm_status":"","tdm_grid_status":"","footnotes":""},"categories":[12],"tags":[],"class_list":["post-97485","post","type-post","status-publish","format-standard","has-post-thumbnail","category-local"],"featured_image_urls":{"full":["https:\/\/radiolarioja.com.ar\/rlr\/wp-content\/uploads\/2026\/09\/maxresdefault-8.jpg",1280,720,false],"thumbnail":["https:\/\/radiolarioja.com.ar\/rlr\/wp-content\/uploads\/2026\/09\/maxresdefault-8-150x150.jpg",150,150,true],"medium":["https:\/\/radiolarioja.com.ar\/rlr\/wp-content\/uploads\/2026\/09\/maxresdefault-8-300x169.jpg",300,169,true],"medium_large":["https:\/\/radiolarioja.com.ar\/rlr\/wp-content\/uploads\/2026\/09\/maxresdefault-8-768x432.jpg",696,392,true],"large":["https:\/\/radiolarioja.com.ar\/rlr\/wp-content\/uploads\/2026\/09\/maxresdefault-8-1024x576.jpg",696,392,true],"1536x1536":["https:\/\/radiolarioja.com.ar\/rlr\/wp-content\/uploads\/2026\/09\/maxresdefault-8.jpg",1280,720,false],"2048x2048":["https:\/\/radiolarioja.com.ar\/rlr\/wp-content\/uploads\/2026\/09\/maxresdefault-8.jpg",1280,720,false],"td_218x150":["https:\/\/radiolarioja.com.ar\/rlr\/wp-content\/uploads\/2026\/09\/maxresdefault-8-218x150.jpg",218,150,true],"td_324x400":["https:\/\/radiolarioja.com.ar\/rlr\/wp-content\/uploads\/2026\/09\/maxresdefault-8-324x400.jpg",324,400,true],"td_485x360":["https:\/\/radiolarioja.com.ar\/rlr\/wp-content\/uploads\/2026\/09\/maxresdefault-8-485x360.jpg",485,360,true],"td_696x0":["https:\/\/radiolarioja.com.ar\/rlr\/wp-content\/uploads\/2026\/09\/maxresdefault-8-696x392.jpg",696,392,true],"td_1068x0":["https:\/\/radiolarioja.com.ar\/rlr\/wp-content\/uploads\/2026\/09\/maxresdefault-8-1068x601.jpg",1068,601,true],"td_1920x0":["https:\/\/radiolarioja.com.ar\/rlr\/wp-content\/uploads\/2026\/09\/maxresdefault-8.jpg",1280,720,false],"td_0x420":["https:\/\/radiolarioja.com.ar\/rlr\/wp-content\/uploads\/2026\/09\/maxresdefault-8-747x420.jpg",747,420,true],"td_80x60":["https:\/\/radiolarioja.com.ar\/rlr\/wp-content\/uploads\/2026\/09\/maxresdefault-8-80x60.jpg",80,60,true],"td_100x70":["https:\/\/radiolarioja.com.ar\/rlr\/wp-content\/uploads\/2026\/09\/maxresdefault-8-100x70.jpg",100,70,true],"td_265x198":["https:\/\/radiolarioja.com.ar\/rlr\/wp-content\/uploads\/2026\/09\/maxresdefault-8-265x198.jpg",265,198,true],"td_324x160":["https:\/\/radiolarioja.com.ar\/rlr\/wp-content\/uploads\/2026\/09\/maxresdefault-8-324x160.jpg",324,160,true],"td_324x235":["https:\/\/radiolarioja.com.ar\/rlr\/wp-content\/uploads\/2026\/09\/maxresdefault-8-324x235.jpg",324,235,true],"td_356x220":["https:\/\/radiolarioja.com.ar\/rlr\/wp-content\/uploads\/2026\/09\/maxresdefault-8-356x220.jpg",356,220,true],"td_356x364":["https:\/\/radiolarioja.com.ar\/rlr\/wp-content\/uploads\/2026\/09\/maxresdefault-8-356x364.jpg",356,364,true],"td_533x261":["https:\/\/radiolarioja.com.ar\/rlr\/wp-content\/uploads\/2026\/09\/maxresdefault-8-533x261.jpg",533,261,true],"td_534x462":["https:\/\/radiolarioja.com.ar\/rlr\/wp-content\/uploads\/2026\/09\/maxresdefault-8-534x462.jpg",534,462,true],"td_696x385":["https:\/\/radiolarioja.com.ar\/rlr\/wp-content\/uploads\/2026\/09\/maxresdefault-8-696x385.jpg",696,385,true],"td_741x486":["https:\/\/radiolarioja.com.ar\/rlr\/wp-content\/uploads\/2026\/09\/maxresdefault-8-741x486.jpg",741,486,true],"td_1068x580":["https:\/\/radiolarioja.com.ar\/rlr\/wp-content\/uploads\/2026\/09\/maxresdefault-8-1068x580.jpg",1068,580,true]},"author_info":{"info":["RadioLaRioja"]},"category_info":"<a href=\"https:\/\/radiolarioja.com.ar\/rlr\/category\/local\/\" rel=\"category tag\">Local<\/a>","tag_info":"Local","comment_count":"0","_links":{"self":[{"href":"https:\/\/radiolarioja.com.ar\/rlr\/wp-json\/wp\/v2\/posts\/97485","targetHints":{"allow":["GET"]}}],"collection":[{"href":"https:\/\/radiolarioja.com.ar\/rlr\/wp-json\/wp\/v2\/posts"}],"about":[{"href":"https:\/\/radiolarioja.com.ar\/rlr\/wp-json\/wp\/v2\/types\/post"}],"author":[{"embeddable":true,"href":"https:\/\/radiolarioja.com.ar\/rlr\/wp-json\/wp\/v2\/users\/2"}],"replies":[{"embeddable":true,"href":"https:\/\/radiolarioja.com.ar\/rlr\/wp-json\/wp\/v2\/comments?post=97485"}],"version-history":[{"count":1,"href":"https:\/\/radiolarioja.com.ar\/rlr\/wp-json\/wp\/v2\/posts\/97485\/revisions"}],"predecessor-version":[{"id":97487,"href":"https:\/\/radiolarioja.com.ar\/rlr\/wp-json\/wp\/v2\/posts\/97485\/revisions\/97487"}],"wp:featuredmedia":[{"embeddable":true,"href":"https:\/\/radiolarioja.com.ar\/rlr\/wp-json\/wp\/v2\/media\/97488"}],"wp:attachment":[{"href":"https:\/\/radiolarioja.com.ar\/rlr\/wp-json\/wp\/v2\/media?parent=97485"}],"wp:term":[{"taxonomy":"category","embeddable":true,"href":"https:\/\/radiolarioja.com.ar\/rlr\/wp-json\/wp\/v2\/categories?post=97485"},{"taxonomy":"post_tag","embeddable":true,"href":"https:\/\/radiolarioja.com.ar\/rlr\/wp-json\/wp\/v2\/tags?post=97485"}],"curies":[{"name":"wp","href":"https:\/\/api.w.org\/{rel}","templated":true}]}}