{"id":97482,"date":"2026-09-02T19:39:23","date_gmt":"2026-09-02T22:39:23","guid":{"rendered":"https:\/\/radiolarioja.com.ar\/rlr\/?p=97482"},"modified":"2026-09-02T19:39:25","modified_gmt":"2026-09-02T22:39:25","slug":"la-camara-federal-de-apelaciones-de-cordoba-revoco-el-procesamiento-de-alberto-paredes-urquiza","status":"publish","type":"post","link":"https:\/\/radiolarioja.com.ar\/rlr\/la-camara-federal-de-apelaciones-de-cordoba-revoco-el-procesamiento-de-alberto-paredes-urquiza\/","title":{"rendered":"La C\u00e1mara Federal de Apelaciones de C\u00f3rdoba revoc\u00f3 el procesamiento de Alberto Paredes Urquiza"},"content":{"rendered":"\n<p class=\"wp-block-paragraph\">La C\u00e1mara Federal de Apelaciones de C\u00f3rdoba revoc\u00f3 el procesamiento de Alberto Paredes Urquiza en la causa que investiga el tr\u00e1gico accidente de helic\u00f3pteros ocurrido en Villa Castelli en <strong>2015<\/strong>, dictando en su lugar la falta de m\u00e9rito y dejando sin efecto el embargo de 30 millones de pesos que pesaba sobre sus bienes.<\/p>\n\n\n\n<p class=\"wp-block-paragraph\">Esta resoluci\u00f3n de la C\u00e1mara Federal modifica la situaci\u00f3n legal de varios implicados en el expediente:<\/p>\n\n\n\n<ul class=\"wp-block-list\">\n<li class=\"\"><strong>Alberto Paredes Urquiza<\/strong>: El tribunal determin\u00f3 que, con las pruebas reunidas hasta el momento, no existen elementos suficientes para procesarlo ni para sobreseerlo definitivamente. El exintendente sostuvo que no hay registros ni pruebas de que haya coordinado o dado \u00f3rdenes sobre el uso de las aeronaves.<\/li>\n\n\n\n<li class=\"\"><strong>Hugo Daniel Gorkich<\/strong>: La C\u00e1mara revoc\u00f3 su falta de m\u00e9rito previa y orden\u00f3 su <strong>procesamiento<\/strong> como presunto autor de estrago culposo agravado por el resultado de muerte en modalidad omisiva. El expediente regresar\u00e1 al juzgado de origen para definir su embargo y posible prisi\u00f3n preventiva.<\/li>\n\n\n\n<li class=\"\"><strong>Otros imputados<\/strong>: Se confirm\u00f3 la falta de m\u00e9rito para Gustavo Ariel Gordonas, Carola Rebeca Iujvidin y Mariano Rafael Platero, mientras que se ratific\u00f3 el <strong>sobreseimiento definitivo<\/strong> de \u00c1lvaro Daniel Del Pino.<\/li>\n<\/ul>\n\n\n\n<figure class=\"wp-block-image size-full is-resized\"><a href=\"https:\/\/radiolarioja.com.ar\/rlr\/wp-content\/uploads\/2026\/09\/Alberto-Paredes-Urquiza.jpeg\"><img fetchpriority=\"high\" decoding=\"async\" width=\"1024\" height=\"910\" src=\"https:\/\/radiolarioja.com.ar\/rlr\/wp-content\/uploads\/2026\/09\/Alberto-Paredes-Urquiza.jpeg\" alt=\"\" class=\"wp-image-97483\" style=\"width:1068px;height:auto\" srcset=\"https:\/\/radiolarioja.com.ar\/rlr\/wp-content\/uploads\/2026\/09\/Alberto-Paredes-Urquiza.jpeg 1024w, https:\/\/radiolarioja.com.ar\/rlr\/wp-content\/uploads\/2026\/09\/Alberto-Paredes-Urquiza-300x267.jpeg 300w, https:\/\/radiolarioja.com.ar\/rlr\/wp-content\/uploads\/2026\/09\/Alberto-Paredes-Urquiza-767x682.jpeg 767w, https:\/\/radiolarioja.com.ar\/rlr\/wp-content\/uploads\/2026\/09\/Alberto-Paredes-Urquiza-323x287.jpeg 323w, https:\/\/radiolarioja.com.ar\/rlr\/wp-content\/uploads\/2026\/09\/Alberto-Paredes-Urquiza-168x149.jpeg 168w, https:\/\/radiolarioja.com.ar\/rlr\/wp-content\/uploads\/2026\/09\/Alberto-Paredes-Urquiza-405x360.jpeg 405w, https:\/\/radiolarioja.com.ar\/rlr\/wp-content\/uploads\/2026\/09\/Alberto-Paredes-Urquiza-695x618.jpeg 695w, https:\/\/radiolarioja.com.ar\/rlr\/wp-content\/uploads\/2026\/09\/Alberto-Paredes-Urquiza-67x59.jpeg 67w, https:\/\/radiolarioja.com.ar\/rlr\/wp-content\/uploads\/2026\/09\/Alberto-Paredes-Urquiza-222x197.jpeg 222w, https:\/\/radiolarioja.com.ar\/rlr\/wp-content\/uploads\/2026\/09\/Alberto-Paredes-Urquiza-78x69.jpeg 78w, https:\/\/radiolarioja.com.ar\/rlr\/wp-content\/uploads\/2026\/09\/Alberto-Paredes-Urquiza-180x160.jpeg 180w, https:\/\/radiolarioja.com.ar\/rlr\/wp-content\/uploads\/2026\/09\/Alberto-Paredes-Urquiza-264x235.jpeg 264w, https:\/\/radiolarioja.com.ar\/rlr\/wp-content\/uploads\/2026\/09\/Alberto-Paredes-Urquiza-247x220.jpeg 247w, https:\/\/radiolarioja.com.ar\/rlr\/wp-content\/uploads\/2026\/09\/Alberto-Paredes-Urquiza-293x260.jpeg 293w, https:\/\/radiolarioja.com.ar\/rlr\/wp-content\/uploads\/2026\/09\/Alberto-Paredes-Urquiza-356x316.jpeg 356w, https:\/\/radiolarioja.com.ar\/rlr\/wp-content\/uploads\/2026\/09\/Alberto-Paredes-Urquiza-519x461.jpeg 519w, https:\/\/radiolarioja.com.ar\/rlr\/wp-content\/uploads\/2026\/09\/Alberto-Paredes-Urquiza-433x385.jpeg 433w, https:\/\/radiolarioja.com.ar\/rlr\/wp-content\/uploads\/2026\/09\/Alberto-Paredes-Urquiza-546x485.jpeg 546w, https:\/\/radiolarioja.com.ar\/rlr\/wp-content\/uploads\/2026\/09\/Alberto-Paredes-Urquiza-652x579.jpeg 652w\" sizes=\"(max-width: 1024px) 100vw, 1024px\" \/><\/a><\/figure>\n","protected":false},"excerpt":{"rendered":"<p>La C\u00e1mara Federal de Apelaciones de C\u00f3rdoba revoc\u00f3 el procesamiento de Alberto Paredes Urquiza en la causa que investiga el tr\u00e1gico accidente de helic\u00f3pteros ocurrido en Villa Castelli en 2015, dictando en su lugar la falta de m\u00e9rito y dejando sin efecto el embargo de 30 millones de pesos que pesaba sobre sus bienes. Esta [&hellip;]<\/p>\n","protected":false},"author":2,"featured_media":97483,"comment_status":"open","ping_status":"open","sticky":false,"template":"","format":"standard","meta":{"tdm_status":"","tdm_grid_status":"","footnotes":""},"categories":[17],"tags":[],"class_list":["post-97482","post","type-post","status-publish","format-standard","has-post-thumbnail","category-justicia"],"featured_image_urls":{"full":["https:\/\/radiolarioja.com.ar\/rlr\/wp-content\/uploads\/2026\/09\/Alberto-Paredes-Urquiza.jpeg",1024,910,false],"thumbnail":["https:\/\/radiolarioja.com.ar\/rlr\/wp-content\/uploads\/2026\/09\/Alberto-Paredes-Urquiza-150x150.jpeg",150,150,true],"medium":["https:\/\/radiolarioja.com.ar\/rlr\/wp-content\/uploads\/2026\/09\/Alberto-Paredes-Urquiza-300x267.jpeg",300,267,true],"medium_large":["https:\/\/radiolarioja.com.ar\/rlr\/wp-content\/uploads\/2026\/09\/Alberto-Paredes-Urquiza-767x682.jpeg",696,619,true],"large":["https:\/\/radiolarioja.com.ar\/rlr\/wp-content\/uploads\/2026\/09\/Alberto-Paredes-Urquiza.jpeg",696,619,false],"1536x1536":["https:\/\/radiolarioja.com.ar\/rlr\/wp-content\/uploads\/2026\/09\/Alberto-Paredes-Urquiza.jpeg",1024,910,false],"2048x2048":["https:\/\/radiolarioja.com.ar\/rlr\/wp-content\/uploads\/2026\/09\/Alberto-Paredes-Urquiza.jpeg",1024,910,false],"td_218x150":["https:\/\/radiolarioja.com.ar\/rlr\/wp-content\/uploads\/2026\/09\/Alberto-Paredes-Urquiza-168x149.jpeg",168,149,true],"td_324x400":["https:\/\/radiolarioja.com.ar\/rlr\/wp-content\/uploads\/2026\/09\/Alberto-Paredes-Urquiza-323x287.jpeg",323,287,true],"td_485x360":["https:\/\/radiolarioja.com.ar\/rlr\/wp-content\/uploads\/2026\/09\/Alberto-Paredes-Urquiza-405x360.jpeg",405,360,true],"td_696x0":["https:\/\/radiolarioja.com.ar\/rlr\/wp-content\/uploads\/2026\/09\/Alberto-Paredes-Urquiza-695x618.jpeg",695,618,true],"td_1068x0":["https:\/\/radiolarioja.com.ar\/rlr\/wp-content\/uploads\/2026\/09\/Alberto-Paredes-Urquiza.jpeg",1024,910,false],"td_1920x0":["https:\/\/radiolarioja.com.ar\/rlr\/wp-content\/uploads\/2026\/09\/Alberto-Paredes-Urquiza.jpeg",1024,910,false],"td_0x420":["https:\/\/radiolarioja.com.ar\/rlr\/wp-content\/uploads\/2026\/09\/Alberto-Paredes-Urquiza.jpeg",473,420,false],"td_80x60":["https:\/\/radiolarioja.com.ar\/rlr\/wp-content\/uploads\/2026\/09\/Alberto-Paredes-Urquiza-67x59.jpeg",67,59,true],"td_100x70":["https:\/\/radiolarioja.com.ar\/rlr\/wp-content\/uploads\/2026\/09\/Alberto-Paredes-Urquiza-78x69.jpeg",78,69,true],"td_265x198":["https:\/\/radiolarioja.com.ar\/rlr\/wp-content\/uploads\/2026\/09\/Alberto-Paredes-Urquiza-222x197.jpeg",222,197,true],"td_324x160":["https:\/\/radiolarioja.com.ar\/rlr\/wp-content\/uploads\/2026\/09\/Alberto-Paredes-Urquiza-180x160.jpeg",180,160,true],"td_324x235":["https:\/\/radiolarioja.com.ar\/rlr\/wp-content\/uploads\/2026\/09\/Alberto-Paredes-Urquiza-264x235.jpeg",264,235,true],"td_356x220":["https:\/\/radiolarioja.com.ar\/rlr\/wp-content\/uploads\/2026\/09\/Alberto-Paredes-Urquiza-247x220.jpeg",247,220,true],"td_356x364":["https:\/\/radiolarioja.com.ar\/rlr\/wp-content\/uploads\/2026\/09\/Alberto-Paredes-Urquiza-356x316.jpeg",356,316,true],"td_533x261":["https:\/\/radiolarioja.com.ar\/rlr\/wp-content\/uploads\/2026\/09\/Alberto-Paredes-Urquiza-293x260.jpeg",293,260,true],"td_534x462":["https:\/\/radiolarioja.com.ar\/rlr\/wp-content\/uploads\/2026\/09\/Alberto-Paredes-Urquiza-519x461.jpeg",519,461,true],"td_696x385":["https:\/\/radiolarioja.com.ar\/rlr\/wp-content\/uploads\/2026\/09\/Alberto-Paredes-Urquiza-433x385.jpeg",433,385,true],"td_741x486":["https:\/\/radiolarioja.com.ar\/rlr\/wp-content\/uploads\/2026\/09\/Alberto-Paredes-Urquiza-546x485.jpeg",546,485,true],"td_1068x580":["https:\/\/radiolarioja.com.ar\/rlr\/wp-content\/uploads\/2026\/09\/Alberto-Paredes-Urquiza-652x579.jpeg",652,579,true]},"author_info":{"info":["RadioLaRioja"]},"category_info":"<a href=\"https:\/\/radiolarioja.com.ar\/rlr\/category\/justicia\/\" rel=\"category tag\">Justicia<\/a>","tag_info":"Justicia","comment_count":"0","_links":{"self":[{"href":"https:\/\/radiolarioja.com.ar\/rlr\/wp-json\/wp\/v2\/posts\/97482","targetHints":{"allow":["GET"]}}],"collection":[{"href":"https:\/\/radiolarioja.com.ar\/rlr\/wp-json\/wp\/v2\/posts"}],"about":[{"href":"https:\/\/radiolarioja.com.ar\/rlr\/wp-json\/wp\/v2\/types\/post"}],"author":[{"embeddable":true,"href":"https:\/\/radiolarioja.com.ar\/rlr\/wp-json\/wp\/v2\/users\/2"}],"replies":[{"embeddable":true,"href":"https:\/\/radiolarioja.com.ar\/rlr\/wp-json\/wp\/v2\/comments?post=97482"}],"version-history":[{"count":1,"href":"https:\/\/radiolarioja.com.ar\/rlr\/wp-json\/wp\/v2\/posts\/97482\/revisions"}],"predecessor-version":[{"id":97484,"href":"https:\/\/radiolarioja.com.ar\/rlr\/wp-json\/wp\/v2\/posts\/97482\/revisions\/97484"}],"wp:featuredmedia":[{"embeddable":true,"href":"https:\/\/radiolarioja.com.ar\/rlr\/wp-json\/wp\/v2\/media\/97483"}],"wp:attachment":[{"href":"https:\/\/radiolarioja.com.ar\/rlr\/wp-json\/wp\/v2\/media?parent=97482"}],"wp:term":[{"taxonomy":"category","embeddable":true,"href":"https:\/\/radiolarioja.com.ar\/rlr\/wp-json\/wp\/v2\/categories?post=97482"},{"taxonomy":"post_tag","embeddable":true,"href":"https:\/\/radiolarioja.com.ar\/rlr\/wp-json\/wp\/v2\/tags?post=97482"}],"curies":[{"name":"wp","href":"https:\/\/api.w.org\/{rel}","templated":true}]}}