{"id":97468,"date":"2026-09-02T18:49:39","date_gmt":"2026-09-02T21:49:39","guid":{"rendered":"https:\/\/radiolarioja.com.ar\/rlr\/?p=97468"},"modified":"2026-09-02T18:49:42","modified_gmt":"2026-09-02T21:49:42","slug":"cuanto-vas-a-cobrar-de-auh-y-tarjeta-alimentar-en-septiembre","status":"publish","type":"post","link":"https:\/\/radiolarioja.com.ar\/rlr\/cuanto-vas-a-cobrar-de-auh-y-tarjeta-alimentar-en-septiembre\/","title":{"rendered":"Cu\u00e1nto vas a cobrar de AUH y tarjeta Alimentar en Septiembre ?"},"content":{"rendered":"\n<p class=\"wp-block-paragraph\">Para septiembre de 2026, la <strong>AUH<\/strong> tiene un aumento del 2,11% en su valor total bruto ($154.031), pero se deposita el 80% de forma mensual ($123.221,55 por hijo).<sup><\/sup> El 20% restante se acumula para cuando se presenta la Libreta.<sup><\/sup> La <strong>Tarjeta Alimentar<\/strong> mantiene los mismos montos del mes anterior.<sup><\/sup><\/p>\n\n\n\n<p class=\"wp-block-paragraph\"><strong>Montos a cobrar este mes (80% AUH + Tarjeta Alimentar):<sup><\/sup><\/strong><\/p>\n\n\n\n<figure class=\"wp-block-table\"><table class=\"has-fixed-layout\"><thead><tr><td><strong>Cantidad de hijos<\/strong><\/td><td><strong>Pago AUH (80%)<\/strong><\/td><td><strong>Tarjeta Alimentar<\/strong><\/td><td><strong>Total a cobrar<\/strong><\/td><\/tr><\/thead><tbody><tr><td><strong>1 hijo<\/strong><\/td><td>$123.221,55<\/td><td>$72.250<\/td><td><strong>$195.471,55<\/strong><\/td><\/tr><tr><td><strong>2 hijos<\/strong><\/td><td>$246.443,10<\/td><td>$113.299<\/td><td><strong>$359.742,10<\/strong><\/td><\/tr><tr><td><strong>3 hijos<\/strong><\/td><td>$369.664,65<\/td><td>$149.425<\/td><td><strong>$519.089,65<\/strong><\/td><\/tr><tr><td><strong>4 hijos<\/strong><\/td><td>$492.886,20<\/td><td>$149.425<\/td><td><strong>$642.311,20<\/strong><\/td><\/tr><\/tbody><\/table><\/figure>\n\n\n\n<p class=\"wp-block-paragraph\"><em>Si ten\u00e9s chicos menores de 3 a\u00f1os, ten\u00e9s que sumar adem\u00e1s el <strong>Complemento Leche<\/strong>, que en septiembre asciende a <strong>$58.098<\/strong> por cada nene.<\/em><sup><\/sup><\/p>\n\n\n\n<figure class=\"wp-block-image size-large\"><a href=\"https:\/\/radiolarioja.com.ar\/rlr\/wp-content\/uploads\/2026\/09\/Gemini_Generated_Image_ro9hnwro9hnwro9h.jpg\"><img fetchpriority=\"high\" decoding=\"async\" width=\"1024\" height=\"559\" src=\"https:\/\/radiolarioja.com.ar\/rlr\/wp-content\/uploads\/2026\/09\/Gemini_Generated_Image_ro9hnwro9hnwro9h-1024x559.jpg\" alt=\"\" class=\"wp-image-97469\" srcset=\"https:\/\/radiolarioja.com.ar\/rlr\/wp-content\/uploads\/2026\/09\/Gemini_Generated_Image_ro9hnwro9hnwro9h-1024x559.jpg 1024w, https:\/\/radiolarioja.com.ar\/rlr\/wp-content\/uploads\/2026\/09\/Gemini_Generated_Image_ro9hnwro9hnwro9h-300x164.jpg 300w, https:\/\/radiolarioja.com.ar\/rlr\/wp-content\/uploads\/2026\/09\/Gemini_Generated_Image_ro9hnwro9hnwro9h-766x418.jpg 766w, https:\/\/radiolarioja.com.ar\/rlr\/wp-content\/uploads\/2026\/09\/Gemini_Generated_Image_ro9hnwro9hnwro9h-323x176.jpg 323w, https:\/\/radiolarioja.com.ar\/rlr\/wp-content\/uploads\/2026\/09\/Gemini_Generated_Image_ro9hnwro9hnwro9h-695x379.jpg 695w, https:\/\/radiolarioja.com.ar\/rlr\/wp-content\/uploads\/2026\/09\/Gemini_Generated_Image_ro9hnwro9hnwro9h-1067x582.jpg 1067w, https:\/\/radiolarioja.com.ar\/rlr\/wp-content\/uploads\/2026\/09\/Gemini_Generated_Image_ro9hnwro9hnwro9h-293x160.jpg 293w, https:\/\/radiolarioja.com.ar\/rlr\/wp-content\/uploads\/2026\/09\/Gemini_Generated_Image_ro9hnwro9hnwro9h-356x194.jpg 356w, https:\/\/radiolarioja.com.ar\/rlr\/wp-content\/uploads\/2026\/09\/Gemini_Generated_Image_ro9hnwro9hnwro9h-478x261.jpg 478w, https:\/\/radiolarioja.com.ar\/rlr\/wp-content\/uploads\/2026\/09\/Gemini_Generated_Image_ro9hnwro9hnwro9h-1063x580.jpg 1063w, https:\/\/radiolarioja.com.ar\/rlr\/wp-content\/uploads\/2026\/09\/Gemini_Generated_Image_ro9hnwro9hnwro9h.jpg 1408w\" sizes=\"(max-width: 1024px) 100vw, 1024px\" \/><\/a><\/figure>\n","protected":false},"excerpt":{"rendered":"<p>Para septiembre de 2026, la AUH tiene un aumento del 2,11% en su valor total bruto ($154.031), pero se deposita el 80% de forma mensual ($123.221,55 por hijo). El 20% restante se acumula para cuando se presenta la Libreta. La Tarjeta Alimentar mantiene los mismos montos del mes anterior. Montos a cobrar este mes (80% [&hellip;]<\/p>\n","protected":false},"author":2,"featured_media":97470,"comment_status":"open","ping_status":"open","sticky":false,"template":"","format":"standard","meta":{"tdm_status":"","tdm_grid_status":"","footnotes":""},"categories":[12],"tags":[],"class_list":["post-97468","post","type-post","status-publish","format-standard","has-post-thumbnail","category-local"],"featured_image_urls":{"full":["https:\/\/radiolarioja.com.ar\/rlr\/wp-content\/uploads\/2026\/09\/Gemini_Generated_Image_doxi33doxi33doxi.jpg",1408,768,false],"thumbnail":["https:\/\/radiolarioja.com.ar\/rlr\/wp-content\/uploads\/2026\/09\/Gemini_Generated_Image_doxi33doxi33doxi-150x150.jpg",150,150,true],"medium":["https:\/\/radiolarioja.com.ar\/rlr\/wp-content\/uploads\/2026\/09\/Gemini_Generated_Image_doxi33doxi33doxi-300x164.jpg",300,164,true],"medium_large":["https:\/\/radiolarioja.com.ar\/rlr\/wp-content\/uploads\/2026\/09\/Gemini_Generated_Image_doxi33doxi33doxi-766x418.jpg",696,380,true],"large":["https:\/\/radiolarioja.com.ar\/rlr\/wp-content\/uploads\/2026\/09\/Gemini_Generated_Image_doxi33doxi33doxi-1024x559.jpg",696,380,true],"1536x1536":["https:\/\/radiolarioja.com.ar\/rlr\/wp-content\/uploads\/2026\/09\/Gemini_Generated_Image_doxi33doxi33doxi.jpg",1408,768,false],"2048x2048":["https:\/\/radiolarioja.com.ar\/rlr\/wp-content\/uploads\/2026\/09\/Gemini_Generated_Image_doxi33doxi33doxi.jpg",1408,768,false],"td_218x150":["https:\/\/radiolarioja.com.ar\/rlr\/wp-content\/uploads\/2026\/09\/Gemini_Generated_Image_doxi33doxi33doxi-218x150.jpg",218,150,true],"td_324x400":["https:\/\/radiolarioja.com.ar\/rlr\/wp-content\/uploads\/2026\/09\/Gemini_Generated_Image_doxi33doxi33doxi-323x176.jpg",323,176,true],"td_485x360":["https:\/\/radiolarioja.com.ar\/rlr\/wp-content\/uploads\/2026\/09\/Gemini_Generated_Image_doxi33doxi33doxi-485x360.jpg",485,360,true],"td_696x0":["https:\/\/radiolarioja.com.ar\/rlr\/wp-content\/uploads\/2026\/09\/Gemini_Generated_Image_doxi33doxi33doxi-695x379.jpg",695,379,true],"td_1068x0":["https:\/\/radiolarioja.com.ar\/rlr\/wp-content\/uploads\/2026\/09\/Gemini_Generated_Image_doxi33doxi33doxi-1067x582.jpg",1067,582,true],"td_1920x0":["https:\/\/radiolarioja.com.ar\/rlr\/wp-content\/uploads\/2026\/09\/Gemini_Generated_Image_doxi33doxi33doxi.jpg",1408,768,false],"td_0x420":["https:\/\/radiolarioja.com.ar\/rlr\/wp-content\/uploads\/2026\/09\/Gemini_Generated_Image_doxi33doxi33doxi.jpg",770,420,false],"td_80x60":["https:\/\/radiolarioja.com.ar\/rlr\/wp-content\/uploads\/2026\/09\/Gemini_Generated_Image_doxi33doxi33doxi-80x60.jpg",80,60,true],"td_100x70":["https:\/\/radiolarioja.com.ar\/rlr\/wp-content\/uploads\/2026\/09\/Gemini_Generated_Image_doxi33doxi33doxi-100x70.jpg",100,70,true],"td_265x198":["https:\/\/radiolarioja.com.ar\/rlr\/wp-content\/uploads\/2026\/09\/Gemini_Generated_Image_doxi33doxi33doxi-265x198.jpg",265,198,true],"td_324x160":["https:\/\/radiolarioja.com.ar\/rlr\/wp-content\/uploads\/2026\/09\/Gemini_Generated_Image_doxi33doxi33doxi-293x160.jpg",293,160,true],"td_324x235":["https:\/\/radiolarioja.com.ar\/rlr\/wp-content\/uploads\/2026\/09\/Gemini_Generated_Image_doxi33doxi33doxi-324x235.jpg",324,235,true],"td_356x220":["https:\/\/radiolarioja.com.ar\/rlr\/wp-content\/uploads\/2026\/09\/Gemini_Generated_Image_doxi33doxi33doxi-356x220.jpg",356,220,true],"td_356x364":["https:\/\/radiolarioja.com.ar\/rlr\/wp-content\/uploads\/2026\/09\/Gemini_Generated_Image_doxi33doxi33doxi-356x194.jpg",356,194,true],"td_533x261":["https:\/\/radiolarioja.com.ar\/rlr\/wp-content\/uploads\/2026\/09\/Gemini_Generated_Image_doxi33doxi33doxi-478x261.jpg",478,261,true],"td_534x462":["https:\/\/radiolarioja.com.ar\/rlr\/wp-content\/uploads\/2026\/09\/Gemini_Generated_Image_doxi33doxi33doxi-534x462.jpg",534,462,true],"td_696x385":["https:\/\/radiolarioja.com.ar\/rlr\/wp-content\/uploads\/2026\/09\/Gemini_Generated_Image_doxi33doxi33doxi-696x385.jpg",696,385,true],"td_741x486":["https:\/\/radiolarioja.com.ar\/rlr\/wp-content\/uploads\/2026\/09\/Gemini_Generated_Image_doxi33doxi33doxi-741x486.jpg",741,486,true],"td_1068x580":["https:\/\/radiolarioja.com.ar\/rlr\/wp-content\/uploads\/2026\/09\/Gemini_Generated_Image_doxi33doxi33doxi-1063x580.jpg",1063,580,true]},"author_info":{"info":["RadioLaRioja"]},"category_info":"<a href=\"https:\/\/radiolarioja.com.ar\/rlr\/category\/local\/\" rel=\"category tag\">Local<\/a>","tag_info":"Local","comment_count":"0","_links":{"self":[{"href":"https:\/\/radiolarioja.com.ar\/rlr\/wp-json\/wp\/v2\/posts\/97468","targetHints":{"allow":["GET"]}}],"collection":[{"href":"https:\/\/radiolarioja.com.ar\/rlr\/wp-json\/wp\/v2\/posts"}],"about":[{"href":"https:\/\/radiolarioja.com.ar\/rlr\/wp-json\/wp\/v2\/types\/post"}],"author":[{"embeddable":true,"href":"https:\/\/radiolarioja.com.ar\/rlr\/wp-json\/wp\/v2\/users\/2"}],"replies":[{"embeddable":true,"href":"https:\/\/radiolarioja.com.ar\/rlr\/wp-json\/wp\/v2\/comments?post=97468"}],"version-history":[{"count":1,"href":"https:\/\/radiolarioja.com.ar\/rlr\/wp-json\/wp\/v2\/posts\/97468\/revisions"}],"predecessor-version":[{"id":97471,"href":"https:\/\/radiolarioja.com.ar\/rlr\/wp-json\/wp\/v2\/posts\/97468\/revisions\/97471"}],"wp:featuredmedia":[{"embeddable":true,"href":"https:\/\/radiolarioja.com.ar\/rlr\/wp-json\/wp\/v2\/media\/97470"}],"wp:attachment":[{"href":"https:\/\/radiolarioja.com.ar\/rlr\/wp-json\/wp\/v2\/media?parent=97468"}],"wp:term":[{"taxonomy":"category","embeddable":true,"href":"https:\/\/radiolarioja.com.ar\/rlr\/wp-json\/wp\/v2\/categories?post=97468"},{"taxonomy":"post_tag","embeddable":true,"href":"https:\/\/radiolarioja.com.ar\/rlr\/wp-json\/wp\/v2\/tags?post=97468"}],"curies":[{"name":"wp","href":"https:\/\/api.w.org\/{rel}","templated":true}]}}