{"id":97463,"date":"2026-09-02T13:33:48","date_gmt":"2026-09-02T16:33:48","guid":{"rendered":"https:\/\/radiolarioja.com.ar\/rlr\/?p=97463"},"modified":"2026-09-02T13:33:50","modified_gmt":"2026-09-02T16:33:50","slug":"%f0%9f%9f%a4-los-pilotos-riojanos-siguen-con-gran-protagonismo-en-el-noa-%f0%9f%8f%81%f0%9f%8f%86","status":"publish","type":"post","link":"https:\/\/radiolarioja.com.ar\/rlr\/%f0%9f%9f%a4-los-pilotos-riojanos-siguen-con-gran-protagonismo-en-el-noa-%f0%9f%8f%81%f0%9f%8f%86\/","title":{"rendered":"&#x1f7e4; LOS PILOTOS RIOJANOS SIGUEN CON GRAN PROTAGONISMO EN EL NOA &#x1f3c1;&#x1f3c6;"},"content":{"rendered":"\n<p class=\"wp-block-paragraph\">#Motocross<\/p>\n\n\n\n<p class=\"wp-block-paragraph\">Los representantes de nuestra provincia se lucieron en las distintas categor\u00edas y una vez m\u00e1s cosecharon los aplausos en el circuito de Aguilares.<\/p>\n\n\n\n<p class=\"wp-block-paragraph\">Los pilotos de la Federaci\u00f3n Riojana de Motociclismo volvieron a ser art\u00edfices de otro gran show en el Campeonato del NOA, con destacadas actuaciones en la cuarta fecha del certamen regional, disputada en el circuito Aguilares Race Track, en Tucum\u00e1n.<\/p>\n\n\n\n<p class=\"wp-block-paragraph\">La competencia, que tambi\u00e9n correspondi\u00f3 a la segunda fecha del Campeonato Tucumano de MX y Enducross, reuni\u00f3 a cerca de 70 pilotos de distintos puntos de la regi\u00f3n y convoc\u00f3 a unas 7.000 personas, que acompa\u00f1aron un gran espect\u00e1culo deportivo.<\/p>\n\n\n\n<p class=\"wp-block-paragraph\">Entre los representantes riojanos, Guadalupe Luna tuvo una actuaci\u00f3n sobresaliente y se qued\u00f3 con la victoria en Damas A, imponi\u00e9ndose ante Natalia Scaglioni y Guillermina Vega para subir a lo m\u00e1s alto del podio.<\/p>\n\n\n\n<p class=\"wp-block-paragraph\">Tambi\u00e9n se destac\u00f3 Lara Quinteros, quien finaliz\u00f3 en el segundo lugar de Damas B, detr\u00e1s de Lourdes Luna, mientras que Junior Blanche consigui\u00f3 un meritorio tercer puesto en Principiantes.<\/p>\n\n\n\n<p class=\"wp-block-paragraph\">La presencia riojana tambi\u00e9n tuvo protagonismo en otras categor\u00edas. Natalia Scaglioni fue segunda en MX3B, mientras que Daniel Zalaya alcanz\u00f3 el segundo lugar en MX3C, sumando otra importante actuaci\u00f3n para los representantes provinciales.<\/p>\n\n\n\n<p class=\"wp-block-paragraph\">Ahora, el desaf\u00edo ser\u00e1 en casa. Los pilotos riojanos ya comienzan a prepararse para una nueva cita de gran importancia: el Pre Nacional y la quinta fecha del Campeonato del NOA 2026, que se llevar\u00e1 a cabo el 12 y 13 de septiembre en el circuito \u00abLa Olla\u00bb, de Chilecito.<\/p>\n\n\n\n<p class=\"wp-block-paragraph\">Ser\u00e1 una oportunidad especial para el motocross riojano, que tendr\u00e1 la posibilidad de recibir a los mejores exponentes de la regi\u00f3n y volver a mostrar el crecimiento de la disciplina.<\/p>\n\n\n\n<figure class=\"wp-block-gallery has-nested-images columns-default is-cropped wp-block-gallery-1 is-layout-flex wp-block-gallery-is-layout-flex\">\n<figure class=\"wp-block-image size-large\"><a href=\"https:\/\/radiolarioja.com.ar\/rlr\/wp-content\/uploads\/2026\/09\/WhatsApp-Image-2026-09-02-at-11.24.00-AM.jpeg\"><img fetchpriority=\"high\" decoding=\"async\" width=\"1024\" height=\"926\" data-id=\"97464\" src=\"https:\/\/radiolarioja.com.ar\/rlr\/wp-content\/uploads\/2026\/09\/WhatsApp-Image-2026-09-02-at-11.24.00-AM-1024x926.jpeg\" alt=\"\" class=\"wp-image-97464\" srcset=\"https:\/\/radiolarioja.com.ar\/rlr\/wp-content\/uploads\/2026\/09\/WhatsApp-Image-2026-09-02-at-11.24.00-AM-1024x926.jpeg 1024w, https:\/\/radiolarioja.com.ar\/rlr\/wp-content\/uploads\/2026\/09\/WhatsApp-Image-2026-09-02-at-11.24.00-AM-300x271.jpeg 300w, https:\/\/radiolarioja.com.ar\/rlr\/wp-content\/uploads\/2026\/09\/WhatsApp-Image-2026-09-02-at-11.24.00-AM-165x149.jpeg 165w, https:\/\/radiolarioja.com.ar\/rlr\/wp-content\/uploads\/2026\/09\/WhatsApp-Image-2026-09-02-at-11.24.00-AM-768x694.jpeg 768w, https:\/\/radiolarioja.com.ar\/rlr\/wp-content\/uploads\/2026\/09\/WhatsApp-Image-2026-09-02-at-11.24.00-AM-323x292.jpeg 323w, https:\/\/radiolarioja.com.ar\/rlr\/wp-content\/uploads\/2026\/09\/WhatsApp-Image-2026-09-02-at-11.24.00-AM-398x360.jpeg 398w, https:\/\/radiolarioja.com.ar\/rlr\/wp-content\/uploads\/2026\/09\/WhatsApp-Image-2026-09-02-at-11.24.00-AM-696x629.jpeg 696w, https:\/\/radiolarioja.com.ar\/rlr\/wp-content\/uploads\/2026\/09\/WhatsApp-Image-2026-09-02-at-11.24.00-AM-66x60.jpeg 66w, https:\/\/radiolarioja.com.ar\/rlr\/wp-content\/uploads\/2026\/09\/WhatsApp-Image-2026-09-02-at-11.24.00-AM-77x70.jpeg 77w, https:\/\/radiolarioja.com.ar\/rlr\/wp-content\/uploads\/2026\/09\/WhatsApp-Image-2026-09-02-at-11.24.00-AM-219x198.jpeg 219w, https:\/\/radiolarioja.com.ar\/rlr\/wp-content\/uploads\/2026\/09\/WhatsApp-Image-2026-09-02-at-11.24.00-AM-1068x965.jpeg 1068w, https:\/\/radiolarioja.com.ar\/rlr\/wp-content\/uploads\/2026\/09\/WhatsApp-Image-2026-09-02-at-11.24.00-AM-177x160.jpeg 177w, https:\/\/radiolarioja.com.ar\/rlr\/wp-content\/uploads\/2026\/09\/WhatsApp-Image-2026-09-02-at-11.24.00-AM-259x234.jpeg 259w, https:\/\/radiolarioja.com.ar\/rlr\/wp-content\/uploads\/2026\/09\/WhatsApp-Image-2026-09-02-at-11.24.00-AM-243x220.jpeg 243w, https:\/\/radiolarioja.com.ar\/rlr\/wp-content\/uploads\/2026\/09\/WhatsApp-Image-2026-09-02-at-11.24.00-AM-355x321.jpeg 355w, https:\/\/radiolarioja.com.ar\/rlr\/wp-content\/uploads\/2026\/09\/WhatsApp-Image-2026-09-02-at-11.24.00-AM-288x260.jpeg 288w, https:\/\/radiolarioja.com.ar\/rlr\/wp-content\/uploads\/2026\/09\/WhatsApp-Image-2026-09-02-at-11.24.00-AM-511x462.jpeg 511w, https:\/\/radiolarioja.com.ar\/rlr\/wp-content\/uploads\/2026\/09\/WhatsApp-Image-2026-09-02-at-11.24.00-AM-425x384.jpeg 425w, https:\/\/radiolarioja.com.ar\/rlr\/wp-content\/uploads\/2026\/09\/WhatsApp-Image-2026-09-02-at-11.24.00-AM-537x485.jpeg 537w, https:\/\/radiolarioja.com.ar\/rlr\/wp-content\/uploads\/2026\/09\/WhatsApp-Image-2026-09-02-at-11.24.00-AM-641x579.jpeg 641w, https:\/\/radiolarioja.com.ar\/rlr\/wp-content\/uploads\/2026\/09\/WhatsApp-Image-2026-09-02-at-11.24.00-AM.jpeg 1103w\" sizes=\"(max-width: 1024px) 100vw, 1024px\" \/><\/a><\/figure>\n\n\n\n<figure class=\"wp-block-image size-large\"><a href=\"https:\/\/radiolarioja.com.ar\/rlr\/wp-content\/uploads\/2026\/09\/WhatsApp-Image-2026-09-02-at-11.23.59-AM.jpeg\"><img decoding=\"async\" width=\"1024\" height=\"933\" data-id=\"97465\" src=\"https:\/\/radiolarioja.com.ar\/rlr\/wp-content\/uploads\/2026\/09\/WhatsApp-Image-2026-09-02-at-11.23.59-AM-1024x933.jpeg\" alt=\"\" class=\"wp-image-97465\" srcset=\"https:\/\/radiolarioja.com.ar\/rlr\/wp-content\/uploads\/2026\/09\/WhatsApp-Image-2026-09-02-at-11.23.59-AM-1024x933.jpeg 1024w, https:\/\/radiolarioja.com.ar\/rlr\/wp-content\/uploads\/2026\/09\/WhatsApp-Image-2026-09-02-at-11.23.59-AM-300x273.jpeg 300w, https:\/\/radiolarioja.com.ar\/rlr\/wp-content\/uploads\/2026\/09\/WhatsApp-Image-2026-09-02-at-11.23.59-AM-768x699.jpeg 768w, https:\/\/radiolarioja.com.ar\/rlr\/wp-content\/uploads\/2026\/09\/WhatsApp-Image-2026-09-02-at-11.23.59-AM-164x149.jpeg 164w, https:\/\/radiolarioja.com.ar\/rlr\/wp-content\/uploads\/2026\/09\/WhatsApp-Image-2026-09-02-at-11.23.59-AM-324x295.jpeg 324w, https:\/\/radiolarioja.com.ar\/rlr\/wp-content\/uploads\/2026\/09\/WhatsApp-Image-2026-09-02-at-11.23.59-AM-395x360.jpeg 395w, https:\/\/radiolarioja.com.ar\/rlr\/wp-content\/uploads\/2026\/09\/WhatsApp-Image-2026-09-02-at-11.23.59-AM-695x633.jpeg 695w, https:\/\/radiolarioja.com.ar\/rlr\/wp-content\/uploads\/2026\/09\/WhatsApp-Image-2026-09-02-at-11.23.59-AM-65x59.jpeg 65w, https:\/\/radiolarioja.com.ar\/rlr\/wp-content\/uploads\/2026\/09\/WhatsApp-Image-2026-09-02-at-11.23.59-AM-76x69.jpeg 76w, https:\/\/radiolarioja.com.ar\/rlr\/wp-content\/uploads\/2026\/09\/WhatsApp-Image-2026-09-02-at-11.23.59-AM-217x198.jpeg 217w, https:\/\/radiolarioja.com.ar\/rlr\/wp-content\/uploads\/2026\/09\/WhatsApp-Image-2026-09-02-at-11.23.59-AM-175x159.jpeg 175w, https:\/\/radiolarioja.com.ar\/rlr\/wp-content\/uploads\/2026\/09\/WhatsApp-Image-2026-09-02-at-11.23.59-AM-1067x972.jpeg 1067w, https:\/\/radiolarioja.com.ar\/rlr\/wp-content\/uploads\/2026\/09\/WhatsApp-Image-2026-09-02-at-11.23.59-AM-258x235.jpeg 258w, https:\/\/radiolarioja.com.ar\/rlr\/wp-content\/uploads\/2026\/09\/WhatsApp-Image-2026-09-02-at-11.23.59-AM-241x219.jpeg 241w, https:\/\/radiolarioja.com.ar\/rlr\/wp-content\/uploads\/2026\/09\/WhatsApp-Image-2026-09-02-at-11.23.59-AM-356x324.jpeg 356w, https:\/\/radiolarioja.com.ar\/rlr\/wp-content\/uploads\/2026\/09\/WhatsApp-Image-2026-09-02-at-11.23.59-AM-286x260.jpeg 286w, https:\/\/radiolarioja.com.ar\/rlr\/wp-content\/uploads\/2026\/09\/WhatsApp-Image-2026-09-02-at-11.23.59-AM-507x462.jpeg 507w, https:\/\/radiolarioja.com.ar\/rlr\/wp-content\/uploads\/2026\/09\/WhatsApp-Image-2026-09-02-at-11.23.59-AM-422x384.jpeg 422w, https:\/\/radiolarioja.com.ar\/rlr\/wp-content\/uploads\/2026\/09\/WhatsApp-Image-2026-09-02-at-11.23.59-AM-533x485.jpeg 533w, https:\/\/radiolarioja.com.ar\/rlr\/wp-content\/uploads\/2026\/09\/WhatsApp-Image-2026-09-02-at-11.23.59-AM-636x579.jpeg 636w, https:\/\/radiolarioja.com.ar\/rlr\/wp-content\/uploads\/2026\/09\/WhatsApp-Image-2026-09-02-at-11.23.59-AM.jpeg 1277w\" sizes=\"(max-width: 1024px) 100vw, 1024px\" \/><\/a><\/figure>\n\n\n\n<figure class=\"wp-block-image size-large\"><a href=\"https:\/\/radiolarioja.com.ar\/rlr\/wp-content\/uploads\/2026\/09\/WhatsApp-Image-2026-09-02-at-11.23.58-AM.jpeg\"><img decoding=\"async\" width=\"1024\" height=\"928\" data-id=\"97466\" src=\"https:\/\/radiolarioja.com.ar\/rlr\/wp-content\/uploads\/2026\/09\/WhatsApp-Image-2026-09-02-at-11.23.58-AM-1024x928.jpeg\" alt=\"\" class=\"wp-image-97466\" srcset=\"https:\/\/radiolarioja.com.ar\/rlr\/wp-content\/uploads\/2026\/09\/WhatsApp-Image-2026-09-02-at-11.23.58-AM-1024x928.jpeg 1024w, https:\/\/radiolarioja.com.ar\/rlr\/wp-content\/uploads\/2026\/09\/WhatsApp-Image-2026-09-02-at-11.23.58-AM-300x272.jpeg 300w, https:\/\/radiolarioja.com.ar\/rlr\/wp-content\/uploads\/2026\/09\/WhatsApp-Image-2026-09-02-at-11.23.58-AM-768x696.jpeg 768w, https:\/\/radiolarioja.com.ar\/rlr\/wp-content\/uploads\/2026\/09\/WhatsApp-Image-2026-09-02-at-11.23.58-AM-165x150.jpeg 165w, https:\/\/radiolarioja.com.ar\/rlr\/wp-content\/uploads\/2026\/09\/WhatsApp-Image-2026-09-02-at-11.23.58-AM-323x293.jpeg 323w, https:\/\/radiolarioja.com.ar\/rlr\/wp-content\/uploads\/2026\/09\/WhatsApp-Image-2026-09-02-at-11.23.58-AM-397x360.jpeg 397w, https:\/\/radiolarioja.com.ar\/rlr\/wp-content\/uploads\/2026\/09\/WhatsApp-Image-2026-09-02-at-11.23.58-AM-66x60.jpeg 66w, https:\/\/radiolarioja.com.ar\/rlr\/wp-content\/uploads\/2026\/09\/WhatsApp-Image-2026-09-02-at-11.23.58-AM-77x70.jpeg 77w, https:\/\/radiolarioja.com.ar\/rlr\/wp-content\/uploads\/2026\/09\/WhatsApp-Image-2026-09-02-at-11.23.58-AM-696x631.jpeg 696w, https:\/\/radiolarioja.com.ar\/rlr\/wp-content\/uploads\/2026\/09\/WhatsApp-Image-2026-09-02-at-11.23.58-AM-1536x1393.jpeg 1536w, https:\/\/radiolarioja.com.ar\/rlr\/wp-content\/uploads\/2026\/09\/WhatsApp-Image-2026-09-02-at-11.23.58-AM-1068x968.jpeg 1068w, https:\/\/radiolarioja.com.ar\/rlr\/wp-content\/uploads\/2026\/09\/WhatsApp-Image-2026-09-02-at-11.23.58-AM-218x198.jpeg 218w, https:\/\/radiolarioja.com.ar\/rlr\/wp-content\/uploads\/2026\/09\/WhatsApp-Image-2026-09-02-at-11.23.58-AM-259x235.jpeg 259w, https:\/\/radiolarioja.com.ar\/rlr\/wp-content\/uploads\/2026\/09\/WhatsApp-Image-2026-09-02-at-11.23.58-AM-176x160.jpeg 176w, https:\/\/radiolarioja.com.ar\/rlr\/wp-content\/uploads\/2026\/09\/WhatsApp-Image-2026-09-02-at-11.23.58-AM-242x220.jpeg 242w, https:\/\/radiolarioja.com.ar\/rlr\/wp-content\/uploads\/2026\/09\/WhatsApp-Image-2026-09-02-at-11.23.58-AM-355x322.jpeg 355w, https:\/\/radiolarioja.com.ar\/rlr\/wp-content\/uploads\/2026\/09\/WhatsApp-Image-2026-09-02-at-11.23.58-AM-287x260.jpeg 287w, https:\/\/radiolarioja.com.ar\/rlr\/wp-content\/uploads\/2026\/09\/WhatsApp-Image-2026-09-02-at-11.23.58-AM-424x384.jpeg 424w, https:\/\/radiolarioja.com.ar\/rlr\/wp-content\/uploads\/2026\/09\/WhatsApp-Image-2026-09-02-at-11.23.58-AM-509x462.jpeg 509w, https:\/\/radiolarioja.com.ar\/rlr\/wp-content\/uploads\/2026\/09\/WhatsApp-Image-2026-09-02-at-11.23.58-AM-639x579.jpeg 639w, https:\/\/radiolarioja.com.ar\/rlr\/wp-content\/uploads\/2026\/09\/WhatsApp-Image-2026-09-02-at-11.23.58-AM-536x486.jpeg 536w, https:\/\/radiolarioja.com.ar\/rlr\/wp-content\/uploads\/2026\/09\/WhatsApp-Image-2026-09-02-at-11.23.58-AM.jpeg 1597w\" sizes=\"(max-width: 1024px) 100vw, 1024px\" \/><\/a><\/figure>\n<\/figure>\n","protected":false},"excerpt":{"rendered":"<p>#Motocross Los representantes de nuestra provincia se lucieron en las distintas categor\u00edas y una vez m\u00e1s cosecharon los aplausos en el circuito de Aguilares. Los pilotos de la Federaci\u00f3n Riojana de Motociclismo volvieron a ser art\u00edfices de otro gran show en el Campeonato del NOA, con destacadas actuaciones en la cuarta fecha del certamen regional, [&hellip;]<\/p>\n","protected":false},"author":2,"featured_media":97464,"comment_status":"open","ping_status":"open","sticky":false,"template":"","format":"standard","meta":{"tdm_status":"","tdm_grid_status":"","footnotes":""},"categories":[3],"tags":[],"class_list":["post-97463","post","type-post","status-publish","format-standard","has-post-thumbnail","category-deporte"],"featured_image_urls":{"full":["https:\/\/radiolarioja.com.ar\/rlr\/wp-content\/uploads\/2026\/09\/WhatsApp-Image-2026-09-02-at-11.24.00-AM.jpeg",1103,997,false],"thumbnail":["https:\/\/radiolarioja.com.ar\/rlr\/wp-content\/uploads\/2026\/09\/WhatsApp-Image-2026-09-02-at-11.24.00-AM-150x150.jpeg",150,150,true],"medium":["https:\/\/radiolarioja.com.ar\/rlr\/wp-content\/uploads\/2026\/09\/WhatsApp-Image-2026-09-02-at-11.24.00-AM-300x271.jpeg",300,271,true],"medium_large":["https:\/\/radiolarioja.com.ar\/rlr\/wp-content\/uploads\/2026\/09\/WhatsApp-Image-2026-09-02-at-11.24.00-AM-768x694.jpeg",696,629,true],"large":["https:\/\/radiolarioja.com.ar\/rlr\/wp-content\/uploads\/2026\/09\/WhatsApp-Image-2026-09-02-at-11.24.00-AM-1024x926.jpeg",696,629,true],"1536x1536":["https:\/\/radiolarioja.com.ar\/rlr\/wp-content\/uploads\/2026\/09\/WhatsApp-Image-2026-09-02-at-11.24.00-AM.jpeg",1103,997,false],"2048x2048":["https:\/\/radiolarioja.com.ar\/rlr\/wp-content\/uploads\/2026\/09\/WhatsApp-Image-2026-09-02-at-11.24.00-AM.jpeg",1103,997,false],"td_218x150":["https:\/\/radiolarioja.com.ar\/rlr\/wp-content\/uploads\/2026\/09\/WhatsApp-Image-2026-09-02-at-11.24.00-AM-165x149.jpeg",165,149,true],"td_324x400":["https:\/\/radiolarioja.com.ar\/rlr\/wp-content\/uploads\/2026\/09\/WhatsApp-Image-2026-09-02-at-11.24.00-AM-323x292.jpeg",323,292,true],"td_485x360":["https:\/\/radiolarioja.com.ar\/rlr\/wp-content\/uploads\/2026\/09\/WhatsApp-Image-2026-09-02-at-11.24.00-AM-398x360.jpeg",398,360,true],"td_696x0":["https:\/\/radiolarioja.com.ar\/rlr\/wp-content\/uploads\/2026\/09\/WhatsApp-Image-2026-09-02-at-11.24.00-AM-696x629.jpeg",696,629,true],"td_1068x0":["https:\/\/radiolarioja.com.ar\/rlr\/wp-content\/uploads\/2026\/09\/WhatsApp-Image-2026-09-02-at-11.24.00-AM-1068x965.jpeg",1068,965,true],"td_1920x0":["https:\/\/radiolarioja.com.ar\/rlr\/wp-content\/uploads\/2026\/09\/WhatsApp-Image-2026-09-02-at-11.24.00-AM.jpeg",1103,997,false],"td_0x420":["https:\/\/radiolarioja.com.ar\/rlr\/wp-content\/uploads\/2026\/09\/WhatsApp-Image-2026-09-02-at-11.24.00-AM.jpeg",465,420,false],"td_80x60":["https:\/\/radiolarioja.com.ar\/rlr\/wp-content\/uploads\/2026\/09\/WhatsApp-Image-2026-09-02-at-11.24.00-AM-66x60.jpeg",66,60,true],"td_100x70":["https:\/\/radiolarioja.com.ar\/rlr\/wp-content\/uploads\/2026\/09\/WhatsApp-Image-2026-09-02-at-11.24.00-AM-77x70.jpeg",77,70,true],"td_265x198":["https:\/\/radiolarioja.com.ar\/rlr\/wp-content\/uploads\/2026\/09\/WhatsApp-Image-2026-09-02-at-11.24.00-AM-219x198.jpeg",219,198,true],"td_324x160":["https:\/\/radiolarioja.com.ar\/rlr\/wp-content\/uploads\/2026\/09\/WhatsApp-Image-2026-09-02-at-11.24.00-AM-177x160.jpeg",177,160,true],"td_324x235":["https:\/\/radiolarioja.com.ar\/rlr\/wp-content\/uploads\/2026\/09\/WhatsApp-Image-2026-09-02-at-11.24.00-AM-259x234.jpeg",259,234,true],"td_356x220":["https:\/\/radiolarioja.com.ar\/rlr\/wp-content\/uploads\/2026\/09\/WhatsApp-Image-2026-09-02-at-11.24.00-AM-243x220.jpeg",243,220,true],"td_356x364":["https:\/\/radiolarioja.com.ar\/rlr\/wp-content\/uploads\/2026\/09\/WhatsApp-Image-2026-09-02-at-11.24.00-AM-355x321.jpeg",355,321,true],"td_533x261":["https:\/\/radiolarioja.com.ar\/rlr\/wp-content\/uploads\/2026\/09\/WhatsApp-Image-2026-09-02-at-11.24.00-AM-288x260.jpeg",288,260,true],"td_534x462":["https:\/\/radiolarioja.com.ar\/rlr\/wp-content\/uploads\/2026\/09\/WhatsApp-Image-2026-09-02-at-11.24.00-AM-511x462.jpeg",511,462,true],"td_696x385":["https:\/\/radiolarioja.com.ar\/rlr\/wp-content\/uploads\/2026\/09\/WhatsApp-Image-2026-09-02-at-11.24.00-AM-425x384.jpeg",425,384,true],"td_741x486":["https:\/\/radiolarioja.com.ar\/rlr\/wp-content\/uploads\/2026\/09\/WhatsApp-Image-2026-09-02-at-11.24.00-AM-537x485.jpeg",537,485,true],"td_1068x580":["https:\/\/radiolarioja.com.ar\/rlr\/wp-content\/uploads\/2026\/09\/WhatsApp-Image-2026-09-02-at-11.24.00-AM-641x579.jpeg",641,579,true]},"author_info":{"info":["RadioLaRioja"]},"category_info":"<a href=\"https:\/\/radiolarioja.com.ar\/rlr\/category\/deporte\/\" rel=\"category tag\">Deporte<\/a>","tag_info":"Deporte","comment_count":"0","_links":{"self":[{"href":"https:\/\/radiolarioja.com.ar\/rlr\/wp-json\/wp\/v2\/posts\/97463","targetHints":{"allow":["GET"]}}],"collection":[{"href":"https:\/\/radiolarioja.com.ar\/rlr\/wp-json\/wp\/v2\/posts"}],"about":[{"href":"https:\/\/radiolarioja.com.ar\/rlr\/wp-json\/wp\/v2\/types\/post"}],"author":[{"embeddable":true,"href":"https:\/\/radiolarioja.com.ar\/rlr\/wp-json\/wp\/v2\/users\/2"}],"replies":[{"embeddable":true,"href":"https:\/\/radiolarioja.com.ar\/rlr\/wp-json\/wp\/v2\/comments?post=97463"}],"version-history":[{"count":1,"href":"https:\/\/radiolarioja.com.ar\/rlr\/wp-json\/wp\/v2\/posts\/97463\/revisions"}],"predecessor-version":[{"id":97467,"href":"https:\/\/radiolarioja.com.ar\/rlr\/wp-json\/wp\/v2\/posts\/97463\/revisions\/97467"}],"wp:featuredmedia":[{"embeddable":true,"href":"https:\/\/radiolarioja.com.ar\/rlr\/wp-json\/wp\/v2\/media\/97464"}],"wp:attachment":[{"href":"https:\/\/radiolarioja.com.ar\/rlr\/wp-json\/wp\/v2\/media?parent=97463"}],"wp:term":[{"taxonomy":"category","embeddable":true,"href":"https:\/\/radiolarioja.com.ar\/rlr\/wp-json\/wp\/v2\/categories?post=97463"},{"taxonomy":"post_tag","embeddable":true,"href":"https:\/\/radiolarioja.com.ar\/rlr\/wp-json\/wp\/v2\/tags?post=97463"}],"curies":[{"name":"wp","href":"https:\/\/api.w.org\/{rel}","templated":true}]}}