{"id":97459,"date":"2026-09-02T13:29:01","date_gmt":"2026-09-02T16:29:01","guid":{"rendered":"https:\/\/radiolarioja.com.ar\/rlr\/?p=97459"},"modified":"2026-09-02T13:29:03","modified_gmt":"2026-09-02T16:29:03","slug":"creciente-expectativa-en-cordoba-por-la-llegada-del-papa-leon-xiv-en-noviembre","status":"publish","type":"post","link":"https:\/\/radiolarioja.com.ar\/rlr\/creciente-expectativa-en-cordoba-por-la-llegada-del-papa-leon-xiv-en-noviembre\/","title":{"rendered":"Creciente expectativa en C\u00f3rdoba por la llegada del Papa Le\u00f3n XIV en noviembre"},"content":{"rendered":"\n<p class=\"wp-block-paragraph\"><strong>AVANCE ORGANIZATIVO<\/strong><\/p>\n\n\n\n<div class=\"wp-block-group is-nowrap is-layout-flex wp-container-core-group-is-layout-8f761849 wp-block-group-is-layout-flex\">\n<figure class=\"wp-block-image size-full\"><a href=\"https:\/\/radiolarioja.com.ar\/rlr\/wp-content\/uploads\/2026\/09\/04-02-2026-munir-bracco-sacerdote-catolico-2180668.jpg\"><img fetchpriority=\"high\" decoding=\"async\" width=\"987\" height=\"555\" src=\"https:\/\/radiolarioja.com.ar\/rlr\/wp-content\/uploads\/2026\/09\/04-02-2026-munir-bracco-sacerdote-catolico-2180668.jpg\" alt=\"\" class=\"wp-image-97460\" srcset=\"https:\/\/radiolarioja.com.ar\/rlr\/wp-content\/uploads\/2026\/09\/04-02-2026-munir-bracco-sacerdote-catolico-2180668.jpg 987w, https:\/\/radiolarioja.com.ar\/rlr\/wp-content\/uploads\/2026\/09\/04-02-2026-munir-bracco-sacerdote-catolico-2180668-300x169.jpg 300w, https:\/\/radiolarioja.com.ar\/rlr\/wp-content\/uploads\/2026\/09\/04-02-2026-munir-bracco-sacerdote-catolico-2180668-766x431.jpg 766w, https:\/\/radiolarioja.com.ar\/rlr\/wp-content\/uploads\/2026\/09\/04-02-2026-munir-bracco-sacerdote-catolico-2180668-324x182.jpg 324w, https:\/\/radiolarioja.com.ar\/rlr\/wp-content\/uploads\/2026\/09\/04-02-2026-munir-bracco-sacerdote-catolico-2180668-695x391.jpg 695w, https:\/\/radiolarioja.com.ar\/rlr\/wp-content\/uploads\/2026\/09\/04-02-2026-munir-bracco-sacerdote-catolico-2180668-284x160.jpg 284w, https:\/\/radiolarioja.com.ar\/rlr\/wp-content\/uploads\/2026\/09\/04-02-2026-munir-bracco-sacerdote-catolico-2180668-356x200.jpg 356w, https:\/\/radiolarioja.com.ar\/rlr\/wp-content\/uploads\/2026\/09\/04-02-2026-munir-bracco-sacerdote-catolico-2180668-464x261.jpg 464w, https:\/\/radiolarioja.com.ar\/rlr\/wp-content\/uploads\/2026\/09\/04-02-2026-munir-bracco-sacerdote-catolico-2180668-684x385.jpg 684w\" sizes=\"(max-width: 987px) 100vw, 987px\" \/><\/a><figcaption class=\"wp-element-caption\">Munir Bracco, vocero del Arzobispado de C\u00f3rdoba<\/figcaption><\/figure>\n\n\n\n<p class=\"wp-block-paragraph\">Munir Bracco, vocero del Arzobispado de C\u00f3rdoba, brind\u00f3 detalles sobre la log\u00edstica y la trascendencia de la pr\u00f3xima visita papal a la Argentina, prevista para desarrollarse entre el 8 y el 11 de noviembre.<\/p>\n<\/div>\n\n\n\n<p class=\"wp-block-paragraph\">Durante una entrevista period\u00edstica, Bracco remarc\u00f3 la enorme expectativa que genera el acontecimiento entre los fieles y el p\u00fablico en general. \u00abEs muy lindo lo que se est\u00e1 viviendo; vamos tomando dimensi\u00f3n de lo trascendente que es que Argentina reciba a su Sumo Pont\u00edfice\u00bb, expres\u00f3. Asimismo, compar\u00f3 la movilizaci\u00f3n de la feligres\u00eda con el hist\u00f3rico viaje de Juan Pablo II hace casi 40 a\u00f1os, asegurando que la previa de esta visita logr\u00f3 despertar aquellos recuerdos en la memoria colectiva.<\/p>\n\n\n\n<p class=\"wp-block-paragraph\"><strong>Claves del recorrido y la agenda:<\/strong><\/p>\n\n\n\n<ul class=\"wp-block-list\">\n<li class=\"\"><strong>Eventos masivos:<\/strong> Las actividades principales consistir\u00e1n en celebraciones eucar\u00edsticas de libre acceso en Buenos Aires, Luj\u00e1n y C\u00f3rdoba. En la provincia cordobesa, la misa multitudinaria tendr\u00e1 lugar en el predio de FADEA.<\/li>\n\n\n\n<li class=\"\"><strong>Encuentros sectoriales:<\/strong> El Papa mantendr\u00e1 reuniones con diversos grupos representativos a nivel nacional. C\u00f3rdoba ser\u00e1 la sede del encuentro con miembros de la vida religiosa (sacerdotes, religiosas y religiosos) de todo el pa\u00eds, el cual se proyecta realizar en la Catedral.<\/li>\n\n\n\n<li class=\"\"><strong>Delegaci\u00f3n oficial:<\/strong> Se destac\u00f3 el impacto de la llegada de la delegaci\u00f3n de avanzada del Vaticano, que arrib\u00f3 en un avi\u00f3n de la Fuerza A\u00e9rea para inspeccionar las locaciones de las actividades.<\/li>\n\n\n\n<li class=\"\"><strong>Lema y preparativos:<\/strong> Aunque la convocatoria cuenta provisionalmente con la frase <em>\u00abBienvenido peregrino de la paz\u00bb<\/em>, la Comisi\u00f3n del Vaticano analiza el lema y logo definitivos, mientras que el himno oficial surgir\u00e1 de un concurso nacional.<\/li>\n<\/ul>\n","protected":false},"excerpt":{"rendered":"<p>AVANCE ORGANIZATIVO Munir Bracco, vocero del Arzobispado de C\u00f3rdoba, brind\u00f3 detalles sobre la log\u00edstica y la trascendencia de la pr\u00f3xima visita papal a la Argentina, prevista para desarrollarse entre el 8 y el 11 de noviembre. Durante una entrevista period\u00edstica, Bracco remarc\u00f3 la enorme expectativa que genera el acontecimiento entre los fieles y el p\u00fablico [&hellip;]<\/p>\n","protected":false},"author":2,"featured_media":97461,"comment_status":"open","ping_status":"open","sticky":false,"template":"","format":"standard","meta":{"tdm_status":"","tdm_grid_status":"","footnotes":""},"categories":[15],"tags":[],"class_list":["post-97459","post","type-post","status-publish","format-standard","has-post-thumbnail","category-nacional"],"featured_image_urls":{"full":["https:\/\/radiolarioja.com.ar\/rlr\/wp-content\/uploads\/2026\/09\/Gemini_Generated_Image_2csd8t2csd8t2csd.jpg",1376,768,false],"thumbnail":["https:\/\/radiolarioja.com.ar\/rlr\/wp-content\/uploads\/2026\/09\/Gemini_Generated_Image_2csd8t2csd8t2csd-150x150.jpg",150,150,true],"medium":["https:\/\/radiolarioja.com.ar\/rlr\/wp-content\/uploads\/2026\/09\/Gemini_Generated_Image_2csd8t2csd8t2csd-300x167.jpg",300,167,true],"medium_large":["https:\/\/radiolarioja.com.ar\/rlr\/wp-content\/uploads\/2026\/09\/Gemini_Generated_Image_2csd8t2csd8t2csd-767x428.jpg",696,388,true],"large":["https:\/\/radiolarioja.com.ar\/rlr\/wp-content\/uploads\/2026\/09\/Gemini_Generated_Image_2csd8t2csd8t2csd-1024x572.jpg",696,389,true],"1536x1536":["https:\/\/radiolarioja.com.ar\/rlr\/wp-content\/uploads\/2026\/09\/Gemini_Generated_Image_2csd8t2csd8t2csd.jpg",1376,768,false],"2048x2048":["https:\/\/radiolarioja.com.ar\/rlr\/wp-content\/uploads\/2026\/09\/Gemini_Generated_Image_2csd8t2csd8t2csd.jpg",1376,768,false],"td_218x150":["https:\/\/radiolarioja.com.ar\/rlr\/wp-content\/uploads\/2026\/09\/Gemini_Generated_Image_2csd8t2csd8t2csd-218x150.jpg",218,150,true],"td_324x400":["https:\/\/radiolarioja.com.ar\/rlr\/wp-content\/uploads\/2026\/09\/Gemini_Generated_Image_2csd8t2csd8t2csd-323x180.jpg",323,180,true],"td_485x360":["https:\/\/radiolarioja.com.ar\/rlr\/wp-content\/uploads\/2026\/09\/Gemini_Generated_Image_2csd8t2csd8t2csd-485x360.jpg",485,360,true],"td_696x0":["https:\/\/radiolarioja.com.ar\/rlr\/wp-content\/uploads\/2026\/09\/Gemini_Generated_Image_2csd8t2csd8t2csd-695x388.jpg",695,388,true],"td_1068x0":["https:\/\/radiolarioja.com.ar\/rlr\/wp-content\/uploads\/2026\/09\/Gemini_Generated_Image_2csd8t2csd8t2csd-1068x596.jpg",1068,596,true],"td_1920x0":["https:\/\/radiolarioja.com.ar\/rlr\/wp-content\/uploads\/2026\/09\/Gemini_Generated_Image_2csd8t2csd8t2csd.jpg",1376,768,false],"td_0x420":["https:\/\/radiolarioja.com.ar\/rlr\/wp-content\/uploads\/2026\/09\/Gemini_Generated_Image_2csd8t2csd8t2csd.jpg",753,420,false],"td_80x60":["https:\/\/radiolarioja.com.ar\/rlr\/wp-content\/uploads\/2026\/09\/Gemini_Generated_Image_2csd8t2csd8t2csd-80x60.jpg",80,60,true],"td_100x70":["https:\/\/radiolarioja.com.ar\/rlr\/wp-content\/uploads\/2026\/09\/Gemini_Generated_Image_2csd8t2csd8t2csd-100x70.jpg",100,70,true],"td_265x198":["https:\/\/radiolarioja.com.ar\/rlr\/wp-content\/uploads\/2026\/09\/Gemini_Generated_Image_2csd8t2csd8t2csd-265x198.jpg",265,198,true],"td_324x160":["https:\/\/radiolarioja.com.ar\/rlr\/wp-content\/uploads\/2026\/09\/Gemini_Generated_Image_2csd8t2csd8t2csd-286x160.jpg",286,160,true],"td_324x235":["https:\/\/radiolarioja.com.ar\/rlr\/wp-content\/uploads\/2026\/09\/Gemini_Generated_Image_2csd8t2csd8t2csd-324x235.jpg",324,235,true],"td_356x220":["https:\/\/radiolarioja.com.ar\/rlr\/wp-content\/uploads\/2026\/09\/Gemini_Generated_Image_2csd8t2csd8t2csd-356x220.jpg",356,220,true],"td_356x364":["https:\/\/radiolarioja.com.ar\/rlr\/wp-content\/uploads\/2026\/09\/Gemini_Generated_Image_2csd8t2csd8t2csd-355x198.jpg",355,198,true],"td_533x261":["https:\/\/radiolarioja.com.ar\/rlr\/wp-content\/uploads\/2026\/09\/Gemini_Generated_Image_2csd8t2csd8t2csd-467x261.jpg",467,261,true],"td_534x462":["https:\/\/radiolarioja.com.ar\/rlr\/wp-content\/uploads\/2026\/09\/Gemini_Generated_Image_2csd8t2csd8t2csd-534x462.jpg",534,462,true],"td_696x385":["https:\/\/radiolarioja.com.ar\/rlr\/wp-content\/uploads\/2026\/09\/Gemini_Generated_Image_2csd8t2csd8t2csd-689x385.jpg",689,385,true],"td_741x486":["https:\/\/radiolarioja.com.ar\/rlr\/wp-content\/uploads\/2026\/09\/Gemini_Generated_Image_2csd8t2csd8t2csd-741x486.jpg",741,486,true],"td_1068x580":["https:\/\/radiolarioja.com.ar\/rlr\/wp-content\/uploads\/2026\/09\/Gemini_Generated_Image_2csd8t2csd8t2csd-1039x580.jpg",1039,580,true]},"author_info":{"info":["RadioLaRioja"]},"category_info":"<a href=\"https:\/\/radiolarioja.com.ar\/rlr\/category\/nacional\/\" rel=\"category tag\">Nacional<\/a>","tag_info":"Nacional","comment_count":"0","_links":{"self":[{"href":"https:\/\/radiolarioja.com.ar\/rlr\/wp-json\/wp\/v2\/posts\/97459","targetHints":{"allow":["GET"]}}],"collection":[{"href":"https:\/\/radiolarioja.com.ar\/rlr\/wp-json\/wp\/v2\/posts"}],"about":[{"href":"https:\/\/radiolarioja.com.ar\/rlr\/wp-json\/wp\/v2\/types\/post"}],"author":[{"embeddable":true,"href":"https:\/\/radiolarioja.com.ar\/rlr\/wp-json\/wp\/v2\/users\/2"}],"replies":[{"embeddable":true,"href":"https:\/\/radiolarioja.com.ar\/rlr\/wp-json\/wp\/v2\/comments?post=97459"}],"version-history":[{"count":1,"href":"https:\/\/radiolarioja.com.ar\/rlr\/wp-json\/wp\/v2\/posts\/97459\/revisions"}],"predecessor-version":[{"id":97462,"href":"https:\/\/radiolarioja.com.ar\/rlr\/wp-json\/wp\/v2\/posts\/97459\/revisions\/97462"}],"wp:featuredmedia":[{"embeddable":true,"href":"https:\/\/radiolarioja.com.ar\/rlr\/wp-json\/wp\/v2\/media\/97461"}],"wp:attachment":[{"href":"https:\/\/radiolarioja.com.ar\/rlr\/wp-json\/wp\/v2\/media?parent=97459"}],"wp:term":[{"taxonomy":"category","embeddable":true,"href":"https:\/\/radiolarioja.com.ar\/rlr\/wp-json\/wp\/v2\/categories?post=97459"},{"taxonomy":"post_tag","embeddable":true,"href":"https:\/\/radiolarioja.com.ar\/rlr\/wp-json\/wp\/v2\/tags?post=97459"}],"curies":[{"name":"wp","href":"https:\/\/api.w.org\/{rel}","templated":true}]}}