{"id":97456,"date":"2026-09-02T13:21:43","date_gmt":"2026-09-02T16:21:43","guid":{"rendered":"https:\/\/radiolarioja.com.ar\/rlr\/?p=97456"},"modified":"2026-09-02T13:21:45","modified_gmt":"2026-09-02T16:21:45","slug":"el-tiro-federal-la-rioja-presento-su-agenda-oficial-de-competencias-para-el-mes-de-septiembre","status":"publish","type":"post","link":"https:\/\/radiolarioja.com.ar\/rlr\/el-tiro-federal-la-rioja-presento-su-agenda-oficial-de-competencias-para-el-mes-de-septiembre\/","title":{"rendered":"El Tiro Federal La Rioja present\u00f3 su agenda oficial de competencias para el mes de septiembre"},"content":{"rendered":"\n<p class=\"wp-block-paragraph\">El Tiro Federal La Rioja dio a conocer el cronograma de actividades deportivas que se llevar\u00e1n a cabo durante todo el mes de septiembre. La programaci\u00f3n incluye desde torneos sociales en la sede social hasta cert\u00e1menes de nivel nacional e internacional con representantes riojanos.<\/p>\n\n\n\n<p class=\"wp-block-paragraph\">La actividad comenzar\u00e1 el s\u00e1bado 5 de septiembre a las 09:00 con una jornada social de <strong>Arquer\u00eda<\/strong>. Posteriormente, el s\u00e1bado 12 se disputar\u00e1 la competencia de <strong>Miras Abiertas Nacional<\/strong> a las 10:00 (correspondiente al Ranking Nacional) y, a las 15:00, el torneo social de la <strong>Escuela de Tiro &#8211; Rifle de Quiebre<\/strong>.<\/p>\n\n\n\n<p class=\"wp-block-paragraph\">El domingo 13 de septiembre se dividir\u00e1 en dos frentes: por un lado, los deportistas Jos\u00e9 Luis Luque y Lucas Mercado Luna representar\u00e1n a la instituci\u00f3n en la Fecha Nacional de <strong>Arquer\u00eda Rankeable de Campo<\/strong> en Unquillo, C\u00f3rdoba; por otro, en la sede local se jugar\u00e1 un torneo social de <strong>Tenis de Mesa<\/strong> a las 15:00.<\/p>\n\n\n\n<p class=\"wp-block-paragraph\">La tercera semana del mes continuar\u00e1 con competencias locales de tiro deportivo: el s\u00e1bado 19 se tirar\u00e1 <strong>FBI 15 mts<\/strong> y el domingo 20 <strong>Siluetas 25 mts<\/strong>, ambas a las 09:30 en modalidad social.<\/p>\n\n\n\n<p class=\"wp-block-paragraph\"><strong>Proyecci\u00f3n internacional y cierre de mes<\/strong><\/p>\n\n\n\n<p class=\"wp-block-paragraph\">A nivel internacional y de alta competencia, el club estar\u00e1 presente en dos eventos de gran relevancia:<\/p>\n\n\n\n<ul class=\"wp-block-list\">\n<li class=\"\"><strong>Copa del Mundo de Campo y 3D (Yankton, EE. UU. &#8211; Tiro con Arco):<\/strong> Se desarrollar\u00e1 del 22 al 27 de septiembre con la participaci\u00f3n de Jonathan Ibarra Brizuela.<\/li>\n\n\n\n<li class=\"\"><strong>Suramericano de Tiro con Arco (Rosario):<\/strong> Del 19 al 26 de septiembre, con la actuaci\u00f3n de Esteban Lemann.<\/li>\n<\/ul>\n\n\n\n<p class=\"wp-block-paragraph\">El calendario mensual finalizar\u00e1 el fin de semana del 26 y 27 de septiembre. El s\u00e1bado 26 a las 15:00 se llevar\u00e1 a cabo el torneo social de <strong>Pistola y Carabina de Aire<\/strong>, mientras que los d\u00edas 26 y 27 se disputar\u00e1 el <strong>Torneo Centro Rep\u00fablica T.F. C\u00f3rdoba (Ranking #6)<\/strong> de car\u00e1cter nacional.<\/p>\n\n\n\n<p class=\"wp-block-paragraph\">Para mayor informaci\u00f3n sobre inscripciones o consultas generales, la instituci\u00f3n \u2014ubicada en Av. Ramirez de Velazco 605, La Rioja Capital\u2014 atiende de martes a viernes de 9 a 20 hs, s\u00e1bados de 9 a 18 hs y domingos de 9 a 13 hs. Tambi\u00e9n se encuentra disponible la l\u00ednea de WhatsApp: <strong>3804670300<\/strong>.<\/p>\n","protected":false},"excerpt":{"rendered":"<p>El Tiro Federal La Rioja dio a conocer el cronograma de actividades deportivas que se llevar\u00e1n a cabo durante todo el mes de septiembre. La programaci\u00f3n incluye desde torneos sociales en la sede social hasta cert\u00e1menes de nivel nacional e internacional con representantes riojanos. La actividad comenzar\u00e1 el s\u00e1bado 5 de septiembre a las 09:00 [&hellip;]<\/p>\n","protected":false},"author":2,"featured_media":97457,"comment_status":"open","ping_status":"open","sticky":false,"template":"","format":"standard","meta":{"tdm_status":"","tdm_grid_status":"","footnotes":""},"categories":[3],"tags":[],"class_list":["post-97456","post","type-post","status-publish","format-standard","has-post-thumbnail","category-deporte"],"featured_image_urls":{"full":["https:\/\/radiolarioja.com.ar\/rlr\/wp-content\/uploads\/2026\/09\/WhatsApp-Image-2026-09-02-at-11.58.33-AM.jpeg",1254,1254,false],"thumbnail":["https:\/\/radiolarioja.com.ar\/rlr\/wp-content\/uploads\/2026\/09\/WhatsApp-Image-2026-09-02-at-11.58.33-AM-150x150.jpeg",150,150,true],"medium":["https:\/\/radiolarioja.com.ar\/rlr\/wp-content\/uploads\/2026\/09\/WhatsApp-Image-2026-09-02-at-11.58.33-AM-300x300.jpeg",300,300,true],"medium_large":["https:\/\/radiolarioja.com.ar\/rlr\/wp-content\/uploads\/2026\/09\/WhatsApp-Image-2026-09-02-at-11.58.33-AM-768x768.jpeg",696,696,true],"large":["https:\/\/radiolarioja.com.ar\/rlr\/wp-content\/uploads\/2026\/09\/WhatsApp-Image-2026-09-02-at-11.58.33-AM-1024x1024.jpeg",696,696,true],"1536x1536":["https:\/\/radiolarioja.com.ar\/rlr\/wp-content\/uploads\/2026\/09\/WhatsApp-Image-2026-09-02-at-11.58.33-AM.jpeg",1254,1254,false],"2048x2048":["https:\/\/radiolarioja.com.ar\/rlr\/wp-content\/uploads\/2026\/09\/WhatsApp-Image-2026-09-02-at-11.58.33-AM.jpeg",1254,1254,false],"td_218x150":["https:\/\/radiolarioja.com.ar\/rlr\/wp-content\/uploads\/2026\/09\/WhatsApp-Image-2026-09-02-at-11.58.33-AM-150x150-1.jpeg",150,150,true],"td_324x400":["https:\/\/radiolarioja.com.ar\/rlr\/wp-content\/uploads\/2026\/09\/WhatsApp-Image-2026-09-02-at-11.58.33-AM-324x324.jpeg",324,324,true],"td_485x360":["https:\/\/radiolarioja.com.ar\/rlr\/wp-content\/uploads\/2026\/09\/WhatsApp-Image-2026-09-02-at-11.58.33-AM-360x360.jpeg",360,360,true],"td_696x0":["https:\/\/radiolarioja.com.ar\/rlr\/wp-content\/uploads\/2026\/09\/WhatsApp-Image-2026-09-02-at-11.58.33-AM-696x696.jpeg",696,696,true],"td_1068x0":["https:\/\/radiolarioja.com.ar\/rlr\/wp-content\/uploads\/2026\/09\/WhatsApp-Image-2026-09-02-at-11.58.33-AM-1068x1068.jpeg",1068,1068,true],"td_1920x0":["https:\/\/radiolarioja.com.ar\/rlr\/wp-content\/uploads\/2026\/09\/WhatsApp-Image-2026-09-02-at-11.58.33-AM.jpeg",1254,1254,false],"td_0x420":["https:\/\/radiolarioja.com.ar\/rlr\/wp-content\/uploads\/2026\/09\/WhatsApp-Image-2026-09-02-at-11.58.33-AM.jpeg",420,420,false],"td_80x60":["https:\/\/radiolarioja.com.ar\/rlr\/wp-content\/uploads\/2026\/09\/WhatsApp-Image-2026-09-02-at-11.58.33-AM-60x60.jpeg",60,60,true],"td_100x70":["https:\/\/radiolarioja.com.ar\/rlr\/wp-content\/uploads\/2026\/09\/WhatsApp-Image-2026-09-02-at-11.58.33-AM-70x70.jpeg",70,70,true],"td_265x198":["https:\/\/radiolarioja.com.ar\/rlr\/wp-content\/uploads\/2026\/09\/WhatsApp-Image-2026-09-02-at-11.58.33-AM-198x198.jpeg",198,198,true],"td_324x160":["https:\/\/radiolarioja.com.ar\/rlr\/wp-content\/uploads\/2026\/09\/WhatsApp-Image-2026-09-02-at-11.58.33-AM-160x160.jpeg",160,160,true],"td_324x235":["https:\/\/radiolarioja.com.ar\/rlr\/wp-content\/uploads\/2026\/09\/WhatsApp-Image-2026-09-02-at-11.58.33-AM-235x235.jpeg",235,235,true],"td_356x220":["https:\/\/radiolarioja.com.ar\/rlr\/wp-content\/uploads\/2026\/09\/WhatsApp-Image-2026-09-02-at-11.58.33-AM-220x220.jpeg",220,220,true],"td_356x364":["https:\/\/radiolarioja.com.ar\/rlr\/wp-content\/uploads\/2026\/09\/WhatsApp-Image-2026-09-02-at-11.58.33-AM-356x356.jpeg",356,356,true],"td_533x261":["https:\/\/radiolarioja.com.ar\/rlr\/wp-content\/uploads\/2026\/09\/WhatsApp-Image-2026-09-02-at-11.58.33-AM-261x261.jpeg",261,261,true],"td_534x462":["https:\/\/radiolarioja.com.ar\/rlr\/wp-content\/uploads\/2026\/09\/WhatsApp-Image-2026-09-02-at-11.58.33-AM-462x462.jpeg",462,462,true],"td_696x385":["https:\/\/radiolarioja.com.ar\/rlr\/wp-content\/uploads\/2026\/09\/WhatsApp-Image-2026-09-02-at-11.58.33-AM-385x385.jpeg",385,385,true],"td_741x486":["https:\/\/radiolarioja.com.ar\/rlr\/wp-content\/uploads\/2026\/09\/WhatsApp-Image-2026-09-02-at-11.58.33-AM-486x486.jpeg",486,486,true],"td_1068x580":["https:\/\/radiolarioja.com.ar\/rlr\/wp-content\/uploads\/2026\/09\/WhatsApp-Image-2026-09-02-at-11.58.33-AM-580x580.jpeg",580,580,true]},"author_info":{"info":["RadioLaRioja"]},"category_info":"<a href=\"https:\/\/radiolarioja.com.ar\/rlr\/category\/deporte\/\" rel=\"category tag\">Deporte<\/a>","tag_info":"Deporte","comment_count":"0","_links":{"self":[{"href":"https:\/\/radiolarioja.com.ar\/rlr\/wp-json\/wp\/v2\/posts\/97456","targetHints":{"allow":["GET"]}}],"collection":[{"href":"https:\/\/radiolarioja.com.ar\/rlr\/wp-json\/wp\/v2\/posts"}],"about":[{"href":"https:\/\/radiolarioja.com.ar\/rlr\/wp-json\/wp\/v2\/types\/post"}],"author":[{"embeddable":true,"href":"https:\/\/radiolarioja.com.ar\/rlr\/wp-json\/wp\/v2\/users\/2"}],"replies":[{"embeddable":true,"href":"https:\/\/radiolarioja.com.ar\/rlr\/wp-json\/wp\/v2\/comments?post=97456"}],"version-history":[{"count":1,"href":"https:\/\/radiolarioja.com.ar\/rlr\/wp-json\/wp\/v2\/posts\/97456\/revisions"}],"predecessor-version":[{"id":97458,"href":"https:\/\/radiolarioja.com.ar\/rlr\/wp-json\/wp\/v2\/posts\/97456\/revisions\/97458"}],"wp:featuredmedia":[{"embeddable":true,"href":"https:\/\/radiolarioja.com.ar\/rlr\/wp-json\/wp\/v2\/media\/97457"}],"wp:attachment":[{"href":"https:\/\/radiolarioja.com.ar\/rlr\/wp-json\/wp\/v2\/media?parent=97456"}],"wp:term":[{"taxonomy":"category","embeddable":true,"href":"https:\/\/radiolarioja.com.ar\/rlr\/wp-json\/wp\/v2\/categories?post=97456"},{"taxonomy":"post_tag","embeddable":true,"href":"https:\/\/radiolarioja.com.ar\/rlr\/wp-json\/wp\/v2\/tags?post=97456"}],"curies":[{"name":"wp","href":"https:\/\/api.w.org\/{rel}","templated":true}]}}