{"id":97453,"date":"2026-09-02T13:18:13","date_gmt":"2026-09-02T16:18:13","guid":{"rendered":"https:\/\/radiolarioja.com.ar\/rlr\/?p=97453"},"modified":"2026-09-02T13:18:15","modified_gmt":"2026-09-02T16:18:15","slug":"el-dilema-del-superavit-y-la-bomba-que-amenaza-al-pami","status":"publish","type":"post","link":"https:\/\/radiolarioja.com.ar\/rlr\/el-dilema-del-superavit-y-la-bomba-que-amenaza-al-pami\/","title":{"rendered":"El dilema del super\u00e1vit y la bomba que amenaza al PAMI"},"content":{"rendered":"\n<p class=\"wp-block-paragraph\">Comenzamos la jornada poniendo la lupa sobre una situaci\u00f3n cr\u00edtica, un tema del que mucho se habla en voz baja, pero que ya resulta imposible de disimular. Nos referimos a la crisis profunda que atraviesa el PAMI, la obra social m\u00e1s grande de Am\u00e9rica Latina y el pilar fundamental en la atenci\u00f3n m\u00e9dica de m\u00e1s de cinco millones y medio de jubilados y pensionados en toda la Argentina.<\/p>\n\n\n\n<p class=\"wp-block-paragraph\">En los \u00faltimos d\u00edas, analistas period\u00edsticos de enorme trayectoria \u2014como Pancho Olivera, entre muchos otros\u2014 advirtieron sobre una verdadera \u00ab<strong>bomba de tiempo<\/strong>\u00bb que est\u00e1 a punto de estallar en la instituci\u00f3n. Y no se trata de una met\u00e1fora abstracta: es una realidad dram\u00e1tica que golpea de lleno la calidad de vida de nuestros adultos mayores.<\/p>\n\n\n\n<p class=\"wp-block-paragraph\">Los s\u00edntomas del colapso se multiplican en cada rinc\u00f3n del mapa nacional. Lo vimos en el interior con cl\u00ednicas y sanatorios privados que dan de baja sus convenios porque, francamente, las cuentas no les cierran; lo vemos en la falta de m\u00e9dicos de cabecera en localidades bonaerenses, en las demoras de meses para conseguir un turno indispensable, en los recortes en \u00e1reas sensibles como los centros de di\u00e1lisis y en las multitudinarias protestas de jubilados en provincias como Entre R\u00edos, C\u00f3rdoba, Neuqu\u00e9n y R\u00edo Negro. La tensi\u00f3n es tan extrema que, incluso en La Rioja, la crisis provoc\u00f3 sacudones pol\u00edticos directos: ayer mismo se conoci\u00f3 la renuncia del titular de la filial local, Amado Omar Menem.<\/p>\n\n\n\n<p class=\"wp-block-paragraph\">Detr\u00e1s de este panorama desolador subyace una l\u00f3gica econ\u00f3mica implacable. Para sostener el d\u00e9ficit cero y exhibir el super\u00e1vit fiscal como el gran logro de la gesti\u00f3n, la cobija se achic\u00f3 por el lado m\u00e1s sensible. La eliminaci\u00f3n de recursos clave, sumada a un aporte del Tesoro que apenas cubre la mitad de lo que antes se destina, ha dejado al sistema de salud p\u00fablica sin margen de maniobra. En una reuni\u00f3n cruenta entre el Ministerio de Salud y la cartera de Econom\u00eda, la respuesta desde las arcas centrales fue lapidaria: <strong>\u00abNo hay plata<\/strong>\u00ab, porque otorgar los fondos que el PAMI necesita para funcionar m\u00ednimamente bien implicar\u00eda comerse todo el super\u00e1vit financiero.<\/p>\n\n\n\n<p class=\"wp-block-paragraph\">A esto se le suma una evidente falla en la gesti\u00f3n diaria. Voces dentro de la propia obra social se\u00f1alan desmanejos en las prioridades del gasto y un <strong>descontrol <\/strong>en el<strong> costo de los medicamentos<\/strong>, insumos que han aumentado ostensiblemente por encima de la inflaci\u00f3n general.<\/p>\n\n\n\n<p class=\"wp-block-paragraph\">Aqu\u00ed es donde se evidencian las <strong>contradicciones<\/strong> de este modelo: el equilibrio fiscal, si bien busca contener la variable inflacionaria, est\u00e1 dejando en el camino un costo social gigantesco. Se protegen ciertas exenciones financieras, pero se <strong>desfinancia la salud<\/strong> de quienes trabajaron toda su vida.<\/p>\n\n\n\n<p class=\"wp-block-paragraph\">El sector de los <strong>jubilados <\/strong>vuelve a ser, <strong>tr\u00e1gicamente<\/strong>, <strong>el m\u00e1s castigado de la Argentina<\/strong>. Entre la <strong>p\u00e9rdida <\/strong>del <strong>poder adquisitivo<\/strong>, el <strong>congelamiento <\/strong>de bonos y la <strong>represi\u00f3n <\/strong>a sus protestas, ahora se le suma la <strong>incertidumbre <\/strong>de no saber si ma\u00f1ana tendr\u00e1n un m\u00e9dico o un remedio disponible. Ojal\u00e1 el gobierno comprenda a tiempo que un n\u00famero en verde no justifica el abandono de nuestros mayores.<\/p>\n\n\n\n<p class=\"wp-block-paragraph\"><\/p>\n","protected":false},"excerpt":{"rendered":"<p>Comenzamos la jornada poniendo la lupa sobre una situaci\u00f3n cr\u00edtica, un tema del que mucho se habla en voz baja, pero que ya resulta imposible de disimular. Nos referimos a la crisis profunda que atraviesa el PAMI, la obra social m\u00e1s grande de Am\u00e9rica Latina y el pilar fundamental en la atenci\u00f3n m\u00e9dica de m\u00e1s [&hellip;]<\/p>\n","protected":false},"author":2,"featured_media":97454,"comment_status":"open","ping_status":"open","sticky":false,"template":"","format":"standard","meta":{"tdm_status":"","tdm_grid_status":"","footnotes":""},"categories":[16],"tags":[],"class_list":["post-97453","post","type-post","status-publish","format-standard","has-post-thumbnail","category-opinion"],"featured_image_urls":{"full":["https:\/\/radiolarioja.com.ar\/rlr\/wp-content\/uploads\/2026\/09\/Gemini_Generated_Image_64sygw64sygw64sy.jpg",1408,768,false],"thumbnail":["https:\/\/radiolarioja.com.ar\/rlr\/wp-content\/uploads\/2026\/09\/Gemini_Generated_Image_64sygw64sygw64sy-150x150.jpg",150,150,true],"medium":["https:\/\/radiolarioja.com.ar\/rlr\/wp-content\/uploads\/2026\/09\/Gemini_Generated_Image_64sygw64sygw64sy-300x164.jpg",300,164,true],"medium_large":["https:\/\/radiolarioja.com.ar\/rlr\/wp-content\/uploads\/2026\/09\/Gemini_Generated_Image_64sygw64sygw64sy-766x418.jpg",696,380,true],"large":["https:\/\/radiolarioja.com.ar\/rlr\/wp-content\/uploads\/2026\/09\/Gemini_Generated_Image_64sygw64sygw64sy-1024x559.jpg",696,380,true],"1536x1536":["https:\/\/radiolarioja.com.ar\/rlr\/wp-content\/uploads\/2026\/09\/Gemini_Generated_Image_64sygw64sygw64sy.jpg",1408,768,false],"2048x2048":["https:\/\/radiolarioja.com.ar\/rlr\/wp-content\/uploads\/2026\/09\/Gemini_Generated_Image_64sygw64sygw64sy.jpg",1408,768,false],"td_218x150":["https:\/\/radiolarioja.com.ar\/rlr\/wp-content\/uploads\/2026\/09\/Gemini_Generated_Image_64sygw64sygw64sy-218x150.jpg",218,150,true],"td_324x400":["https:\/\/radiolarioja.com.ar\/rlr\/wp-content\/uploads\/2026\/09\/Gemini_Generated_Image_64sygw64sygw64sy-323x176.jpg",323,176,true],"td_485x360":["https:\/\/radiolarioja.com.ar\/rlr\/wp-content\/uploads\/2026\/09\/Gemini_Generated_Image_64sygw64sygw64sy-485x360.jpg",485,360,true],"td_696x0":["https:\/\/radiolarioja.com.ar\/rlr\/wp-content\/uploads\/2026\/09\/Gemini_Generated_Image_64sygw64sygw64sy-695x379.jpg",695,379,true],"td_1068x0":["https:\/\/radiolarioja.com.ar\/rlr\/wp-content\/uploads\/2026\/09\/Gemini_Generated_Image_64sygw64sygw64sy-1067x582.jpg",1067,582,true],"td_1920x0":["https:\/\/radiolarioja.com.ar\/rlr\/wp-content\/uploads\/2026\/09\/Gemini_Generated_Image_64sygw64sygw64sy.jpg",1408,768,false],"td_0x420":["https:\/\/radiolarioja.com.ar\/rlr\/wp-content\/uploads\/2026\/09\/Gemini_Generated_Image_64sygw64sygw64sy.jpg",770,420,false],"td_80x60":["https:\/\/radiolarioja.com.ar\/rlr\/wp-content\/uploads\/2026\/09\/Gemini_Generated_Image_64sygw64sygw64sy-80x60.jpg",80,60,true],"td_100x70":["https:\/\/radiolarioja.com.ar\/rlr\/wp-content\/uploads\/2026\/09\/Gemini_Generated_Image_64sygw64sygw64sy-100x70.jpg",100,70,true],"td_265x198":["https:\/\/radiolarioja.com.ar\/rlr\/wp-content\/uploads\/2026\/09\/Gemini_Generated_Image_64sygw64sygw64sy-265x198.jpg",265,198,true],"td_324x160":["https:\/\/radiolarioja.com.ar\/rlr\/wp-content\/uploads\/2026\/09\/Gemini_Generated_Image_64sygw64sygw64sy-293x160.jpg",293,160,true],"td_324x235":["https:\/\/radiolarioja.com.ar\/rlr\/wp-content\/uploads\/2026\/09\/Gemini_Generated_Image_64sygw64sygw64sy-324x235.jpg",324,235,true],"td_356x220":["https:\/\/radiolarioja.com.ar\/rlr\/wp-content\/uploads\/2026\/09\/Gemini_Generated_Image_64sygw64sygw64sy-356x220.jpg",356,220,true],"td_356x364":["https:\/\/radiolarioja.com.ar\/rlr\/wp-content\/uploads\/2026\/09\/Gemini_Generated_Image_64sygw64sygw64sy-356x194.jpg",356,194,true],"td_533x261":["https:\/\/radiolarioja.com.ar\/rlr\/wp-content\/uploads\/2026\/09\/Gemini_Generated_Image_64sygw64sygw64sy-478x261.jpg",478,261,true],"td_534x462":["https:\/\/radiolarioja.com.ar\/rlr\/wp-content\/uploads\/2026\/09\/Gemini_Generated_Image_64sygw64sygw64sy-534x462.jpg",534,462,true],"td_696x385":["https:\/\/radiolarioja.com.ar\/rlr\/wp-content\/uploads\/2026\/09\/Gemini_Generated_Image_64sygw64sygw64sy-696x385.jpg",696,385,true],"td_741x486":["https:\/\/radiolarioja.com.ar\/rlr\/wp-content\/uploads\/2026\/09\/Gemini_Generated_Image_64sygw64sygw64sy-741x486.jpg",741,486,true],"td_1068x580":["https:\/\/radiolarioja.com.ar\/rlr\/wp-content\/uploads\/2026\/09\/Gemini_Generated_Image_64sygw64sygw64sy-1063x580.jpg",1063,580,true]},"author_info":{"info":["RadioLaRioja"]},"category_info":"<a href=\"https:\/\/radiolarioja.com.ar\/rlr\/category\/opinion\/\" rel=\"category tag\">Opini\u00f3n<\/a>","tag_info":"Opini\u00f3n","comment_count":"0","_links":{"self":[{"href":"https:\/\/radiolarioja.com.ar\/rlr\/wp-json\/wp\/v2\/posts\/97453","targetHints":{"allow":["GET"]}}],"collection":[{"href":"https:\/\/radiolarioja.com.ar\/rlr\/wp-json\/wp\/v2\/posts"}],"about":[{"href":"https:\/\/radiolarioja.com.ar\/rlr\/wp-json\/wp\/v2\/types\/post"}],"author":[{"embeddable":true,"href":"https:\/\/radiolarioja.com.ar\/rlr\/wp-json\/wp\/v2\/users\/2"}],"replies":[{"embeddable":true,"href":"https:\/\/radiolarioja.com.ar\/rlr\/wp-json\/wp\/v2\/comments?post=97453"}],"version-history":[{"count":1,"href":"https:\/\/radiolarioja.com.ar\/rlr\/wp-json\/wp\/v2\/posts\/97453\/revisions"}],"predecessor-version":[{"id":97455,"href":"https:\/\/radiolarioja.com.ar\/rlr\/wp-json\/wp\/v2\/posts\/97453\/revisions\/97455"}],"wp:featuredmedia":[{"embeddable":true,"href":"https:\/\/radiolarioja.com.ar\/rlr\/wp-json\/wp\/v2\/media\/97454"}],"wp:attachment":[{"href":"https:\/\/radiolarioja.com.ar\/rlr\/wp-json\/wp\/v2\/media?parent=97453"}],"wp:term":[{"taxonomy":"category","embeddable":true,"href":"https:\/\/radiolarioja.com.ar\/rlr\/wp-json\/wp\/v2\/categories?post=97453"},{"taxonomy":"post_tag","embeddable":true,"href":"https:\/\/radiolarioja.com.ar\/rlr\/wp-json\/wp\/v2\/tags?post=97453"}],"curies":[{"name":"wp","href":"https:\/\/api.w.org\/{rel}","templated":true}]}}