{"id":97450,"date":"2026-09-02T13:01:53","date_gmt":"2026-09-02T16:01:53","guid":{"rendered":"https:\/\/radiolarioja.com.ar\/rlr\/?p=97450"},"modified":"2026-09-02T13:01:55","modified_gmt":"2026-09-02T16:01:55","slug":"nonogasta-celebra-su-395-aniversario-con-obras-y-festejos","status":"publish","type":"post","link":"https:\/\/radiolarioja.com.ar\/rlr\/nonogasta-celebra-su-395-aniversario-con-obras-y-festejos\/","title":{"rendered":"NONOGASTA CELEBRA SU 395\u00b0 ANIVERSARIO CON OBRAS Y FESTEJOS"},"content":{"rendered":"\n<p class=\"wp-block-paragraph\">La localidad de Nonogasta celebra hoy sus 395 a\u00f1os de historia con una variada agenda de actividades organizadas por el Municipio local.<\/p>\n\n\n\n<p class=\"wp-block-paragraph\">A partir de las 17:00 horas se llevar\u00e1 a cabo el acto central de car\u00e1cter c\u00edvico-militar, en el cual se dejar\u00e1n inauguradas obras clave para la comunidad, entre ellas un nuevo Sal\u00f3n de Usos M\u00faltiples (SUM) y mejoras en las instalaciones del Club Atl\u00e9tico Racing. Autoridades provinciales y locales fueron invitadas a la ceremonia, que culminar\u00e1 con un espect\u00e1culo bailable en vivo con la presentaci\u00f3n de diversas agrupaciones musicales.<\/p>\n\n\n\n<figure class=\"wp-block-image size-full is-resized\"><a href=\"https:\/\/radiolarioja.com.ar\/rlr\/wp-content\/uploads\/2026\/09\/image-6.png\"><img fetchpriority=\"high\" decoding=\"async\" width=\"615\" height=\"486\" src=\"https:\/\/radiolarioja.com.ar\/rlr\/wp-content\/uploads\/2026\/09\/image-6.png\" alt=\"\" class=\"wp-image-97451\" style=\"width:1068px;height:auto\" srcset=\"https:\/\/radiolarioja.com.ar\/rlr\/wp-content\/uploads\/2026\/09\/image-6.png 615w, https:\/\/radiolarioja.com.ar\/rlr\/wp-content\/uploads\/2026\/09\/image-6-189x149.png 189w, https:\/\/radiolarioja.com.ar\/rlr\/wp-content\/uploads\/2026\/09\/image-6-300x237.png 300w, https:\/\/radiolarioja.com.ar\/rlr\/wp-content\/uploads\/2026\/09\/image-6-324x256.png 324w, https:\/\/radiolarioja.com.ar\/rlr\/wp-content\/uploads\/2026\/09\/image-6-75x59.png 75w, https:\/\/radiolarioja.com.ar\/rlr\/wp-content\/uploads\/2026\/09\/image-6-88x70.png 88w, https:\/\/radiolarioja.com.ar\/rlr\/wp-content\/uploads\/2026\/09\/image-6-455x360.png 455w, https:\/\/radiolarioja.com.ar\/rlr\/wp-content\/uploads\/2026\/09\/image-6-250x198.png 250w, https:\/\/radiolarioja.com.ar\/rlr\/wp-content\/uploads\/2026\/09\/image-6-202x160.png 202w, https:\/\/radiolarioja.com.ar\/rlr\/wp-content\/uploads\/2026\/09\/image-6-297x235.png 297w, https:\/\/radiolarioja.com.ar\/rlr\/wp-content\/uploads\/2026\/09\/image-6-278x220.png 278w, https:\/\/radiolarioja.com.ar\/rlr\/wp-content\/uploads\/2026\/09\/image-6-356x281.png 356w, https:\/\/radiolarioja.com.ar\/rlr\/wp-content\/uploads\/2026\/09\/image-6-330x261.png 330w, https:\/\/radiolarioja.com.ar\/rlr\/wp-content\/uploads\/2026\/09\/image-6-487x385.png 487w\" sizes=\"(max-width: 615px) 100vw, 615px\" \/><\/a><\/figure>\n","protected":false},"excerpt":{"rendered":"<p>La localidad de Nonogasta celebra hoy sus 395 a\u00f1os de historia con una variada agenda de actividades organizadas por el Municipio local. A partir de las 17:00 horas se llevar\u00e1 a cabo el acto central de car\u00e1cter c\u00edvico-militar, en el cual se dejar\u00e1n inauguradas obras clave para la comunidad, entre ellas un nuevo Sal\u00f3n de [&hellip;]<\/p>\n","protected":false},"author":2,"featured_media":97451,"comment_status":"open","ping_status":"open","sticky":false,"template":"","format":"standard","meta":{"tdm_status":"","tdm_grid_status":"","footnotes":""},"categories":[12],"tags":[],"class_list":["post-97450","post","type-post","status-publish","format-standard","has-post-thumbnail","category-local"],"featured_image_urls":{"full":["https:\/\/radiolarioja.com.ar\/rlr\/wp-content\/uploads\/2026\/09\/image-6.png",615,486,false],"thumbnail":["https:\/\/radiolarioja.com.ar\/rlr\/wp-content\/uploads\/2026\/09\/image-6-150x150.png",150,150,true],"medium":["https:\/\/radiolarioja.com.ar\/rlr\/wp-content\/uploads\/2026\/09\/image-6-300x237.png",300,237,true],"medium_large":["https:\/\/radiolarioja.com.ar\/rlr\/wp-content\/uploads\/2026\/09\/image-6.png",615,486,false],"large":["https:\/\/radiolarioja.com.ar\/rlr\/wp-content\/uploads\/2026\/09\/image-6.png",615,486,false],"1536x1536":["https:\/\/radiolarioja.com.ar\/rlr\/wp-content\/uploads\/2026\/09\/image-6.png",615,486,false],"2048x2048":["https:\/\/radiolarioja.com.ar\/rlr\/wp-content\/uploads\/2026\/09\/image-6.png",615,486,false],"td_218x150":["https:\/\/radiolarioja.com.ar\/rlr\/wp-content\/uploads\/2026\/09\/image-6-189x149.png",189,149,true],"td_324x400":["https:\/\/radiolarioja.com.ar\/rlr\/wp-content\/uploads\/2026\/09\/image-6-324x256.png",324,256,true],"td_485x360":["https:\/\/radiolarioja.com.ar\/rlr\/wp-content\/uploads\/2026\/09\/image-6-455x360.png",455,360,true],"td_696x0":["https:\/\/radiolarioja.com.ar\/rlr\/wp-content\/uploads\/2026\/09\/image-6.png",615,486,false],"td_1068x0":["https:\/\/radiolarioja.com.ar\/rlr\/wp-content\/uploads\/2026\/09\/image-6.png",615,486,false],"td_1920x0":["https:\/\/radiolarioja.com.ar\/rlr\/wp-content\/uploads\/2026\/09\/image-6.png",615,486,false],"td_0x420":["https:\/\/radiolarioja.com.ar\/rlr\/wp-content\/uploads\/2026\/09\/image-6.png",531,420,false],"td_80x60":["https:\/\/radiolarioja.com.ar\/rlr\/wp-content\/uploads\/2026\/09\/image-6-75x59.png",75,59,true],"td_100x70":["https:\/\/radiolarioja.com.ar\/rlr\/wp-content\/uploads\/2026\/09\/image-6-88x70.png",88,70,true],"td_265x198":["https:\/\/radiolarioja.com.ar\/rlr\/wp-content\/uploads\/2026\/09\/image-6-250x198.png",250,198,true],"td_324x160":["https:\/\/radiolarioja.com.ar\/rlr\/wp-content\/uploads\/2026\/09\/image-6-202x160.png",202,160,true],"td_324x235":["https:\/\/radiolarioja.com.ar\/rlr\/wp-content\/uploads\/2026\/09\/image-6-297x235.png",297,235,true],"td_356x220":["https:\/\/radiolarioja.com.ar\/rlr\/wp-content\/uploads\/2026\/09\/image-6-278x220.png",278,220,true],"td_356x364":["https:\/\/radiolarioja.com.ar\/rlr\/wp-content\/uploads\/2026\/09\/image-6-356x281.png",356,281,true],"td_533x261":["https:\/\/radiolarioja.com.ar\/rlr\/wp-content\/uploads\/2026\/09\/image-6-330x261.png",330,261,true],"td_534x462":["https:\/\/radiolarioja.com.ar\/rlr\/wp-content\/uploads\/2026\/09\/image-6-534x462.png",534,462,true],"td_696x385":["https:\/\/radiolarioja.com.ar\/rlr\/wp-content\/uploads\/2026\/09\/image-6-487x385.png",487,385,true],"td_741x486":["https:\/\/radiolarioja.com.ar\/rlr\/wp-content\/uploads\/2026\/09\/image-6.png",615,486,false],"td_1068x580":["https:\/\/radiolarioja.com.ar\/rlr\/wp-content\/uploads\/2026\/09\/image-6.png",615,486,false]},"author_info":{"info":["RadioLaRioja"]},"category_info":"<a href=\"https:\/\/radiolarioja.com.ar\/rlr\/category\/local\/\" rel=\"category tag\">Local<\/a>","tag_info":"Local","comment_count":"0","_links":{"self":[{"href":"https:\/\/radiolarioja.com.ar\/rlr\/wp-json\/wp\/v2\/posts\/97450","targetHints":{"allow":["GET"]}}],"collection":[{"href":"https:\/\/radiolarioja.com.ar\/rlr\/wp-json\/wp\/v2\/posts"}],"about":[{"href":"https:\/\/radiolarioja.com.ar\/rlr\/wp-json\/wp\/v2\/types\/post"}],"author":[{"embeddable":true,"href":"https:\/\/radiolarioja.com.ar\/rlr\/wp-json\/wp\/v2\/users\/2"}],"replies":[{"embeddable":true,"href":"https:\/\/radiolarioja.com.ar\/rlr\/wp-json\/wp\/v2\/comments?post=97450"}],"version-history":[{"count":1,"href":"https:\/\/radiolarioja.com.ar\/rlr\/wp-json\/wp\/v2\/posts\/97450\/revisions"}],"predecessor-version":[{"id":97452,"href":"https:\/\/radiolarioja.com.ar\/rlr\/wp-json\/wp\/v2\/posts\/97450\/revisions\/97452"}],"wp:featuredmedia":[{"embeddable":true,"href":"https:\/\/radiolarioja.com.ar\/rlr\/wp-json\/wp\/v2\/media\/97451"}],"wp:attachment":[{"href":"https:\/\/radiolarioja.com.ar\/rlr\/wp-json\/wp\/v2\/media?parent=97450"}],"wp:term":[{"taxonomy":"category","embeddable":true,"href":"https:\/\/radiolarioja.com.ar\/rlr\/wp-json\/wp\/v2\/categories?post=97450"},{"taxonomy":"post_tag","embeddable":true,"href":"https:\/\/radiolarioja.com.ar\/rlr\/wp-json\/wp\/v2\/tags?post=97450"}],"curies":[{"name":"wp","href":"https:\/\/api.w.org\/{rel}","templated":true}]}}