{"id":97447,"date":"2026-09-02T13:00:22","date_gmt":"2026-09-02T16:00:22","guid":{"rendered":"https:\/\/radiolarioja.com.ar\/rlr\/?p=97447"},"modified":"2026-09-02T13:00:24","modified_gmt":"2026-09-02T16:00:24","slug":"chilecito-detienen-a-una-pareja-acusada-por-un-robo-ocurrido-en-agosto","status":"publish","type":"post","link":"https:\/\/radiolarioja.com.ar\/rlr\/chilecito-detienen-a-una-pareja-acusada-por-un-robo-ocurrido-en-agosto\/","title":{"rendered":"CHILECITO: DETIENEN A UNA PAREJA ACUSADA POR UN ROBO OCURRIDO EN AGOSTO"},"content":{"rendered":"\n<p class=\"wp-block-paragraph\">Efectivos policiales de la Comisar\u00eda Primera concretaron la detenci\u00f3n de dos j\u00f3venes (una mujer de 22 a\u00f1os y un hombre de 24) tras llevar a cabo un allanamiento ordenado por la justicia local.<\/p>\n\n\n\n<p class=\"wp-block-paragraph\">La investigaci\u00f3n se inici\u00f3 a ra\u00edz de una denuncia radicada por un hecho delictivo ocurrido el pasado 22 de agosto. La joven de 22 a\u00f1os est\u00e1 se\u00f1alada como la presunta autora material del robo, mientras que el hombre de 24 a\u00f1os qued\u00f3 imputado como encubridor. Ambos permanecen privados de la libertad a disposici\u00f3n del juez interviniente, quien evaluar\u00e1 su situaci\u00f3n procesal y determinar\u00e1 si registran antecedentes previos.<\/p>\n\n\n\n<figure class=\"wp-block-image size-large\"><a href=\"https:\/\/radiolarioja.com.ar\/rlr\/wp-content\/uploads\/2026\/09\/image-5.png\"><img fetchpriority=\"high\" decoding=\"async\" width=\"1024\" height=\"570\" src=\"https:\/\/radiolarioja.com.ar\/rlr\/wp-content\/uploads\/2026\/09\/image-5-1024x570.png\" alt=\"\" class=\"wp-image-97448\" srcset=\"https:\/\/radiolarioja.com.ar\/rlr\/wp-content\/uploads\/2026\/09\/image-5-1024x570.png 1024w, https:\/\/radiolarioja.com.ar\/rlr\/wp-content\/uploads\/2026\/09\/image-5-300x167.png 300w, https:\/\/radiolarioja.com.ar\/rlr\/wp-content\/uploads\/2026\/09\/image-5-323x180.png 323w, https:\/\/radiolarioja.com.ar\/rlr\/wp-content\/uploads\/2026\/09\/image-5-767x427.png 767w, https:\/\/radiolarioja.com.ar\/rlr\/wp-content\/uploads\/2026\/09\/image-5-695x387.png 695w, https:\/\/radiolarioja.com.ar\/rlr\/wp-content\/uploads\/2026\/09\/image-5-287x160.png 287w, https:\/\/radiolarioja.com.ar\/rlr\/wp-content\/uploads\/2026\/09\/image-5-356x198.png 356w, https:\/\/radiolarioja.com.ar\/rlr\/wp-content\/uploads\/2026\/09\/image-5-468x260.png 468w, https:\/\/radiolarioja.com.ar\/rlr\/wp-content\/uploads\/2026\/09\/image-5-1067x594.png 1067w, https:\/\/radiolarioja.com.ar\/rlr\/wp-content\/uploads\/2026\/09\/image-5-691x385.png 691w, https:\/\/radiolarioja.com.ar\/rlr\/wp-content\/uploads\/2026\/09\/image-5-1042x580.png 1042w, https:\/\/radiolarioja.com.ar\/rlr\/wp-content\/uploads\/2026\/09\/image-5.png 1159w\" sizes=\"(max-width: 1024px) 100vw, 1024px\" \/><\/a><\/figure>\n","protected":false},"excerpt":{"rendered":"<p>Efectivos policiales de la Comisar\u00eda Primera concretaron la detenci\u00f3n de dos j\u00f3venes (una mujer de 22 a\u00f1os y un hombre de 24) tras llevar a cabo un allanamiento ordenado por la justicia local. La investigaci\u00f3n se inici\u00f3 a ra\u00edz de una denuncia radicada por un hecho delictivo ocurrido el pasado 22 de agosto. La joven [&hellip;]<\/p>\n","protected":false},"author":2,"featured_media":97448,"comment_status":"open","ping_status":"open","sticky":false,"template":"","format":"standard","meta":{"tdm_status":"","tdm_grid_status":"","footnotes":""},"categories":[10,17],"tags":[],"class_list":["post-97447","post","type-post","status-publish","format-standard","has-post-thumbnail","category-interior","category-justicia"],"featured_image_urls":{"full":["https:\/\/radiolarioja.com.ar\/rlr\/wp-content\/uploads\/2026\/09\/image-5.png",1159,645,false],"thumbnail":["https:\/\/radiolarioja.com.ar\/rlr\/wp-content\/uploads\/2026\/09\/image-5-150x150.png",150,150,true],"medium":["https:\/\/radiolarioja.com.ar\/rlr\/wp-content\/uploads\/2026\/09\/image-5-300x167.png",300,167,true],"medium_large":["https:\/\/radiolarioja.com.ar\/rlr\/wp-content\/uploads\/2026\/09\/image-5-767x427.png",696,387,true],"large":["https:\/\/radiolarioja.com.ar\/rlr\/wp-content\/uploads\/2026\/09\/image-5-1024x570.png",696,387,true],"1536x1536":["https:\/\/radiolarioja.com.ar\/rlr\/wp-content\/uploads\/2026\/09\/image-5.png",1159,645,false],"2048x2048":["https:\/\/radiolarioja.com.ar\/rlr\/wp-content\/uploads\/2026\/09\/image-5.png",1159,645,false],"td_218x150":["https:\/\/radiolarioja.com.ar\/rlr\/wp-content\/uploads\/2026\/09\/image-5-218x150.png",218,150,true],"td_324x400":["https:\/\/radiolarioja.com.ar\/rlr\/wp-content\/uploads\/2026\/09\/image-5-323x180.png",323,180,true],"td_485x360":["https:\/\/radiolarioja.com.ar\/rlr\/wp-content\/uploads\/2026\/09\/image-5-485x360.png",485,360,true],"td_696x0":["https:\/\/radiolarioja.com.ar\/rlr\/wp-content\/uploads\/2026\/09\/image-5-695x387.png",695,387,true],"td_1068x0":["https:\/\/radiolarioja.com.ar\/rlr\/wp-content\/uploads\/2026\/09\/image-5-1067x594.png",1067,594,true],"td_1920x0":["https:\/\/radiolarioja.com.ar\/rlr\/wp-content\/uploads\/2026\/09\/image-5.png",1159,645,false],"td_0x420":["https:\/\/radiolarioja.com.ar\/rlr\/wp-content\/uploads\/2026\/09\/image-5.png",755,420,false],"td_80x60":["https:\/\/radiolarioja.com.ar\/rlr\/wp-content\/uploads\/2026\/09\/image-5-80x60.png",80,60,true],"td_100x70":["https:\/\/radiolarioja.com.ar\/rlr\/wp-content\/uploads\/2026\/09\/image-5-100x70.png",100,70,true],"td_265x198":["https:\/\/radiolarioja.com.ar\/rlr\/wp-content\/uploads\/2026\/09\/image-5-265x198.png",265,198,true],"td_324x160":["https:\/\/radiolarioja.com.ar\/rlr\/wp-content\/uploads\/2026\/09\/image-5-287x160.png",287,160,true],"td_324x235":["https:\/\/radiolarioja.com.ar\/rlr\/wp-content\/uploads\/2026\/09\/image-5-324x235.png",324,235,true],"td_356x220":["https:\/\/radiolarioja.com.ar\/rlr\/wp-content\/uploads\/2026\/09\/image-5-356x220.png",356,220,true],"td_356x364":["https:\/\/radiolarioja.com.ar\/rlr\/wp-content\/uploads\/2026\/09\/image-5-356x198.png",356,198,true],"td_533x261":["https:\/\/radiolarioja.com.ar\/rlr\/wp-content\/uploads\/2026\/09\/image-5-468x260.png",468,260,true],"td_534x462":["https:\/\/radiolarioja.com.ar\/rlr\/wp-content\/uploads\/2026\/09\/image-5-534x462.png",534,462,true],"td_696x385":["https:\/\/radiolarioja.com.ar\/rlr\/wp-content\/uploads\/2026\/09\/image-5-691x385.png",691,385,true],"td_741x486":["https:\/\/radiolarioja.com.ar\/rlr\/wp-content\/uploads\/2026\/09\/image-5-741x486.png",741,486,true],"td_1068x580":["https:\/\/radiolarioja.com.ar\/rlr\/wp-content\/uploads\/2026\/09\/image-5-1042x580.png",1042,580,true]},"author_info":{"info":["RadioLaRioja"]},"category_info":"<a href=\"https:\/\/radiolarioja.com.ar\/rlr\/category\/interior\/\" rel=\"category tag\">Interior<\/a> <a href=\"https:\/\/radiolarioja.com.ar\/rlr\/category\/justicia\/\" rel=\"category tag\">Justicia<\/a>","tag_info":"Justicia","comment_count":"0","_links":{"self":[{"href":"https:\/\/radiolarioja.com.ar\/rlr\/wp-json\/wp\/v2\/posts\/97447","targetHints":{"allow":["GET"]}}],"collection":[{"href":"https:\/\/radiolarioja.com.ar\/rlr\/wp-json\/wp\/v2\/posts"}],"about":[{"href":"https:\/\/radiolarioja.com.ar\/rlr\/wp-json\/wp\/v2\/types\/post"}],"author":[{"embeddable":true,"href":"https:\/\/radiolarioja.com.ar\/rlr\/wp-json\/wp\/v2\/users\/2"}],"replies":[{"embeddable":true,"href":"https:\/\/radiolarioja.com.ar\/rlr\/wp-json\/wp\/v2\/comments?post=97447"}],"version-history":[{"count":1,"href":"https:\/\/radiolarioja.com.ar\/rlr\/wp-json\/wp\/v2\/posts\/97447\/revisions"}],"predecessor-version":[{"id":97449,"href":"https:\/\/radiolarioja.com.ar\/rlr\/wp-json\/wp\/v2\/posts\/97447\/revisions\/97449"}],"wp:featuredmedia":[{"embeddable":true,"href":"https:\/\/radiolarioja.com.ar\/rlr\/wp-json\/wp\/v2\/media\/97448"}],"wp:attachment":[{"href":"https:\/\/radiolarioja.com.ar\/rlr\/wp-json\/wp\/v2\/media?parent=97447"}],"wp:term":[{"taxonomy":"category","embeddable":true,"href":"https:\/\/radiolarioja.com.ar\/rlr\/wp-json\/wp\/v2\/categories?post=97447"},{"taxonomy":"post_tag","embeddable":true,"href":"https:\/\/radiolarioja.com.ar\/rlr\/wp-json\/wp\/v2\/tags?post=97447"}],"curies":[{"name":"wp","href":"https:\/\/api.w.org\/{rel}","templated":true}]}}