{"id":97444,"date":"2026-09-02T12:42:58","date_gmt":"2026-09-02T15:42:58","guid":{"rendered":"https:\/\/radiolarioja.com.ar\/rlr\/?p=97444"},"modified":"2026-09-02T12:43:00","modified_gmt":"2026-09-02T15:43:00","slug":"luna-flores-se-corono-campeona-argentina-de-kickboxing","status":"publish","type":"post","link":"https:\/\/radiolarioja.com.ar\/rlr\/luna-flores-se-corono-campeona-argentina-de-kickboxing\/","title":{"rendered":"LUNA FLORES SE CORON\u00d3 CAMPEONA ARGENTINA DE KICKBOXING"},"content":{"rendered":"\n<p class=\"wp-block-paragraph\">La joven chilecite\u00f1a de 19 a\u00f1os, vecina del barrio Las Torres, dej\u00f3 en alto el prestigio de la provincia al consagrarse campeona nacional en la categor\u00eda hasta 68 kg durante un importante torneo de artes marciales celebrado recientemente en la provincia de Tucum\u00e1n.<\/p>\n\n\n\n<p class=\"wp-block-paragraph\">Luna, quien viaj\u00f3 acompa\u00f1ada por su padre, destac\u00f3 el enorme esfuerzo y la disciplina requeridos para alcanzar este t\u00edtulo, que incluy\u00f3 modificar sus h\u00e1bitos de vida, priorizar el entrenamiento riguroso y cuidar su alimentaci\u00f3n mientras contin\u00faa sus estudios secundarios. Tras regresar a Chilecito con el cintur\u00f3n de campeona, la atleta hizo un llamado a la juventud local a sumarse al deporte en cualquier disciplina, utiliz\u00e1ndolo como una herramienta de contenci\u00f3n y superaci\u00f3n personal.<\/p>\n\n\n\n<figure class=\"wp-block-image size-full is-resized\"><a href=\"https:\/\/radiolarioja.com.ar\/rlr\/wp-content\/uploads\/2026\/09\/792208375_1042890818663208_3076697462765164206_n.jpg\"><img fetchpriority=\"high\" decoding=\"async\" width=\"526\" height=\"935\" src=\"https:\/\/radiolarioja.com.ar\/rlr\/wp-content\/uploads\/2026\/09\/792208375_1042890818663208_3076697462765164206_n.jpg\" alt=\"\" class=\"wp-image-97445\" style=\"width:1068px;height:auto\" srcset=\"https:\/\/radiolarioja.com.ar\/rlr\/wp-content\/uploads\/2026\/09\/792208375_1042890818663208_3076697462765164206_n.jpg 526w, https:\/\/radiolarioja.com.ar\/rlr\/wp-content\/uploads\/2026\/09\/792208375_1042890818663208_3076697462765164206_n-169x300.jpg 169w, https:\/\/radiolarioja.com.ar\/rlr\/wp-content\/uploads\/2026\/09\/792208375_1042890818663208_3076697462765164206_n-225x400.jpg 225w, https:\/\/radiolarioja.com.ar\/rlr\/wp-content\/uploads\/2026\/09\/792208375_1042890818663208_3076697462765164206_n-204x363.jpg 204w\" sizes=\"(max-width: 526px) 100vw, 526px\" \/><\/a><\/figure>\n","protected":false},"excerpt":{"rendered":"<p>La joven chilecite\u00f1a de 19 a\u00f1os, vecina del barrio Las Torres, dej\u00f3 en alto el prestigio de la provincia al consagrarse campeona nacional en la categor\u00eda hasta 68 kg durante un importante torneo de artes marciales celebrado recientemente en la provincia de Tucum\u00e1n. Luna, quien viaj\u00f3 acompa\u00f1ada por su padre, destac\u00f3 el enorme esfuerzo y [&hellip;]<\/p>\n","protected":false},"author":2,"featured_media":97445,"comment_status":"open","ping_status":"open","sticky":false,"template":"","format":"standard","meta":{"tdm_status":"","tdm_grid_status":"","footnotes":""},"categories":[3],"tags":[],"class_list":["post-97444","post","type-post","status-publish","format-standard","has-post-thumbnail","category-deporte"],"featured_image_urls":{"full":["https:\/\/radiolarioja.com.ar\/rlr\/wp-content\/uploads\/2026\/09\/792208375_1042890818663208_3076697462765164206_n.jpg",526,935,false],"thumbnail":["https:\/\/radiolarioja.com.ar\/rlr\/wp-content\/uploads\/2026\/09\/792208375_1042890818663208_3076697462765164206_n-150x150.jpg",150,150,true],"medium":["https:\/\/radiolarioja.com.ar\/rlr\/wp-content\/uploads\/2026\/09\/792208375_1042890818663208_3076697462765164206_n-169x300.jpg",169,300,true],"medium_large":["https:\/\/radiolarioja.com.ar\/rlr\/wp-content\/uploads\/2026\/09\/792208375_1042890818663208_3076697462765164206_n.jpg",526,935,false],"large":["https:\/\/radiolarioja.com.ar\/rlr\/wp-content\/uploads\/2026\/09\/792208375_1042890818663208_3076697462765164206_n.jpg",526,935,false],"1536x1536":["https:\/\/radiolarioja.com.ar\/rlr\/wp-content\/uploads\/2026\/09\/792208375_1042890818663208_3076697462765164206_n.jpg",526,935,false],"2048x2048":["https:\/\/radiolarioja.com.ar\/rlr\/wp-content\/uploads\/2026\/09\/792208375_1042890818663208_3076697462765164206_n.jpg",526,935,false],"td_218x150":["https:\/\/radiolarioja.com.ar\/rlr\/wp-content\/uploads\/2026\/09\/792208375_1042890818663208_3076697462765164206_n-218x150.jpg",218,150,true],"td_324x400":["https:\/\/radiolarioja.com.ar\/rlr\/wp-content\/uploads\/2026\/09\/792208375_1042890818663208_3076697462765164206_n-225x400.jpg",225,400,true],"td_485x360":["https:\/\/radiolarioja.com.ar\/rlr\/wp-content\/uploads\/2026\/09\/792208375_1042890818663208_3076697462765164206_n-485x360.jpg",485,360,true],"td_696x0":["https:\/\/radiolarioja.com.ar\/rlr\/wp-content\/uploads\/2026\/09\/792208375_1042890818663208_3076697462765164206_n.jpg",526,935,false],"td_1068x0":["https:\/\/radiolarioja.com.ar\/rlr\/wp-content\/uploads\/2026\/09\/792208375_1042890818663208_3076697462765164206_n.jpg",526,935,false],"td_1920x0":["https:\/\/radiolarioja.com.ar\/rlr\/wp-content\/uploads\/2026\/09\/792208375_1042890818663208_3076697462765164206_n.jpg",526,935,false],"td_0x420":["https:\/\/radiolarioja.com.ar\/rlr\/wp-content\/uploads\/2026\/09\/792208375_1042890818663208_3076697462765164206_n.jpg",236,420,false],"td_80x60":["https:\/\/radiolarioja.com.ar\/rlr\/wp-content\/uploads\/2026\/09\/792208375_1042890818663208_3076697462765164206_n-80x60.jpg",80,60,true],"td_100x70":["https:\/\/radiolarioja.com.ar\/rlr\/wp-content\/uploads\/2026\/09\/792208375_1042890818663208_3076697462765164206_n-100x70.jpg",100,70,true],"td_265x198":["https:\/\/radiolarioja.com.ar\/rlr\/wp-content\/uploads\/2026\/09\/792208375_1042890818663208_3076697462765164206_n-265x198.jpg",265,198,true],"td_324x160":["https:\/\/radiolarioja.com.ar\/rlr\/wp-content\/uploads\/2026\/09\/792208375_1042890818663208_3076697462765164206_n-323x160.jpg",323,160,true],"td_324x235":["https:\/\/radiolarioja.com.ar\/rlr\/wp-content\/uploads\/2026\/09\/792208375_1042890818663208_3076697462765164206_n-323x235.jpg",323,235,true],"td_356x220":["https:\/\/radiolarioja.com.ar\/rlr\/wp-content\/uploads\/2026\/09\/792208375_1042890818663208_3076697462765164206_n-356x220.jpg",356,220,true],"td_356x364":["https:\/\/radiolarioja.com.ar\/rlr\/wp-content\/uploads\/2026\/09\/792208375_1042890818663208_3076697462765164206_n-204x363.jpg",204,363,true],"td_533x261":["https:\/\/radiolarioja.com.ar\/rlr\/wp-content\/uploads\/2026\/09\/792208375_1042890818663208_3076697462765164206_n-526x261.jpg",526,261,true],"td_534x462":["https:\/\/radiolarioja.com.ar\/rlr\/wp-content\/uploads\/2026\/09\/792208375_1042890818663208_3076697462765164206_n-526x462.jpg",526,462,true],"td_696x385":["https:\/\/radiolarioja.com.ar\/rlr\/wp-content\/uploads\/2026\/09\/792208375_1042890818663208_3076697462765164206_n-526x385.jpg",526,385,true],"td_741x486":["https:\/\/radiolarioja.com.ar\/rlr\/wp-content\/uploads\/2026\/09\/792208375_1042890818663208_3076697462765164206_n-526x486.jpg",526,486,true],"td_1068x580":["https:\/\/radiolarioja.com.ar\/rlr\/wp-content\/uploads\/2026\/09\/792208375_1042890818663208_3076697462765164206_n-526x580.jpg",526,580,true]},"author_info":{"info":["RadioLaRioja"]},"category_info":"<a href=\"https:\/\/radiolarioja.com.ar\/rlr\/category\/deporte\/\" rel=\"category tag\">Deporte<\/a>","tag_info":"Deporte","comment_count":"0","_links":{"self":[{"href":"https:\/\/radiolarioja.com.ar\/rlr\/wp-json\/wp\/v2\/posts\/97444","targetHints":{"allow":["GET"]}}],"collection":[{"href":"https:\/\/radiolarioja.com.ar\/rlr\/wp-json\/wp\/v2\/posts"}],"about":[{"href":"https:\/\/radiolarioja.com.ar\/rlr\/wp-json\/wp\/v2\/types\/post"}],"author":[{"embeddable":true,"href":"https:\/\/radiolarioja.com.ar\/rlr\/wp-json\/wp\/v2\/users\/2"}],"replies":[{"embeddable":true,"href":"https:\/\/radiolarioja.com.ar\/rlr\/wp-json\/wp\/v2\/comments?post=97444"}],"version-history":[{"count":1,"href":"https:\/\/radiolarioja.com.ar\/rlr\/wp-json\/wp\/v2\/posts\/97444\/revisions"}],"predecessor-version":[{"id":97446,"href":"https:\/\/radiolarioja.com.ar\/rlr\/wp-json\/wp\/v2\/posts\/97444\/revisions\/97446"}],"wp:featuredmedia":[{"embeddable":true,"href":"https:\/\/radiolarioja.com.ar\/rlr\/wp-json\/wp\/v2\/media\/97445"}],"wp:attachment":[{"href":"https:\/\/radiolarioja.com.ar\/rlr\/wp-json\/wp\/v2\/media?parent=97444"}],"wp:term":[{"taxonomy":"category","embeddable":true,"href":"https:\/\/radiolarioja.com.ar\/rlr\/wp-json\/wp\/v2\/categories?post=97444"},{"taxonomy":"post_tag","embeddable":true,"href":"https:\/\/radiolarioja.com.ar\/rlr\/wp-json\/wp\/v2\/tags?post=97444"}],"curies":[{"name":"wp","href":"https:\/\/api.w.org\/{rel}","templated":true}]}}