{"id":97440,"date":"2026-09-02T12:38:12","date_gmt":"2026-09-02T15:38:12","guid":{"rendered":"https:\/\/radiolarioja.com.ar\/rlr\/?p=97440"},"modified":"2026-09-02T12:38:18","modified_gmt":"2026-09-02T15:38:18","slug":"desesperado-pedido-de-una-madre-exige-la-derivacion-urgente-de-su-hijo-de-17-anos-tras-un-grave-accidente","status":"publish","type":"post","link":"https:\/\/radiolarioja.com.ar\/rlr\/desesperado-pedido-de-una-madre-exige-la-derivacion-urgente-de-su-hijo-de-17-anos-tras-un-grave-accidente\/","title":{"rendered":"Desesperado pedido de una madre: exige la derivaci\u00f3n urgente de su hijo de 17 a\u00f1os tras un grave accidente"},"content":{"rendered":"\n<h1 class=\"wp-block-heading\"><strong>Brian Ponce permanece internado desde hace casi cinco meses a la espera de una cirug\u00eda de alta complejidad que debe realizarse en la provincia de C\u00f3rdoba.<\/strong><\/h1>\n\n\n\n<figure class=\"wp-block-embed is-type-video is-provider-youtube wp-block-embed-youtube wp-embed-aspect-16-9 wp-has-aspect-ratio\"><div class=\"wp-block-embed__wrapper\">\n<iframe title=\"MEDIOS PROVINCIA - BIEN ARRIBA\" width=\"696\" height=\"392\" src=\"https:\/\/www.youtube.com\/embed\/G4RwSnoc-YU?feature=oembed\" frameborder=\"0\" allow=\"accelerometer; autoplay; clipboard-write; encrypted-media; gyroscope; picture-in-picture; web-share\" referrerpolicy=\"strict-origin-when-cross-origin\" allowfullscreen><\/iframe>\n<\/div><\/figure>\n\n\n\n<p class=\"wp-block-paragraph\">Mercedes, la madre de Brian Ponce, visibiliz\u00f3 en el programa <em>Bien Arriba<\/em> de Medios Provincia el dram\u00e1tico estado en el que se encuentra su hijo de 17 a\u00f1os. El joven sufri\u00f3 un grave siniestro vial en motocicleta el pasado 17 de abril, sufriendo una doble fractura de cr\u00e1neo que lo mantuvo durante 47 d\u00edas en la unidad de terapia intensiva y otros 20 d\u00edas en cl\u00ednica m\u00e9dica.<\/p>\n\n\n\n<p class=\"wp-block-paragraph\">A pesar de haber recibido el alta ambulatoria en un principio, Brian present\u00f3 serias complicaciones respiratorias al momento de intentar retirarle la c\u00e1nula de traqueostom\u00eda. Tras someterse a una fibrobroncoscop\u00eda a finales de julio, los profesionales m\u00e9dicos diagnosticaron una estenosis que obstruye casi en su totalidad su v\u00eda a\u00e9rea.<\/p>\n\n\n\n<h3 class=\"wp-block-heading\">Necesidad de intervenci\u00f3n en C\u00f3rdoba<\/h3>\n\n\n\n<p class=\"wp-block-paragraph\">Para solucionar su afecci\u00f3n, Brian requiere una pr\u00f3tesis espec\u00edfica y una cirug\u00eda de alta complejidad que solo puede llevarse a cabo en el Hospital San Roque de la ciudad de C\u00f3rdoba, bajo la supervisi\u00f3n del especialista Mario C\u00e1faro.<\/p>\n\n\n\n<p class=\"wp-block-paragraph\">No obstante, Mercedes denuncia dilaciones constantes en el proceso de traslado:<\/p>\n\n\n\n<ul class=\"wp-block-list\">\n<li class=\"\">Los plazos de derivaci\u00f3n se han postergado semana tras semana.<\/li>\n\n\n\n<li class=\"\">Brian presenta adem\u00e1s problemas de degluci\u00f3n y una posible f\u00edstula, lo que provoca que deba alimentarse mediante una sonda nasog\u00e1strica mientras sufre constantes complicaciones en la tr\u00e1quea.<\/li>\n\n\n\n<li class=\"\">La familia teme por la vida del adolescente tras cinco meses de internaci\u00f3n continua.<\/li>\n<\/ul>\n\n\n\n<h3 class=\"wp-block-heading\">Apelo a las autoridades sanitarias<\/h3>\n\n\n\n<p class=\"wp-block-paragraph\">Ante el continuo deterioro de la salud de su hijo y la falta de fechas concretas para el traslado, la madre hizo un llamado directo al Ministerio de Salud y al Gobierno provincial para que autoricen de inmediato la derivaci\u00f3n a C\u00f3rdoba. Durante la emisi\u00f3n, desde el medio de comunicaci\u00f3n indicaron que se facilit\u00f3 el contacto entre la familia y las autoridades para intentar agilizar el tr\u00e1mite.<\/p>\n\n\n\n<p class=\"wp-block-paragraph\"><em>Fuente y video completo:<\/em><a target=\"_blank\" rel=\"noopener\" href=\"https:\/\/www.youtube.com\/watch?v=G4RwSnoc-YU\">Ver en YouTube<\/a><\/p>\n","protected":false},"excerpt":{"rendered":"<p>Brian Ponce permanece internado desde hace casi cinco meses a la espera de una cirug\u00eda de alta complejidad que debe realizarse en la provincia de C\u00f3rdoba. Mercedes, la madre de Brian Ponce, visibiliz\u00f3 en el programa Bien Arriba de Medios Provincia el dram\u00e1tico estado en el que se encuentra su hijo de 17 a\u00f1os. El [&hellip;]<\/p>\n","protected":false},"author":2,"featured_media":97443,"comment_status":"open","ping_status":"open","sticky":false,"template":"","format":"standard","meta":{"tdm_status":"","tdm_grid_status":"","footnotes":""},"categories":[12],"tags":[],"class_list":["post-97440","post","type-post","status-publish","format-standard","has-post-thumbnail","category-local"],"featured_image_urls":{"full":["https:\/\/radiolarioja.com.ar\/rlr\/wp-content\/uploads\/2026\/09\/maxresdefault-7.jpg",1280,720,false],"thumbnail":["https:\/\/radiolarioja.com.ar\/rlr\/wp-content\/uploads\/2026\/09\/maxresdefault-7-150x150.jpg",150,150,true],"medium":["https:\/\/radiolarioja.com.ar\/rlr\/wp-content\/uploads\/2026\/09\/maxresdefault-7-300x169.jpg",300,169,true],"medium_large":["https:\/\/radiolarioja.com.ar\/rlr\/wp-content\/uploads\/2026\/09\/maxresdefault-7-768x432.jpg",696,392,true],"large":["https:\/\/radiolarioja.com.ar\/rlr\/wp-content\/uploads\/2026\/09\/maxresdefault-7-1024x576.jpg",696,392,true],"1536x1536":["https:\/\/radiolarioja.com.ar\/rlr\/wp-content\/uploads\/2026\/09\/maxresdefault-7.jpg",1280,720,false],"2048x2048":["https:\/\/radiolarioja.com.ar\/rlr\/wp-content\/uploads\/2026\/09\/maxresdefault-7.jpg",1280,720,false],"td_218x150":["https:\/\/radiolarioja.com.ar\/rlr\/wp-content\/uploads\/2026\/09\/maxresdefault-7-218x150.jpg",218,150,true],"td_324x400":["https:\/\/radiolarioja.com.ar\/rlr\/wp-content\/uploads\/2026\/09\/maxresdefault-7-324x400.jpg",324,400,true],"td_485x360":["https:\/\/radiolarioja.com.ar\/rlr\/wp-content\/uploads\/2026\/09\/maxresdefault-7-485x360.jpg",485,360,true],"td_696x0":["https:\/\/radiolarioja.com.ar\/rlr\/wp-content\/uploads\/2026\/09\/maxresdefault-7-696x392.jpg",696,392,true],"td_1068x0":["https:\/\/radiolarioja.com.ar\/rlr\/wp-content\/uploads\/2026\/09\/maxresdefault-7-1068x601.jpg",1068,601,true],"td_1920x0":["https:\/\/radiolarioja.com.ar\/rlr\/wp-content\/uploads\/2026\/09\/maxresdefault-7.jpg",1280,720,false],"td_0x420":["https:\/\/radiolarioja.com.ar\/rlr\/wp-content\/uploads\/2026\/09\/maxresdefault-7-747x420.jpg",747,420,true],"td_80x60":["https:\/\/radiolarioja.com.ar\/rlr\/wp-content\/uploads\/2026\/09\/maxresdefault-7-80x60.jpg",80,60,true],"td_100x70":["https:\/\/radiolarioja.com.ar\/rlr\/wp-content\/uploads\/2026\/09\/maxresdefault-7-100x70.jpg",100,70,true],"td_265x198":["https:\/\/radiolarioja.com.ar\/rlr\/wp-content\/uploads\/2026\/09\/maxresdefault-7-265x198.jpg",265,198,true],"td_324x160":["https:\/\/radiolarioja.com.ar\/rlr\/wp-content\/uploads\/2026\/09\/maxresdefault-7-324x160.jpg",324,160,true],"td_324x235":["https:\/\/radiolarioja.com.ar\/rlr\/wp-content\/uploads\/2026\/09\/maxresdefault-7-324x235.jpg",324,235,true],"td_356x220":["https:\/\/radiolarioja.com.ar\/rlr\/wp-content\/uploads\/2026\/09\/maxresdefault-7-356x220.jpg",356,220,true],"td_356x364":["https:\/\/radiolarioja.com.ar\/rlr\/wp-content\/uploads\/2026\/09\/maxresdefault-7-356x364.jpg",356,364,true],"td_533x261":["https:\/\/radiolarioja.com.ar\/rlr\/wp-content\/uploads\/2026\/09\/maxresdefault-7-533x261.jpg",533,261,true],"td_534x462":["https:\/\/radiolarioja.com.ar\/rlr\/wp-content\/uploads\/2026\/09\/maxresdefault-7-534x462.jpg",534,462,true],"td_696x385":["https:\/\/radiolarioja.com.ar\/rlr\/wp-content\/uploads\/2026\/09\/maxresdefault-7-696x385.jpg",696,385,true],"td_741x486":["https:\/\/radiolarioja.com.ar\/rlr\/wp-content\/uploads\/2026\/09\/maxresdefault-7-741x486.jpg",741,486,true],"td_1068x580":["https:\/\/radiolarioja.com.ar\/rlr\/wp-content\/uploads\/2026\/09\/maxresdefault-7-1068x580.jpg",1068,580,true]},"author_info":{"info":["RadioLaRioja"]},"category_info":"<a href=\"https:\/\/radiolarioja.com.ar\/rlr\/category\/local\/\" rel=\"category tag\">Local<\/a>","tag_info":"Local","comment_count":"0","_links":{"self":[{"href":"https:\/\/radiolarioja.com.ar\/rlr\/wp-json\/wp\/v2\/posts\/97440","targetHints":{"allow":["GET"]}}],"collection":[{"href":"https:\/\/radiolarioja.com.ar\/rlr\/wp-json\/wp\/v2\/posts"}],"about":[{"href":"https:\/\/radiolarioja.com.ar\/rlr\/wp-json\/wp\/v2\/types\/post"}],"author":[{"embeddable":true,"href":"https:\/\/radiolarioja.com.ar\/rlr\/wp-json\/wp\/v2\/users\/2"}],"replies":[{"embeddable":true,"href":"https:\/\/radiolarioja.com.ar\/rlr\/wp-json\/wp\/v2\/comments?post=97440"}],"version-history":[{"count":1,"href":"https:\/\/radiolarioja.com.ar\/rlr\/wp-json\/wp\/v2\/posts\/97440\/revisions"}],"predecessor-version":[{"id":97442,"href":"https:\/\/radiolarioja.com.ar\/rlr\/wp-json\/wp\/v2\/posts\/97440\/revisions\/97442"}],"wp:featuredmedia":[{"embeddable":true,"href":"https:\/\/radiolarioja.com.ar\/rlr\/wp-json\/wp\/v2\/media\/97443"}],"wp:attachment":[{"href":"https:\/\/radiolarioja.com.ar\/rlr\/wp-json\/wp\/v2\/media?parent=97440"}],"wp:term":[{"taxonomy":"category","embeddable":true,"href":"https:\/\/radiolarioja.com.ar\/rlr\/wp-json\/wp\/v2\/categories?post=97440"},{"taxonomy":"post_tag","embeddable":true,"href":"https:\/\/radiolarioja.com.ar\/rlr\/wp-json\/wp\/v2\/tags?post=97440"}],"curies":[{"name":"wp","href":"https:\/\/api.w.org\/{rel}","templated":true}]}}