{"id":97436,"date":"2026-09-02T11:56:40","date_gmt":"2026-09-02T14:56:40","guid":{"rendered":"https:\/\/radiolarioja.com.ar\/rlr\/?p=97436"},"modified":"2026-09-02T11:56:43","modified_gmt":"2026-09-02T14:56:43","slug":"cifras-alarmantes-en-los-primeros-ocho-meses-del-ano-se-registraron-176-femicidios-en-la-argentina","status":"publish","type":"post","link":"https:\/\/radiolarioja.com.ar\/rlr\/cifras-alarmantes-en-los-primeros-ocho-meses-del-ano-se-registraron-176-femicidios-en-la-argentina\/","title":{"rendered":"Cifras alarmantes: En los primeros ocho meses del a\u00f1o se registraron 176 femicidios en la Argentina"},"content":{"rendered":"\n<p class=\"wp-block-paragraph\"><strong>Un nuevo relevamiento revela que los casos superan a los del mismo per\u00edodo del a\u00f1o anterior. Solo el 11% de las v\u00edctimas hab\u00eda realizado una denuncia previa, alertando sobre la desprotecci\u00f3n estatal y la falta de pol\u00edticas de prevenci\u00f3n.<\/strong><\/p>\n\n\n\n<p class=\"wp-block-paragraph\">En una reciente entrevista brindada al programa <em>Bien Arriba<\/em> de Medios Provincia, la referente Gabriela Sosa present\u00f3 los datos clave del monitoreo de femicidios y transfemicidios en Argentina correspondiente al per\u00edodo del <strong>1\u00b0 de enero al 31 de agosto<\/strong>.<\/p>\n\n\n\n<p class=\"wp-block-paragraph\">Durante los primeros ocho meses del a\u00f1o se contabilizaron <strong>176 femicidios y transfemicidios<\/strong>, una cifra que supera a los 172 casos registrados en el mismo lapso durante el a\u00f1o anterior.<\/p>\n\n\n\n<h4 class=\"wp-block-heading\"><strong>Baja tasa de denuncias previas<\/strong><\/h4>\n\n\n\n<p class=\"wp-block-paragraph\">Uno de los datos m\u00e1s llamativos y preocupantes del informe se\u00f1ala que <strong>\u00fanicamente el 11% de las mujeres asesinadas hab\u00eda presentado una denuncia previa<\/strong> contra su agresor.<\/p>\n\n\n\n<p class=\"wp-block-paragraph\">Sosa atribuy\u00f3 este fen\u00f3meno a m\u00faltiples factores que obstaculizan la concurrencia a las comisar\u00edas y juzgados:<\/p>\n\n\n\n<ul class=\"wp-block-list\">\n<li class=\"\"><strong>Falta de campa\u00f1as de informaci\u00f3n y contenci\u00f3n:<\/strong> Muchas v\u00edctimas ignoran a d\u00f3nde o c\u00f3mo acudir.<\/li>\n\n\n\n<li class=\"\"><strong>Desconfianza institucional:<\/strong> La percepci\u00f3n de ineficiencia o revictimizaci\u00f3n en los dispositivos estatales genera desincentivo para denunciar.<\/li>\n\n\n\n<li class=\"\"><strong>Discursos negacionistas y recortes:<\/strong> El impacto de discursos oficiales que niegan la violencia de g\u00e9nero y la escasez de pol\u00edticas p\u00fablicas tanto a nivel provincial como nacional generan sensaci\u00f3n de desamparo.<\/li>\n<\/ul>\n\n\n\n<h4 class=\"wp-block-heading\"><strong>El impacto en las infancias y familias<\/strong><\/h4>\n\n\n\n<p class=\"wp-block-paragraph\">El informe revel\u00f3 adem\u00e1s que <strong>132 ni\u00f1os, ni\u00f1as y adolescentes quedaron hu\u00e9rfanos<\/strong> tras el asesinato de sus madres en lo que va del a\u00f1o. Dado que el <strong>60% de los femicidas son parejas o exparejas<\/strong> de las v\u00edctimas, la devastaci\u00f3n familiar suele ser doble, ya que el agresor se suicida o termina privado de la libertad. Ante esto, Sosa reclam\u00f3 la implementaci\u00f3n urgente de pol\u00edticas de acompa\u00f1amiento econ\u00f3mico, social y psicol\u00f3gico de mediano y largo plazo para las familias a cargo.<\/p>\n\n\n\n<h4 class=\"wp-block-heading\"><strong>Las tasas m\u00e1s altas y la discusi\u00f3n sobre la prevenci\u00f3n<\/strong><\/h4>\n\n\n\n<p class=\"wp-block-paragraph\">Al analizar la distribuci\u00f3n geogr\u00e1fica mediante la tasa de femicidios por proporci\u00f3n de habitantes mujeres, las provincias con peores \u00edndices registrados en el mapa son <strong>Santiago del Estero, Santa Fe y Catamarca<\/strong>. En contraste, aunque provincias como Buenos Aires o C\u00f3rdoba registran una cantidad alta de casos absolutos por su densidad poblacional, sus tasas proporcionales se mantienen en niveles m\u00e1s bajos.<\/p>\n\n\n\n<p class=\"wp-block-paragraph\">Finalmente, Sosa remarc\u00f3 la importancia de abordar las causas sociales profundas de la violencia machista. Subray\u00f3 que el endurecimiento de las penas por s\u00ed solo no resuelve la problem\u00e1tica y que es imperioso <strong>trabajar institucionalmente con los varones y agresores<\/strong> desde los \u00e1mbitos social y judicial para prevenir la reincidencia y transformar patrones culturales.<\/p>\n\n\n\n<figure class=\"wp-block-embed is-type-video is-provider-youtube wp-block-embed-youtube wp-embed-aspect-16-9 wp-has-aspect-ratio\"><div class=\"wp-block-embed__wrapper\">\n<iframe title=\"MEDIOS PROVINCIA - BIEN ARRIBA\" width=\"696\" height=\"392\" src=\"https:\/\/www.youtube.com\/embed\/yx6bKChW3Ws?feature=oembed\" frameborder=\"0\" allow=\"accelerometer; autoplay; clipboard-write; encrypted-media; gyroscope; picture-in-picture; web-share\" referrerpolicy=\"strict-origin-when-cross-origin\" allowfullscreen><\/iframe>\n<\/div><\/figure>\n","protected":false},"excerpt":{"rendered":"<p>Un nuevo relevamiento revela que los casos superan a los del mismo per\u00edodo del a\u00f1o anterior. Solo el 11% de las v\u00edctimas hab\u00eda realizado una denuncia previa, alertando sobre la desprotecci\u00f3n estatal y la falta de pol\u00edticas de prevenci\u00f3n. En una reciente entrevista brindada al programa Bien Arriba de Medios Provincia, la referente Gabriela Sosa [&hellip;]<\/p>\n","protected":false},"author":2,"featured_media":97437,"comment_status":"open","ping_status":"open","sticky":false,"template":"","format":"standard","meta":{"tdm_status":"","tdm_grid_status":"","footnotes":""},"categories":[15],"tags":[],"class_list":["post-97436","post","type-post","status-publish","format-standard","has-post-thumbnail","category-nacional"],"featured_image_urls":{"full":["https:\/\/radiolarioja.com.ar\/rlr\/wp-content\/uploads\/2026\/09\/Gemini_Generated_Image_mafs5nmafs5nmafs.jpg",1408,768,false],"thumbnail":["https:\/\/radiolarioja.com.ar\/rlr\/wp-content\/uploads\/2026\/09\/Gemini_Generated_Image_mafs5nmafs5nmafs-150x150.jpg",150,150,true],"medium":["https:\/\/radiolarioja.com.ar\/rlr\/wp-content\/uploads\/2026\/09\/Gemini_Generated_Image_mafs5nmafs5nmafs-300x164.jpg",300,164,true],"medium_large":["https:\/\/radiolarioja.com.ar\/rlr\/wp-content\/uploads\/2026\/09\/Gemini_Generated_Image_mafs5nmafs5nmafs-766x418.jpg",696,380,true],"large":["https:\/\/radiolarioja.com.ar\/rlr\/wp-content\/uploads\/2026\/09\/Gemini_Generated_Image_mafs5nmafs5nmafs-1024x559.jpg",696,380,true],"1536x1536":["https:\/\/radiolarioja.com.ar\/rlr\/wp-content\/uploads\/2026\/09\/Gemini_Generated_Image_mafs5nmafs5nmafs.jpg",1408,768,false],"2048x2048":["https:\/\/radiolarioja.com.ar\/rlr\/wp-content\/uploads\/2026\/09\/Gemini_Generated_Image_mafs5nmafs5nmafs.jpg",1408,768,false],"td_218x150":["https:\/\/radiolarioja.com.ar\/rlr\/wp-content\/uploads\/2026\/09\/Gemini_Generated_Image_mafs5nmafs5nmafs-218x150.jpg",218,150,true],"td_324x400":["https:\/\/radiolarioja.com.ar\/rlr\/wp-content\/uploads\/2026\/09\/Gemini_Generated_Image_mafs5nmafs5nmafs-323x176.jpg",323,176,true],"td_485x360":["https:\/\/radiolarioja.com.ar\/rlr\/wp-content\/uploads\/2026\/09\/Gemini_Generated_Image_mafs5nmafs5nmafs-485x360.jpg",485,360,true],"td_696x0":["https:\/\/radiolarioja.com.ar\/rlr\/wp-content\/uploads\/2026\/09\/Gemini_Generated_Image_mafs5nmafs5nmafs-695x379.jpg",695,379,true],"td_1068x0":["https:\/\/radiolarioja.com.ar\/rlr\/wp-content\/uploads\/2026\/09\/Gemini_Generated_Image_mafs5nmafs5nmafs-1067x582.jpg",1067,582,true],"td_1920x0":["https:\/\/radiolarioja.com.ar\/rlr\/wp-content\/uploads\/2026\/09\/Gemini_Generated_Image_mafs5nmafs5nmafs.jpg",1408,768,false],"td_0x420":["https:\/\/radiolarioja.com.ar\/rlr\/wp-content\/uploads\/2026\/09\/Gemini_Generated_Image_mafs5nmafs5nmafs.jpg",770,420,false],"td_80x60":["https:\/\/radiolarioja.com.ar\/rlr\/wp-content\/uploads\/2026\/09\/Gemini_Generated_Image_mafs5nmafs5nmafs-80x60.jpg",80,60,true],"td_100x70":["https:\/\/radiolarioja.com.ar\/rlr\/wp-content\/uploads\/2026\/09\/Gemini_Generated_Image_mafs5nmafs5nmafs-100x70.jpg",100,70,true],"td_265x198":["https:\/\/radiolarioja.com.ar\/rlr\/wp-content\/uploads\/2026\/09\/Gemini_Generated_Image_mafs5nmafs5nmafs-265x198.jpg",265,198,true],"td_324x160":["https:\/\/radiolarioja.com.ar\/rlr\/wp-content\/uploads\/2026\/09\/Gemini_Generated_Image_mafs5nmafs5nmafs-293x160.jpg",293,160,true],"td_324x235":["https:\/\/radiolarioja.com.ar\/rlr\/wp-content\/uploads\/2026\/09\/Gemini_Generated_Image_mafs5nmafs5nmafs-324x235.jpg",324,235,true],"td_356x220":["https:\/\/radiolarioja.com.ar\/rlr\/wp-content\/uploads\/2026\/09\/Gemini_Generated_Image_mafs5nmafs5nmafs-356x220.jpg",356,220,true],"td_356x364":["https:\/\/radiolarioja.com.ar\/rlr\/wp-content\/uploads\/2026\/09\/Gemini_Generated_Image_mafs5nmafs5nmafs-356x194.jpg",356,194,true],"td_533x261":["https:\/\/radiolarioja.com.ar\/rlr\/wp-content\/uploads\/2026\/09\/Gemini_Generated_Image_mafs5nmafs5nmafs-478x261.jpg",478,261,true],"td_534x462":["https:\/\/radiolarioja.com.ar\/rlr\/wp-content\/uploads\/2026\/09\/Gemini_Generated_Image_mafs5nmafs5nmafs-534x462.jpg",534,462,true],"td_696x385":["https:\/\/radiolarioja.com.ar\/rlr\/wp-content\/uploads\/2026\/09\/Gemini_Generated_Image_mafs5nmafs5nmafs-696x385.jpg",696,385,true],"td_741x486":["https:\/\/radiolarioja.com.ar\/rlr\/wp-content\/uploads\/2026\/09\/Gemini_Generated_Image_mafs5nmafs5nmafs-741x486.jpg",741,486,true],"td_1068x580":["https:\/\/radiolarioja.com.ar\/rlr\/wp-content\/uploads\/2026\/09\/Gemini_Generated_Image_mafs5nmafs5nmafs-1063x580.jpg",1063,580,true]},"author_info":{"info":["RadioLaRioja"]},"category_info":"<a href=\"https:\/\/radiolarioja.com.ar\/rlr\/category\/nacional\/\" rel=\"category tag\">Nacional<\/a>","tag_info":"Nacional","comment_count":"0","_links":{"self":[{"href":"https:\/\/radiolarioja.com.ar\/rlr\/wp-json\/wp\/v2\/posts\/97436","targetHints":{"allow":["GET"]}}],"collection":[{"href":"https:\/\/radiolarioja.com.ar\/rlr\/wp-json\/wp\/v2\/posts"}],"about":[{"href":"https:\/\/radiolarioja.com.ar\/rlr\/wp-json\/wp\/v2\/types\/post"}],"author":[{"embeddable":true,"href":"https:\/\/radiolarioja.com.ar\/rlr\/wp-json\/wp\/v2\/users\/2"}],"replies":[{"embeddable":true,"href":"https:\/\/radiolarioja.com.ar\/rlr\/wp-json\/wp\/v2\/comments?post=97436"}],"version-history":[{"count":1,"href":"https:\/\/radiolarioja.com.ar\/rlr\/wp-json\/wp\/v2\/posts\/97436\/revisions"}],"predecessor-version":[{"id":97439,"href":"https:\/\/radiolarioja.com.ar\/rlr\/wp-json\/wp\/v2\/posts\/97436\/revisions\/97439"}],"wp:featuredmedia":[{"embeddable":true,"href":"https:\/\/radiolarioja.com.ar\/rlr\/wp-json\/wp\/v2\/media\/97437"}],"wp:attachment":[{"href":"https:\/\/radiolarioja.com.ar\/rlr\/wp-json\/wp\/v2\/media?parent=97436"}],"wp:term":[{"taxonomy":"category","embeddable":true,"href":"https:\/\/radiolarioja.com.ar\/rlr\/wp-json\/wp\/v2\/categories?post=97436"},{"taxonomy":"post_tag","embeddable":true,"href":"https:\/\/radiolarioja.com.ar\/rlr\/wp-json\/wp\/v2\/tags?post=97436"}],"curies":[{"name":"wp","href":"https:\/\/api.w.org\/{rel}","templated":true}]}}