{"id":97433,"date":"2026-09-02T11:27:39","date_gmt":"2026-09-02T14:27:39","guid":{"rendered":"https:\/\/radiolarioja.com.ar\/rlr\/?p=97433"},"modified":"2026-09-02T11:27:40","modified_gmt":"2026-09-02T14:27:40","slug":"el-medico-federico-luna-se-presento-en-tribunales-y-fue-trasladado-al-servicio-penitenciario","status":"publish","type":"post","link":"https:\/\/radiolarioja.com.ar\/rlr\/el-medico-federico-luna-se-presento-en-tribunales-y-fue-trasladado-al-servicio-penitenciario\/","title":{"rendered":"El m\u00e9dico Federico Luna se present\u00f3 en Tribunales y fue trasladado al Servicio Penitenciario"},"content":{"rendered":"\n<p class=\"wp-block-paragraph\">En la ma\u00f1ana de este mi\u00e9rcoles, a las 8:50 horas, el m\u00e9dico Federico Nicol\u00e1s Luna se present\u00f3 en la sede de Tribunales sobre la calle Pelagio B. Luna, acompa\u00f1ado por su abogado defensor, tras la orden de detenci\u00f3n dispuesta en la jornada de ayer por los magistrados de la causa.<\/p>\n\n\n\n<p class=\"wp-block-paragraph\">El imputado no se hab\u00eda presentado este martes a la cuarta audiencia de la continuidad del juicio oral en su contra \u2014argumentando que se encontraba en la provincia de San Juan\u2014, lo que motiv\u00f3 que la Justicia dictara de inmediato su arresto formal.<\/p>\n\n\n\n<p class=\"wp-block-paragraph\"><strong>Cargos procesales y traslado<\/strong><\/p>\n\n\n\n<p class=\"wp-block-paragraph\">Seg\u00fan consta en el expediente (Caratulado: <em>Luna, Federico Nicol\u00e1s<\/em>), los delitos que se le imputan son:<\/p>\n\n\n\n<ul class=\"wp-block-list\">\n<li class=\"\">Homicidio culposo agravado y lesiones culposas en concurso ideal.<\/li>\n\n\n\n<li class=\"\">Atentado a la autoridad agravado en concurso real.<\/li>\n<\/ul>\n\n\n\n<p class=\"wp-block-paragraph\">Tras presentarse de manera voluntaria, Luna fue formalmente puesto bajo arresto y puesto a disposici\u00f3n de la polic\u00eda. Minutos despu\u00e9s de su llegada, fue trasladado en una camioneta de la unidad de Accidentes Viales directamente hacia las instalaciones del Servicio Penitenciario Provincial, omitiendo su paso por la Alcaid\u00eda.<\/p>\n\n\n\n<p class=\"wp-block-paragraph\">Durante el operativo de traslado se lo pudo observar vistiendo un buzo azul con capucha al momento de abordar el veh\u00edculo policial en las afueras del edificio judicial. El proceso judicial continuar\u00e1 con el acusado bajo custodia efectiva.<\/p>\n","protected":false},"excerpt":{"rendered":"<p>En la ma\u00f1ana de este mi\u00e9rcoles, a las 8:50 horas, el m\u00e9dico Federico Nicol\u00e1s Luna se present\u00f3 en la sede de Tribunales sobre la calle Pelagio B. Luna, acompa\u00f1ado por su abogado defensor, tras la orden de detenci\u00f3n dispuesta en la jornada de ayer por los magistrados de la causa. El imputado no se hab\u00eda [&hellip;]<\/p>\n","protected":false},"author":2,"featured_media":97434,"comment_status":"open","ping_status":"open","sticky":false,"template":"","format":"standard","meta":{"tdm_status":"","tdm_grid_status":"","footnotes":""},"categories":[12],"tags":[],"class_list":["post-97433","post","type-post","status-publish","format-standard","has-post-thumbnail","category-local"],"featured_image_urls":{"full":["https:\/\/radiolarioja.com.ar\/rlr\/wp-content\/uploads\/2026\/09\/265756_1702668329.jpg",797,494,false],"thumbnail":["https:\/\/radiolarioja.com.ar\/rlr\/wp-content\/uploads\/2026\/09\/265756_1702668329-150x150.jpg",150,150,true],"medium":["https:\/\/radiolarioja.com.ar\/rlr\/wp-content\/uploads\/2026\/09\/265756_1702668329-300x186.jpg",300,186,true],"medium_large":["https:\/\/radiolarioja.com.ar\/rlr\/wp-content\/uploads\/2026\/09\/265756_1702668329-768x476.jpg",696,431,true],"large":["https:\/\/radiolarioja.com.ar\/rlr\/wp-content\/uploads\/2026\/09\/265756_1702668329.jpg",696,431,false],"1536x1536":["https:\/\/radiolarioja.com.ar\/rlr\/wp-content\/uploads\/2026\/09\/265756_1702668329.jpg",797,494,false],"2048x2048":["https:\/\/radiolarioja.com.ar\/rlr\/wp-content\/uploads\/2026\/09\/265756_1702668329.jpg",797,494,false],"td_218x150":["https:\/\/radiolarioja.com.ar\/rlr\/wp-content\/uploads\/2026\/09\/265756_1702668329-218x150.jpg",218,150,true],"td_324x400":["https:\/\/radiolarioja.com.ar\/rlr\/wp-content\/uploads\/2026\/09\/265756_1702668329-323x200.jpg",323,200,true],"td_485x360":["https:\/\/radiolarioja.com.ar\/rlr\/wp-content\/uploads\/2026\/09\/265756_1702668329-485x359.jpg",485,359,true],"td_696x0":["https:\/\/radiolarioja.com.ar\/rlr\/wp-content\/uploads\/2026\/09\/265756_1702668329-695x431.jpg",695,431,true],"td_1068x0":["https:\/\/radiolarioja.com.ar\/rlr\/wp-content\/uploads\/2026\/09\/265756_1702668329.jpg",797,494,false],"td_1920x0":["https:\/\/radiolarioja.com.ar\/rlr\/wp-content\/uploads\/2026\/09\/265756_1702668329.jpg",797,494,false],"td_0x420":["https:\/\/radiolarioja.com.ar\/rlr\/wp-content\/uploads\/2026\/09\/265756_1702668329.jpg",678,420,false],"td_80x60":["https:\/\/radiolarioja.com.ar\/rlr\/wp-content\/uploads\/2026\/09\/265756_1702668329-80x59.jpg",80,59,true],"td_100x70":["https:\/\/radiolarioja.com.ar\/rlr\/wp-content\/uploads\/2026\/09\/265756_1702668329-100x70.jpg",100,70,true],"td_265x198":["https:\/\/radiolarioja.com.ar\/rlr\/wp-content\/uploads\/2026\/09\/265756_1702668329-265x198.jpg",265,198,true],"td_324x160":["https:\/\/radiolarioja.com.ar\/rlr\/wp-content\/uploads\/2026\/09\/265756_1702668329-258x160.jpg",258,160,true],"td_324x235":["https:\/\/radiolarioja.com.ar\/rlr\/wp-content\/uploads\/2026\/09\/265756_1702668329-324x235.jpg",324,235,true],"td_356x220":["https:\/\/radiolarioja.com.ar\/rlr\/wp-content\/uploads\/2026\/09\/265756_1702668329-354x219.jpg",354,219,true],"td_356x364":["https:\/\/radiolarioja.com.ar\/rlr\/wp-content\/uploads\/2026\/09\/265756_1702668329-355x220.jpg",355,220,true],"td_533x261":["https:\/\/radiolarioja.com.ar\/rlr\/wp-content\/uploads\/2026\/09\/265756_1702668329-421x261.jpg",421,261,true],"td_534x462":["https:\/\/radiolarioja.com.ar\/rlr\/wp-content\/uploads\/2026\/09\/265756_1702668329-534x462.jpg",534,462,true],"td_696x385":["https:\/\/radiolarioja.com.ar\/rlr\/wp-content\/uploads\/2026\/09\/265756_1702668329-621x385.jpg",621,385,true],"td_741x486":["https:\/\/radiolarioja.com.ar\/rlr\/wp-content\/uploads\/2026\/09\/265756_1702668329-741x486.jpg",741,486,true],"td_1068x580":["https:\/\/radiolarioja.com.ar\/rlr\/wp-content\/uploads\/2026\/09\/265756_1702668329.jpg",797,494,false]},"author_info":{"info":["RadioLaRioja"]},"category_info":"<a href=\"https:\/\/radiolarioja.com.ar\/rlr\/category\/local\/\" rel=\"category tag\">Local<\/a>","tag_info":"Local","comment_count":"0","_links":{"self":[{"href":"https:\/\/radiolarioja.com.ar\/rlr\/wp-json\/wp\/v2\/posts\/97433","targetHints":{"allow":["GET"]}}],"collection":[{"href":"https:\/\/radiolarioja.com.ar\/rlr\/wp-json\/wp\/v2\/posts"}],"about":[{"href":"https:\/\/radiolarioja.com.ar\/rlr\/wp-json\/wp\/v2\/types\/post"}],"author":[{"embeddable":true,"href":"https:\/\/radiolarioja.com.ar\/rlr\/wp-json\/wp\/v2\/users\/2"}],"replies":[{"embeddable":true,"href":"https:\/\/radiolarioja.com.ar\/rlr\/wp-json\/wp\/v2\/comments?post=97433"}],"version-history":[{"count":1,"href":"https:\/\/radiolarioja.com.ar\/rlr\/wp-json\/wp\/v2\/posts\/97433\/revisions"}],"predecessor-version":[{"id":97435,"href":"https:\/\/radiolarioja.com.ar\/rlr\/wp-json\/wp\/v2\/posts\/97433\/revisions\/97435"}],"wp:featuredmedia":[{"embeddable":true,"href":"https:\/\/radiolarioja.com.ar\/rlr\/wp-json\/wp\/v2\/media\/97434"}],"wp:attachment":[{"href":"https:\/\/radiolarioja.com.ar\/rlr\/wp-json\/wp\/v2\/media?parent=97433"}],"wp:term":[{"taxonomy":"category","embeddable":true,"href":"https:\/\/radiolarioja.com.ar\/rlr\/wp-json\/wp\/v2\/categories?post=97433"},{"taxonomy":"post_tag","embeddable":true,"href":"https:\/\/radiolarioja.com.ar\/rlr\/wp-json\/wp\/v2\/tags?post=97433"}],"curies":[{"name":"wp","href":"https:\/\/api.w.org\/{rel}","templated":true}]}}