{"id":97420,"date":"2026-09-02T11:12:37","date_gmt":"2026-09-02T14:12:37","guid":{"rendered":"https:\/\/radiolarioja.com.ar\/rlr\/?p=97420"},"modified":"2026-09-02T11:12:38","modified_gmt":"2026-09-02T14:12:38","slug":"crecen-la-informalidad-y-las-bajas-en-el-sector-domestico-en-la-rioja","status":"publish","type":"post","link":"https:\/\/radiolarioja.com.ar\/rlr\/crecen-la-informalidad-y-las-bajas-en-el-sector-domestico-en-la-rioja\/","title":{"rendered":"Crecen la informalidad y las bajas en el sector dom\u00e9stico en La Rioja"},"content":{"rendered":"\n<p class=\"wp-block-paragraph\">Andrea Cruz, titular del Sindicato de Amas de Casa de La Rioja (SACRA), advirti\u00f3 sobre el cr\u00edtico panorama que atraviesa el sector de trabajadores de casas particulares en la provincia. <\/p>\n\n\n\n<blockquote class=\"wp-block-quote alignfull is-layout-flow wp-block-quote-is-layout-flow\">\n<p class=\"wp-block-paragraph\">\u00abLa informalidad laboral ha alcanzado niveles alarmantes, en sinton\u00eda con las estimaciones nacionales presentadas en las \u00faltimas paritarias.\u00bb<\/p>\n<\/blockquote>\n\n\n\n<h3 class=\"wp-block-heading\">Ca\u00edda del trabajo registrado y aumento de la informalidad<\/h3>\n\n\n\n<p class=\"wp-block-paragraph\">Cruz se\u00f1al\u00f3 que de un padr\u00f3n de aproximadamente 2000 afiliadas registradas que manejaba el sindicato a trav\u00e9s de su obra social en los \u00faltimos tres a\u00f1os, actualmente quedan alrededor de 1600. Esto representa una ca\u00edda cercana al 40% en el trabajo en blanco dentro de ese universo controlado.<\/p>\n\n\n\n<p class=\"wp-block-paragraph\">Explic\u00f3 que este fen\u00f3meno responde principalmente a la incompatibilidad o p\u00e9rdida de asistencias estatales al formalizar el empleo. Con la finalizaci\u00f3n de iniciativas como el programa <em>Registrar<\/em> y la baja de planes sociales (como <em>Potenciar Trabajo<\/em>), muchas trabajadoras prefirieron o se vieron forzadas a pasar a la informalidad para evitar la quita de asistencias frente a la baja de ingresos.<\/p>\n\n\n\n<h3 class=\"wp-block-heading\">Cambios en las modalidades de contrataci\u00f3n<\/h3>\n\n\n\n<p class=\"wp-block-paragraph\">Asimismo, la referente sindical indic\u00f3 que pocas personas quedan completamente sin empleo, pero que las din\u00e1micas laborales cambiaron dr\u00e1sticamente:<\/p>\n\n\n\n<ul class=\"wp-block-list\">\n<li class=\"\"><strong>Reducci\u00f3n de horas:<\/strong> Muchas empleadas que antes trabajaban jornadas completas de 8 horas de forma registrada pasaron a cumplir tareas pocas horas a la semana, cobrando de manera informal en el d\u00eda.<\/li>\n\n\n\n<li class=\"\"><strong>Migraci\u00f3n de rubros:<\/strong> Ante la p\u00e9rdida de puestos en el comercio y el sector industrial privado, m\u00e1s mujeres han ingresado a la oferta del trabajo dom\u00e9stico e informal, dedic\u00e1ndose al cuidado de adultos mayores, ni\u00f1os o tareas generales cobradas por semana.<\/li>\n<\/ul>\n\n\n\n<h3 class=\"wp-block-heading\">Cierre de paritarias y bonos para el sector<\/h3>\n\n\n\n<p class=\"wp-block-paragraph\">Durante la entrevista, la titular del SACRA confirm\u00f3 el esquema de incrementos salariales pactado para el tramo final del a\u00f1o:<\/p>\n\n\n\n<ul class=\"wp-block-list\">\n<li class=\"\"><strong>Agosto:<\/strong> 1,9%<\/li>\n\n\n\n<li class=\"\"><strong>Septiembre:<\/strong> 1,8%<\/li>\n\n\n\n<li class=\"\"><strong>Octubre:<\/strong> 1,7%<\/li>\n\n\n\n<li class=\"\"><strong>Noviembre:<\/strong> 1,6%<\/li>\n\n\n\n<li class=\"\"><strong>Diciembre:<\/strong> 1,6%<\/li>\n<\/ul>\n\n\n\n<p class=\"wp-block-paragraph\">Adem\u00e1s, la negociaci\u00f3n incluy\u00f3 la liquidaci\u00f3n de bonos extraordinarios escalonados seg\u00fan la cantidad de horas trabajadas de forma registrada (con montos proporcionales a las horas mensuales o semanales declaradas ante la AFIP\/ANSES).<\/p>\n","protected":false},"excerpt":{"rendered":"<p>Andrea Cruz, titular del Sindicato de Amas de Casa de La Rioja (SACRA), advirti\u00f3 sobre el cr\u00edtico panorama que atraviesa el sector de trabajadores de casas particulares en la provincia. \u00abLa informalidad laboral ha alcanzado niveles alarmantes, en sinton\u00eda con las estimaciones nacionales presentadas en las \u00faltimas paritarias.\u00bb Ca\u00edda del trabajo registrado y aumento de [&hellip;]<\/p>\n","protected":false},"author":2,"featured_media":97422,"comment_status":"open","ping_status":"open","sticky":false,"template":"","format":"standard","meta":{"tdm_status":"","tdm_grid_status":"","footnotes":""},"categories":[12],"tags":[],"class_list":["post-97420","post","type-post","status-publish","format-standard","has-post-thumbnail","category-local"],"featured_image_urls":{"full":["https:\/\/radiolarioja.com.ar\/rlr\/wp-content\/uploads\/2026\/09\/Gemini_Generated_Image_wyouqewyouqewyou.jpg",1408,768,false],"thumbnail":["https:\/\/radiolarioja.com.ar\/rlr\/wp-content\/uploads\/2026\/09\/Gemini_Generated_Image_wyouqewyouqewyou-150x150.jpg",150,150,true],"medium":["https:\/\/radiolarioja.com.ar\/rlr\/wp-content\/uploads\/2026\/09\/Gemini_Generated_Image_wyouqewyouqewyou-300x164.jpg",300,164,true],"medium_large":["https:\/\/radiolarioja.com.ar\/rlr\/wp-content\/uploads\/2026\/09\/Gemini_Generated_Image_wyouqewyouqewyou-766x418.jpg",696,380,true],"large":["https:\/\/radiolarioja.com.ar\/rlr\/wp-content\/uploads\/2026\/09\/Gemini_Generated_Image_wyouqewyouqewyou-1024x559.jpg",696,380,true],"1536x1536":["https:\/\/radiolarioja.com.ar\/rlr\/wp-content\/uploads\/2026\/09\/Gemini_Generated_Image_wyouqewyouqewyou.jpg",1408,768,false],"2048x2048":["https:\/\/radiolarioja.com.ar\/rlr\/wp-content\/uploads\/2026\/09\/Gemini_Generated_Image_wyouqewyouqewyou.jpg",1408,768,false],"td_218x150":["https:\/\/radiolarioja.com.ar\/rlr\/wp-content\/uploads\/2026\/09\/Gemini_Generated_Image_wyouqewyouqewyou-218x150.jpg",218,150,true],"td_324x400":["https:\/\/radiolarioja.com.ar\/rlr\/wp-content\/uploads\/2026\/09\/Gemini_Generated_Image_wyouqewyouqewyou-323x176.jpg",323,176,true],"td_485x360":["https:\/\/radiolarioja.com.ar\/rlr\/wp-content\/uploads\/2026\/09\/Gemini_Generated_Image_wyouqewyouqewyou-485x360.jpg",485,360,true],"td_696x0":["https:\/\/radiolarioja.com.ar\/rlr\/wp-content\/uploads\/2026\/09\/Gemini_Generated_Image_wyouqewyouqewyou-695x379.jpg",695,379,true],"td_1068x0":["https:\/\/radiolarioja.com.ar\/rlr\/wp-content\/uploads\/2026\/09\/Gemini_Generated_Image_wyouqewyouqewyou-1067x582.jpg",1067,582,true],"td_1920x0":["https:\/\/radiolarioja.com.ar\/rlr\/wp-content\/uploads\/2026\/09\/Gemini_Generated_Image_wyouqewyouqewyou.jpg",1408,768,false],"td_0x420":["https:\/\/radiolarioja.com.ar\/rlr\/wp-content\/uploads\/2026\/09\/Gemini_Generated_Image_wyouqewyouqewyou.jpg",770,420,false],"td_80x60":["https:\/\/radiolarioja.com.ar\/rlr\/wp-content\/uploads\/2026\/09\/Gemini_Generated_Image_wyouqewyouqewyou-80x60.jpg",80,60,true],"td_100x70":["https:\/\/radiolarioja.com.ar\/rlr\/wp-content\/uploads\/2026\/09\/Gemini_Generated_Image_wyouqewyouqewyou-100x70.jpg",100,70,true],"td_265x198":["https:\/\/radiolarioja.com.ar\/rlr\/wp-content\/uploads\/2026\/09\/Gemini_Generated_Image_wyouqewyouqewyou-265x198.jpg",265,198,true],"td_324x160":["https:\/\/radiolarioja.com.ar\/rlr\/wp-content\/uploads\/2026\/09\/Gemini_Generated_Image_wyouqewyouqewyou-293x160.jpg",293,160,true],"td_324x235":["https:\/\/radiolarioja.com.ar\/rlr\/wp-content\/uploads\/2026\/09\/Gemini_Generated_Image_wyouqewyouqewyou-324x235.jpg",324,235,true],"td_356x220":["https:\/\/radiolarioja.com.ar\/rlr\/wp-content\/uploads\/2026\/09\/Gemini_Generated_Image_wyouqewyouqewyou-356x220.jpg",356,220,true],"td_356x364":["https:\/\/radiolarioja.com.ar\/rlr\/wp-content\/uploads\/2026\/09\/Gemini_Generated_Image_wyouqewyouqewyou-356x194.jpg",356,194,true],"td_533x261":["https:\/\/radiolarioja.com.ar\/rlr\/wp-content\/uploads\/2026\/09\/Gemini_Generated_Image_wyouqewyouqewyou-478x261.jpg",478,261,true],"td_534x462":["https:\/\/radiolarioja.com.ar\/rlr\/wp-content\/uploads\/2026\/09\/Gemini_Generated_Image_wyouqewyouqewyou-534x462.jpg",534,462,true],"td_696x385":["https:\/\/radiolarioja.com.ar\/rlr\/wp-content\/uploads\/2026\/09\/Gemini_Generated_Image_wyouqewyouqewyou-696x385.jpg",696,385,true],"td_741x486":["https:\/\/radiolarioja.com.ar\/rlr\/wp-content\/uploads\/2026\/09\/Gemini_Generated_Image_wyouqewyouqewyou-741x486.jpg",741,486,true],"td_1068x580":["https:\/\/radiolarioja.com.ar\/rlr\/wp-content\/uploads\/2026\/09\/Gemini_Generated_Image_wyouqewyouqewyou-1063x580.jpg",1063,580,true]},"author_info":{"info":["RadioLaRioja"]},"category_info":"<a href=\"https:\/\/radiolarioja.com.ar\/rlr\/category\/local\/\" rel=\"category tag\">Local<\/a>","tag_info":"Local","comment_count":"0","_links":{"self":[{"href":"https:\/\/radiolarioja.com.ar\/rlr\/wp-json\/wp\/v2\/posts\/97420","targetHints":{"allow":["GET"]}}],"collection":[{"href":"https:\/\/radiolarioja.com.ar\/rlr\/wp-json\/wp\/v2\/posts"}],"about":[{"href":"https:\/\/radiolarioja.com.ar\/rlr\/wp-json\/wp\/v2\/types\/post"}],"author":[{"embeddable":true,"href":"https:\/\/radiolarioja.com.ar\/rlr\/wp-json\/wp\/v2\/users\/2"}],"replies":[{"embeddable":true,"href":"https:\/\/radiolarioja.com.ar\/rlr\/wp-json\/wp\/v2\/comments?post=97420"}],"version-history":[{"count":1,"href":"https:\/\/radiolarioja.com.ar\/rlr\/wp-json\/wp\/v2\/posts\/97420\/revisions"}],"predecessor-version":[{"id":97423,"href":"https:\/\/radiolarioja.com.ar\/rlr\/wp-json\/wp\/v2\/posts\/97420\/revisions\/97423"}],"wp:featuredmedia":[{"embeddable":true,"href":"https:\/\/radiolarioja.com.ar\/rlr\/wp-json\/wp\/v2\/media\/97422"}],"wp:attachment":[{"href":"https:\/\/radiolarioja.com.ar\/rlr\/wp-json\/wp\/v2\/media?parent=97420"}],"wp:term":[{"taxonomy":"category","embeddable":true,"href":"https:\/\/radiolarioja.com.ar\/rlr\/wp-json\/wp\/v2\/categories?post=97420"},{"taxonomy":"post_tag","embeddable":true,"href":"https:\/\/radiolarioja.com.ar\/rlr\/wp-json\/wp\/v2\/tags?post=97420"}],"curies":[{"name":"wp","href":"https:\/\/api.w.org\/{rel}","templated":true}]}}