{"id":97417,"date":"2026-09-02T11:05:33","date_gmt":"2026-09-02T14:05:33","guid":{"rendered":"https:\/\/radiolarioja.com.ar\/rlr\/?p=97417"},"modified":"2026-09-02T11:05:35","modified_gmt":"2026-09-02T14:05:35","slug":"jorge-chica-alerto-sobre-la-crisis-del-deporte-argentino-y-anuncio-una-reunion-clave-en-la-camara-de-diputados","status":"publish","type":"post","link":"https:\/\/radiolarioja.com.ar\/rlr\/jorge-chica-alerto-sobre-la-crisis-del-deporte-argentino-y-anuncio-una-reunion-clave-en-la-camara-de-diputados\/","title":{"rendered":"Jorge Chica alert\u00f3 sobre la crisis del deporte argentino y anunci\u00f3 una reuni\u00f3n clave en la C\u00e1mara de Diputados"},"content":{"rendered":"\n<p class=\"wp-block-paragraph\">El diputado nacional sanjuanino y presidente de la Comisi\u00f3n de Deportes de la C\u00e1mara de Diputados de la Naci\u00f3n, <strong>Jorge Chica<\/strong>, brind\u00f3 una entrevista en el programa <em>Bien Arriba<\/em> de <em>Medios Provincia<\/em>, donde lanz\u00f3 una dura advertencia sobre el fuerte desfinanciamiento que atraviesa el deporte en todo el pa\u00eds y el impacto de la crisis socioecon\u00f3mica en los clubes de barrio.<\/p>\n\n\n\n<figure class=\"wp-block-embed is-type-video is-provider-youtube wp-block-embed-youtube wp-embed-aspect-16-9 wp-has-aspect-ratio\"><div class=\"wp-block-embed__wrapper\">\n<iframe title=\"MEDIOS PROVINCIA - BIEN ARRIBA\" width=\"696\" height=\"392\" src=\"https:\/\/www.youtube.com\/embed\/jv_ZOVl1ABo?feature=oembed\" frameborder=\"0\" allow=\"accelerometer; autoplay; clipboard-write; encrypted-media; gyroscope; picture-in-picture; web-share\" referrerpolicy=\"strict-origin-when-cross-origin\" allowfullscreen><\/iframe>\n<\/div><\/figure>\n\n\n\n<h3 class=\"wp-block-heading\"><strong>Puntos clave de la entrevista:<\/strong><\/h3>\n\n\n\n<ul class=\"wp-block-list\">\n<li class=\"\"><strong>Crisis en el alto rendimiento:<\/strong> Chica se\u00f1al\u00f3 que Argentina cuenta con un presupuesto deportivo de <strong>14 millones de d\u00f3lares<\/strong>, al que calific\u00f3 como el m\u00e1s bajo de Am\u00e9rica Latina en comparaci\u00f3n con pa\u00edses como Bolivia o Chile (que destina 800 millones). Destac\u00f3 que deportistas y selecciones de primer nivel sufren recortes brutales, llegando al extremo de vender rifas para pagar sus pasajes o viajar con una preparaci\u00f3n m\u00ednima.<\/li>\n\n\n\n<li class=\"\"><strong>Reclamo por el financiamiento del ENARD:<\/strong> Remarc\u00f3 que volvi\u00f3 a presentar un proyecto para restituir el financiamiento hist\u00f3rico del Ente Nacional de Alto Rendimiento Deportivo (ENARD), mediante el 1% de la telefon\u00eda m\u00f3vil (art\u00edculo 39). Denunci\u00f3 que el Estado Nacional sigue percibiendo esos fondos pero no los traslada al ente, dejando sin cumplimiento los aportes que exige la ley.<\/li>\n\n\n\n<li class=\"\"><strong>Emergencia en los clubes de barrio y tarifas:<\/strong> Explic\u00f3 que el aumento de las tarifas de servicios p\u00fablicos est\u00e1 asfixiando a las instituciones deportivas comunitarias, lo que repercute en un alza de la cuota societaria e impide el acceso de miles de ni\u00f1os y j\u00f3venes. Ante esto, adelant\u00f3 proyectos para implementar un <strong>r\u00e9gimen de tarifa social o tarifa especial<\/strong> vinculada a zonas fr\u00edas para los clubes.<\/li>\n\n\n\n<li class=\"\"><strong>Contenci\u00f3n social amenazada:<\/strong> Resalt\u00f3 que los clubes no solo forman atletas profesionales que luego nos representan en el mundo, sino que son un pilar clave en la contenci\u00f3n social frente a problem\u00e1ticas actuales preocupantes como la ludopat\u00eda y el suicidio juvenil.<\/li>\n\n\n\n<li class=\"\"><strong>Recorte en los Juegos Evita:<\/strong> Lament\u00f3 la dr\u00e1stica disminuci\u00f3n de fondos para los tradicionales juegos nacionales, detallando que el a\u00f1o pasado solo asistieron la mitad de las provincias debido a la falta de respaldo del Ejecutivo Nacional.<\/li>\n<\/ul>\n\n\n\n<h3 class=\"wp-block-heading\"><strong>Convocatoria para el pr\u00f3ximo martes<\/strong><\/h3>\n\n\n\n<p class=\"wp-block-paragraph\">Durante la entrevista, el legislador anunci\u00f3 en exclusiva que la <strong>Comisi\u00f3n de Deportes de la C\u00e1mara de Diputados mantendr\u00e1 el pr\u00f3ximo martes una reuni\u00f3n informativa abierta<\/strong>. De la misma participar\u00e1n referentes de instituciones deportivas, deportistas de distintas disciplinas, asociaciones y l\u00edderes barriales de todo el pa\u00eds para visibilizar la realidad del sector y debatir soluciones legislativas.<\/p>\n\n\n\n<p class=\"wp-block-paragraph\"><\/p>\n\n\n\n<p class=\"wp-block-paragraph\">Puedes ver la entrevista completa en <a target=\"_blank\" rel=\"noopener\" href=\"http:\/\/www.youtube.com\/watch?v=jv_ZOVl1ABo\">Medios Provincia &#8211; Bien Arriba<\/a><\/p>\n\n\n\n<p class=\"wp-block-paragraph\">.<\/p>\n","protected":false},"excerpt":{"rendered":"<p>El diputado nacional sanjuanino y presidente de la Comisi\u00f3n de Deportes de la C\u00e1mara de Diputados de la Naci\u00f3n, Jorge Chica, brind\u00f3 una entrevista en el programa Bien Arriba de Medios Provincia, donde lanz\u00f3 una dura advertencia sobre el fuerte desfinanciamiento que atraviesa el deporte en todo el pa\u00eds y el impacto de la crisis [&hellip;]<\/p>\n","protected":false},"author":2,"featured_media":97418,"comment_status":"open","ping_status":"open","sticky":false,"template":"","format":"standard","meta":{"tdm_status":"","tdm_grid_status":"","footnotes":""},"categories":[3],"tags":[],"class_list":["post-97417","post","type-post","status-publish","format-standard","has-post-thumbnail","category-deporte"],"featured_image_urls":{"full":["https:\/\/radiolarioja.com.ar\/rlr\/wp-content\/uploads\/2026\/09\/Jorge-Chica-alerto-sobre-la-crisis-del-deporte-argentino-y-anuncio-una-reunion-clave-en-la-Camara-de-Diputados_97417_4db49.jpg",1280,720,false],"thumbnail":["https:\/\/radiolarioja.com.ar\/rlr\/wp-content\/uploads\/2026\/09\/Jorge-Chica-alerto-sobre-la-crisis-del-deporte-argentino-y-anuncio-una-reunion-clave-en-la-Camara-de-Diputados_97417_4db49-150x150.jpg",150,150,true],"medium":["https:\/\/radiolarioja.com.ar\/rlr\/wp-content\/uploads\/2026\/09\/Jorge-Chica-alerto-sobre-la-crisis-del-deporte-argentino-y-anuncio-una-reunion-clave-en-la-Camara-de-Diputados_97417_4db49-300x169.jpg",300,169,true],"medium_large":["https:\/\/radiolarioja.com.ar\/rlr\/wp-content\/uploads\/2026\/09\/Jorge-Chica-alerto-sobre-la-crisis-del-deporte-argentino-y-anuncio-una-reunion-clave-en-la-Camara-de-Diputados_97417_4db49-768x432.jpg",696,392,true],"large":["https:\/\/radiolarioja.com.ar\/rlr\/wp-content\/uploads\/2026\/09\/Jorge-Chica-alerto-sobre-la-crisis-del-deporte-argentino-y-anuncio-una-reunion-clave-en-la-Camara-de-Diputados_97417_4db49-1024x576.jpg",696,392,true],"1536x1536":["https:\/\/radiolarioja.com.ar\/rlr\/wp-content\/uploads\/2026\/09\/Jorge-Chica-alerto-sobre-la-crisis-del-deporte-argentino-y-anuncio-una-reunion-clave-en-la-Camara-de-Diputados_97417_4db49.jpg",1280,720,false],"2048x2048":["https:\/\/radiolarioja.com.ar\/rlr\/wp-content\/uploads\/2026\/09\/Jorge-Chica-alerto-sobre-la-crisis-del-deporte-argentino-y-anuncio-una-reunion-clave-en-la-Camara-de-Diputados_97417_4db49.jpg",1280,720,false],"td_218x150":["https:\/\/radiolarioja.com.ar\/rlr\/wp-content\/uploads\/2026\/09\/Jorge-Chica-alerto-sobre-la-crisis-del-deporte-argentino-y-anuncio-una-reunion-clave-en-la-Camara-de-Diputados_97417_4db49-218x150.jpg",218,150,true],"td_324x400":["https:\/\/radiolarioja.com.ar\/rlr\/wp-content\/uploads\/2026\/09\/Jorge-Chica-alerto-sobre-la-crisis-del-deporte-argentino-y-anuncio-una-reunion-clave-en-la-Camara-de-Diputados_97417_4db49-324x400.jpg",324,400,true],"td_485x360":["https:\/\/radiolarioja.com.ar\/rlr\/wp-content\/uploads\/2026\/09\/Jorge-Chica-alerto-sobre-la-crisis-del-deporte-argentino-y-anuncio-una-reunion-clave-en-la-Camara-de-Diputados_97417_4db49-485x360.jpg",485,360,true],"td_696x0":["https:\/\/radiolarioja.com.ar\/rlr\/wp-content\/uploads\/2026\/09\/Jorge-Chica-alerto-sobre-la-crisis-del-deporte-argentino-y-anuncio-una-reunion-clave-en-la-Camara-de-Diputados_97417_4db49-696x392.jpg",696,392,true],"td_1068x0":["https:\/\/radiolarioja.com.ar\/rlr\/wp-content\/uploads\/2026\/09\/Jorge-Chica-alerto-sobre-la-crisis-del-deporte-argentino-y-anuncio-una-reunion-clave-en-la-Camara-de-Diputados_97417_4db49-1068x601.jpg",1068,601,true],"td_1920x0":["https:\/\/radiolarioja.com.ar\/rlr\/wp-content\/uploads\/2026\/09\/Jorge-Chica-alerto-sobre-la-crisis-del-deporte-argentino-y-anuncio-una-reunion-clave-en-la-Camara-de-Diputados_97417_4db49.jpg",1280,720,false],"td_0x420":["https:\/\/radiolarioja.com.ar\/rlr\/wp-content\/uploads\/2026\/09\/Jorge-Chica-alerto-sobre-la-crisis-del-deporte-argentino-y-anuncio-una-reunion-clave-en-la-Camara-de-Diputados_97417_4db49-747x420.jpg",747,420,true],"td_80x60":["https:\/\/radiolarioja.com.ar\/rlr\/wp-content\/uploads\/2026\/09\/Jorge-Chica-alerto-sobre-la-crisis-del-deporte-argentino-y-anuncio-una-reunion-clave-en-la-Camara-de-Diputados_97417_4db49-80x60.jpg",80,60,true],"td_100x70":["https:\/\/radiolarioja.com.ar\/rlr\/wp-content\/uploads\/2026\/09\/Jorge-Chica-alerto-sobre-la-crisis-del-deporte-argentino-y-anuncio-una-reunion-clave-en-la-Camara-de-Diputados_97417_4db49-100x70.jpg",100,70,true],"td_265x198":["https:\/\/radiolarioja.com.ar\/rlr\/wp-content\/uploads\/2026\/09\/Jorge-Chica-alerto-sobre-la-crisis-del-deporte-argentino-y-anuncio-una-reunion-clave-en-la-Camara-de-Diputados_97417_4db49-265x198.jpg",265,198,true],"td_324x160":["https:\/\/radiolarioja.com.ar\/rlr\/wp-content\/uploads\/2026\/09\/Jorge-Chica-alerto-sobre-la-crisis-del-deporte-argentino-y-anuncio-una-reunion-clave-en-la-Camara-de-Diputados_97417_4db49-324x160.jpg",324,160,true],"td_324x235":["https:\/\/radiolarioja.com.ar\/rlr\/wp-content\/uploads\/2026\/09\/Jorge-Chica-alerto-sobre-la-crisis-del-deporte-argentino-y-anuncio-una-reunion-clave-en-la-Camara-de-Diputados_97417_4db49-324x235.jpg",324,235,true],"td_356x220":["https:\/\/radiolarioja.com.ar\/rlr\/wp-content\/uploads\/2026\/09\/Jorge-Chica-alerto-sobre-la-crisis-del-deporte-argentino-y-anuncio-una-reunion-clave-en-la-Camara-de-Diputados_97417_4db49-356x220.jpg",356,220,true],"td_356x364":["https:\/\/radiolarioja.com.ar\/rlr\/wp-content\/uploads\/2026\/09\/Jorge-Chica-alerto-sobre-la-crisis-del-deporte-argentino-y-anuncio-una-reunion-clave-en-la-Camara-de-Diputados_97417_4db49-356x364.jpg",356,364,true],"td_533x261":["https:\/\/radiolarioja.com.ar\/rlr\/wp-content\/uploads\/2026\/09\/Jorge-Chica-alerto-sobre-la-crisis-del-deporte-argentino-y-anuncio-una-reunion-clave-en-la-Camara-de-Diputados_97417_4db49-533x261.jpg",533,261,true],"td_534x462":["https:\/\/radiolarioja.com.ar\/rlr\/wp-content\/uploads\/2026\/09\/Jorge-Chica-alerto-sobre-la-crisis-del-deporte-argentino-y-anuncio-una-reunion-clave-en-la-Camara-de-Diputados_97417_4db49-534x462.jpg",534,462,true],"td_696x385":["https:\/\/radiolarioja.com.ar\/rlr\/wp-content\/uploads\/2026\/09\/Jorge-Chica-alerto-sobre-la-crisis-del-deporte-argentino-y-anuncio-una-reunion-clave-en-la-Camara-de-Diputados_97417_4db49-696x385.jpg",696,385,true],"td_741x486":["https:\/\/radiolarioja.com.ar\/rlr\/wp-content\/uploads\/2026\/09\/Jorge-Chica-alerto-sobre-la-crisis-del-deporte-argentino-y-anuncio-una-reunion-clave-en-la-Camara-de-Diputados_97417_4db49-741x486.jpg",741,486,true],"td_1068x580":["https:\/\/radiolarioja.com.ar\/rlr\/wp-content\/uploads\/2026\/09\/Jorge-Chica-alerto-sobre-la-crisis-del-deporte-argentino-y-anuncio-una-reunion-clave-en-la-Camara-de-Diputados_97417_4db49-1068x580.jpg",1068,580,true]},"author_info":{"info":["RadioLaRioja"]},"category_info":"<a href=\"https:\/\/radiolarioja.com.ar\/rlr\/category\/deporte\/\" rel=\"category tag\">Deporte<\/a>","tag_info":"Deporte","comment_count":"0","_links":{"self":[{"href":"https:\/\/radiolarioja.com.ar\/rlr\/wp-json\/wp\/v2\/posts\/97417","targetHints":{"allow":["GET"]}}],"collection":[{"href":"https:\/\/radiolarioja.com.ar\/rlr\/wp-json\/wp\/v2\/posts"}],"about":[{"href":"https:\/\/radiolarioja.com.ar\/rlr\/wp-json\/wp\/v2\/types\/post"}],"author":[{"embeddable":true,"href":"https:\/\/radiolarioja.com.ar\/rlr\/wp-json\/wp\/v2\/users\/2"}],"replies":[{"embeddable":true,"href":"https:\/\/radiolarioja.com.ar\/rlr\/wp-json\/wp\/v2\/comments?post=97417"}],"version-history":[{"count":1,"href":"https:\/\/radiolarioja.com.ar\/rlr\/wp-json\/wp\/v2\/posts\/97417\/revisions"}],"predecessor-version":[{"id":97419,"href":"https:\/\/radiolarioja.com.ar\/rlr\/wp-json\/wp\/v2\/posts\/97417\/revisions\/97419"}],"wp:featuredmedia":[{"embeddable":true,"href":"https:\/\/radiolarioja.com.ar\/rlr\/wp-json\/wp\/v2\/media\/97418"}],"wp:attachment":[{"href":"https:\/\/radiolarioja.com.ar\/rlr\/wp-json\/wp\/v2\/media?parent=97417"}],"wp:term":[{"taxonomy":"category","embeddable":true,"href":"https:\/\/radiolarioja.com.ar\/rlr\/wp-json\/wp\/v2\/categories?post=97417"},{"taxonomy":"post_tag","embeddable":true,"href":"https:\/\/radiolarioja.com.ar\/rlr\/wp-json\/wp\/v2\/tags?post=97417"}],"curies":[{"name":"wp","href":"https:\/\/api.w.org\/{rel}","templated":true}]}}