{"id":97414,"date":"2026-09-02T10:55:44","date_gmt":"2026-09-02T13:55:44","guid":{"rendered":"https:\/\/radiolarioja.com.ar\/rlr\/?p=97414"},"modified":"2026-09-02T10:55:46","modified_gmt":"2026-09-02T13:55:46","slug":"cordoba-prepara-un-megaoperativo-de-seguridad-para-la-visita-del-papa-leon-xiv-esperan-a-mas-de-dos-millones-de-personas","status":"publish","type":"post","link":"https:\/\/radiolarioja.com.ar\/rlr\/cordoba-prepara-un-megaoperativo-de-seguridad-para-la-visita-del-papa-leon-xiv-esperan-a-mas-de-dos-millones-de-personas\/","title":{"rendered":"C\u00f3rdoba prepara un megaoperativo de seguridad para la visita del papa Le\u00f3n XIV: esperan a m\u00e1s de dos millones de personas"},"content":{"rendered":"\n<h3 class=\"wp-block-heading\"><strong>La provincia de C\u00f3rdoba se alista para recibir al Sumo Pont\u00edfice en lo que promete ser un acontecimiento hist\u00f3rico. Habr\u00e1 una misa multitudinaria, una caravana en papam\u00f3vil de casi 16 kil\u00f3metros y un despliegue sin precedentes junto a la Guardia Vaticana.<\/strong><\/h3>\n\n\n\n<p class=\"wp-block-paragraph\"><strong>C\u00d3RDOBA.<\/strong> \u2013 El gobierno de la provincia de C\u00f3rdoba avanza en la planificaci\u00f3n del operativo de seguridad ante la hist\u00f3rica visita del papa Le\u00f3n XIV, programada para el pr\u00f3ximo mes de noviembre. En di\u00e1logo con medios locales, el ministro de Seguridad cordob\u00e9s, Juan Pablo Quinteros, brind\u00f3 detalles del itinerario, la log\u00edstica y la magnitud del evento, que posicionar\u00e1 a C\u00f3rdoba como la \u00fanica ciudad del interior de la Argentina que recibir\u00e1 al Santo Padre.<\/p>\n\n\n\n<h4 class=\"wp-block-heading\"><strong>Un itinerario concentrado y masivo<\/strong><\/h4>\n\n\n\n<p class=\"wp-block-paragraph\">Se prev\u00e9 que el Sumo Pont\u00edfice aterrice en el Aeropuerto Internacional de C\u00f3rdoba alrededor de las <strong>09:00 horas<\/strong> y que permanezca en la provincia hasta pasadas las <strong>18:00 horas<\/strong>, sin pernoctar en la provincia.<\/p>\n\n\n\n<p class=\"wp-block-paragraph\">El cronograma preliminar contempla los siguientes hitos:<\/p>\n\n\n\n<ul class=\"wp-block-list\">\n<li class=\"\"><strong>Misa multitudinaria en Fadea:<\/strong> Tras su llegada, el Papa se trasladar\u00e1 por v\u00eda terrestre hacia el predio de la F\u00e1brica Argentina de Aviones (Fadea), sobre la Ruta 20, donde encabezar\u00e1 una misa antes del mediod\u00eda. El predio fue elegido por su gran capacidad espacial y cuenta con el antecedente de haber albergado la visita de Juan Pablo II en 1987.<\/li>\n\n\n\n<li class=\"\"><strong>Caravana y traslado a la Catedral:<\/strong> Concluido el oficio religioso, se iniciar\u00e1 un recorrido de aproximadamente <strong>15,9 kil\u00f3metros<\/strong> con direcci\u00f3n al centro de la capital cordobesa. El trayecto combinar\u00e1 un tramo inicial en un veh\u00edculo cerrado por la Avenida Circunvalaci\u00f3n y posterior trasbordo al papam\u00f3vil para recorrer las principales avenidas, permitiendo el contacto directo con la gente.<\/li>\n\n\n\n<li class=\"\"><strong>Regreso al aeropuerto:<\/strong> Tras su visita a la zona del Arzobispado y la Catedral, emprender\u00e1 el regreso por v\u00eda terrestre hacia la terminal a\u00e9rea para retornar a Buenos Aires.<\/li>\n<\/ul>\n\n\n\n<h4 class=\"wp-block-heading\"><strong>Asistencia r\u00e9cord e impacto regional<\/strong><\/h4>\n\n\n\n<p class=\"wp-block-paragraph\">De acuerdo con las estimaciones de las autoridades de Seguridad, la convocatoria inicial para la misa oscilar\u00e1 entre las <strong>800.000 y 1.000.000 de personas<\/strong>, mientras que la movilizaci\u00f3n total en la provincia durante la jornada podr\u00eda superar los <strong>2,5 millones de asistentes<\/strong>. Se aguarda un flujo masivo de peregrinos procedentes de provincias vecinas como La Rioja, Catamarca, Santiago del Estero y del resto del norte argentino.<\/p>\n\n\n\n<h4 class=\"wp-block-heading\"><strong>Coordinaci\u00f3n con la Guardia Vaticana<\/strong><\/h4>\n\n\n\n<p class=\"wp-block-paragraph\">Las fuerzas provinciales trabajan de forma coordinada con la <strong>Guardia Vaticana<\/strong>, encargada del primer anillo de protecci\u00f3n del Pont\u00edfice. La Polic\u00eda de C\u00f3rdoba, la Polic\u00eda Caminera y las distintas departamentales asumir\u00edan la custodia de los accesos a la provincia, rutas de ingreso y de los anillos secundarios del evento.<\/p>\n\n\n\n<p class=\"wp-block-paragraph\">A su vez, se contempla una vigilia en las inmediaciones del predio de Fadea la noche anterior y un trabajo articulado con la Agencia C\u00f3rdoba Turismo ante la ocupaci\u00f3n total de las plazas hoteleras de la regi\u00f3n. Se espera que el cronograma oficial con horarios y accesos detallados sea comunicado por la Nunciatura Apost\u00f3lica en las pr\u00f3ximas semanas.<\/p>\n","protected":false},"excerpt":{"rendered":"<p>La provincia de C\u00f3rdoba se alista para recibir al Sumo Pont\u00edfice en lo que promete ser un acontecimiento hist\u00f3rico. Habr\u00e1 una misa multitudinaria, una caravana en papam\u00f3vil de casi 16 kil\u00f3metros y un despliegue sin precedentes junto a la Guardia Vaticana. C\u00d3RDOBA. \u2013 El gobierno de la provincia de C\u00f3rdoba avanza en la planificaci\u00f3n del [&hellip;]<\/p>\n","protected":false},"author":2,"featured_media":97415,"comment_status":"open","ping_status":"open","sticky":false,"template":"","format":"standard","meta":{"tdm_status":"","tdm_grid_status":"","footnotes":""},"categories":[15],"tags":[],"class_list":["post-97414","post","type-post","status-publish","format-standard","has-post-thumbnail","category-nacional"],"featured_image_urls":{"full":["https:\/\/radiolarioja.com.ar\/rlr\/wp-content\/uploads\/2026\/09\/Gemini_Generated_Image_n7t91nn7t91nn7t9.jpg",1408,768,false],"thumbnail":["https:\/\/radiolarioja.com.ar\/rlr\/wp-content\/uploads\/2026\/09\/Gemini_Generated_Image_n7t91nn7t91nn7t9-150x150.jpg",150,150,true],"medium":["https:\/\/radiolarioja.com.ar\/rlr\/wp-content\/uploads\/2026\/09\/Gemini_Generated_Image_n7t91nn7t91nn7t9-300x164.jpg",300,164,true],"medium_large":["https:\/\/radiolarioja.com.ar\/rlr\/wp-content\/uploads\/2026\/09\/Gemini_Generated_Image_n7t91nn7t91nn7t9-766x418.jpg",696,380,true],"large":["https:\/\/radiolarioja.com.ar\/rlr\/wp-content\/uploads\/2026\/09\/Gemini_Generated_Image_n7t91nn7t91nn7t9-1024x559.jpg",696,380,true],"1536x1536":["https:\/\/radiolarioja.com.ar\/rlr\/wp-content\/uploads\/2026\/09\/Gemini_Generated_Image_n7t91nn7t91nn7t9.jpg",1408,768,false],"2048x2048":["https:\/\/radiolarioja.com.ar\/rlr\/wp-content\/uploads\/2026\/09\/Gemini_Generated_Image_n7t91nn7t91nn7t9.jpg",1408,768,false],"td_218x150":["https:\/\/radiolarioja.com.ar\/rlr\/wp-content\/uploads\/2026\/09\/Gemini_Generated_Image_n7t91nn7t91nn7t9-218x150.jpg",218,150,true],"td_324x400":["https:\/\/radiolarioja.com.ar\/rlr\/wp-content\/uploads\/2026\/09\/Gemini_Generated_Image_n7t91nn7t91nn7t9-323x176.jpg",323,176,true],"td_485x360":["https:\/\/radiolarioja.com.ar\/rlr\/wp-content\/uploads\/2026\/09\/Gemini_Generated_Image_n7t91nn7t91nn7t9-485x360.jpg",485,360,true],"td_696x0":["https:\/\/radiolarioja.com.ar\/rlr\/wp-content\/uploads\/2026\/09\/Gemini_Generated_Image_n7t91nn7t91nn7t9-695x379.jpg",695,379,true],"td_1068x0":["https:\/\/radiolarioja.com.ar\/rlr\/wp-content\/uploads\/2026\/09\/Gemini_Generated_Image_n7t91nn7t91nn7t9-1067x582.jpg",1067,582,true],"td_1920x0":["https:\/\/radiolarioja.com.ar\/rlr\/wp-content\/uploads\/2026\/09\/Gemini_Generated_Image_n7t91nn7t91nn7t9.jpg",1408,768,false],"td_0x420":["https:\/\/radiolarioja.com.ar\/rlr\/wp-content\/uploads\/2026\/09\/Gemini_Generated_Image_n7t91nn7t91nn7t9.jpg",770,420,false],"td_80x60":["https:\/\/radiolarioja.com.ar\/rlr\/wp-content\/uploads\/2026\/09\/Gemini_Generated_Image_n7t91nn7t91nn7t9-80x60.jpg",80,60,true],"td_100x70":["https:\/\/radiolarioja.com.ar\/rlr\/wp-content\/uploads\/2026\/09\/Gemini_Generated_Image_n7t91nn7t91nn7t9-100x70.jpg",100,70,true],"td_265x198":["https:\/\/radiolarioja.com.ar\/rlr\/wp-content\/uploads\/2026\/09\/Gemini_Generated_Image_n7t91nn7t91nn7t9-265x198.jpg",265,198,true],"td_324x160":["https:\/\/radiolarioja.com.ar\/rlr\/wp-content\/uploads\/2026\/09\/Gemini_Generated_Image_n7t91nn7t91nn7t9-293x160.jpg",293,160,true],"td_324x235":["https:\/\/radiolarioja.com.ar\/rlr\/wp-content\/uploads\/2026\/09\/Gemini_Generated_Image_n7t91nn7t91nn7t9-324x235.jpg",324,235,true],"td_356x220":["https:\/\/radiolarioja.com.ar\/rlr\/wp-content\/uploads\/2026\/09\/Gemini_Generated_Image_n7t91nn7t91nn7t9-356x220.jpg",356,220,true],"td_356x364":["https:\/\/radiolarioja.com.ar\/rlr\/wp-content\/uploads\/2026\/09\/Gemini_Generated_Image_n7t91nn7t91nn7t9-356x194.jpg",356,194,true],"td_533x261":["https:\/\/radiolarioja.com.ar\/rlr\/wp-content\/uploads\/2026\/09\/Gemini_Generated_Image_n7t91nn7t91nn7t9-478x261.jpg",478,261,true],"td_534x462":["https:\/\/radiolarioja.com.ar\/rlr\/wp-content\/uploads\/2026\/09\/Gemini_Generated_Image_n7t91nn7t91nn7t9-534x462.jpg",534,462,true],"td_696x385":["https:\/\/radiolarioja.com.ar\/rlr\/wp-content\/uploads\/2026\/09\/Gemini_Generated_Image_n7t91nn7t91nn7t9-696x385.jpg",696,385,true],"td_741x486":["https:\/\/radiolarioja.com.ar\/rlr\/wp-content\/uploads\/2026\/09\/Gemini_Generated_Image_n7t91nn7t91nn7t9-741x486.jpg",741,486,true],"td_1068x580":["https:\/\/radiolarioja.com.ar\/rlr\/wp-content\/uploads\/2026\/09\/Gemini_Generated_Image_n7t91nn7t91nn7t9-1063x580.jpg",1063,580,true]},"author_info":{"info":["RadioLaRioja"]},"category_info":"<a href=\"https:\/\/radiolarioja.com.ar\/rlr\/category\/nacional\/\" rel=\"category tag\">Nacional<\/a>","tag_info":"Nacional","comment_count":"0","_links":{"self":[{"href":"https:\/\/radiolarioja.com.ar\/rlr\/wp-json\/wp\/v2\/posts\/97414","targetHints":{"allow":["GET"]}}],"collection":[{"href":"https:\/\/radiolarioja.com.ar\/rlr\/wp-json\/wp\/v2\/posts"}],"about":[{"href":"https:\/\/radiolarioja.com.ar\/rlr\/wp-json\/wp\/v2\/types\/post"}],"author":[{"embeddable":true,"href":"https:\/\/radiolarioja.com.ar\/rlr\/wp-json\/wp\/v2\/users\/2"}],"replies":[{"embeddable":true,"href":"https:\/\/radiolarioja.com.ar\/rlr\/wp-json\/wp\/v2\/comments?post=97414"}],"version-history":[{"count":1,"href":"https:\/\/radiolarioja.com.ar\/rlr\/wp-json\/wp\/v2\/posts\/97414\/revisions"}],"predecessor-version":[{"id":97416,"href":"https:\/\/radiolarioja.com.ar\/rlr\/wp-json\/wp\/v2\/posts\/97414\/revisions\/97416"}],"wp:featuredmedia":[{"embeddable":true,"href":"https:\/\/radiolarioja.com.ar\/rlr\/wp-json\/wp\/v2\/media\/97415"}],"wp:attachment":[{"href":"https:\/\/radiolarioja.com.ar\/rlr\/wp-json\/wp\/v2\/media?parent=97414"}],"wp:term":[{"taxonomy":"category","embeddable":true,"href":"https:\/\/radiolarioja.com.ar\/rlr\/wp-json\/wp\/v2\/categories?post=97414"},{"taxonomy":"post_tag","embeddable":true,"href":"https:\/\/radiolarioja.com.ar\/rlr\/wp-json\/wp\/v2\/tags?post=97414"}],"curies":[{"name":"wp","href":"https:\/\/api.w.org\/{rel}","templated":true}]}}