{"id":97408,"date":"2026-09-02T09:16:08","date_gmt":"2026-09-02T12:16:08","guid":{"rendered":"https:\/\/radiolarioja.com.ar\/rlr\/?p=97408"},"modified":"2026-09-02T09:16:11","modified_gmt":"2026-09-02T12:16:11","slug":"docentes-de-apoyo-reclamaron-ante-apos-por-mora-en-los-pagos-y-desfase-en-los-honorarios","status":"publish","type":"post","link":"https:\/\/radiolarioja.com.ar\/rlr\/docentes-de-apoyo-reclamaron-ante-apos-por-mora-en-los-pagos-y-desfase-en-los-honorarios\/","title":{"rendered":"Docentes de apoyo reclamaron ante APOS por mora en los pagos y desfase en los honorarios"},"content":{"rendered":"\n<p class=\"wp-block-paragraph\">Docentes de Apoyo a la Inclusi\u00f3n (DAI) se manifestaron ante la obra social provincial APOS para exigir la regularizaci\u00f3n en el pago de sus prestaciones y denunciar trabas burocr\u00e1ticas que perjudican la atenci\u00f3n de estudiantes con discapacidad. Erika Soria, vocera del sector, detall\u00f3 la compleja situaci\u00f3n del colectivo y confirm\u00f3 el inicio de mesas de di\u00e1logo con las autoridades.<\/p>\n\n\n\n<p class=\"wp-block-paragraph\"><strong>Principales reclamos del sector<\/strong><\/p>\n\n\n\n<ul class=\"wp-block-list\">\n<li class=\"\"><strong>Atrasos en el cobro:<\/strong> Las prestaciones registran demoras de varios meses. Recientemente se concretaron pagos correspondientes a mayo y junio.<\/li>\n\n\n\n<li class=\"\"><strong>Brecha con el nomenclador nacional:<\/strong> APOS abona <strong>$320.000<\/strong>, valor que ascender\u00e1 a <strong>$400.000<\/strong> a partir de septiembre. La cifra dista del par\u00e1metro nacional, ubicado cerca de los <strong>$489.000<\/strong>.<\/li>\n\n\n\n<li class=\"\"><strong>Condiciones de liquidaci\u00f3n:<\/strong> Se liquidan estrictamente los d\u00edas y horas trabajados, descontando feriados y periodos de receso escolar. En julio, por ejemplo, solo se liquidan 9 d\u00edas.<\/li>\n\n\n\n<li class=\"\"><strong>Retenciones y costos operativos:<\/strong> Se aplican retenciones del 1% o superiores, mientras los profesionales deben costear el transporte y el material did\u00e1ctico.<\/li>\n\n\n\n<li class=\"\"><strong>Burocracia en expedientes:<\/strong> Los plazos de presentaci\u00f3n son acotados. Si un estudiante obtiene su diagn\u00f3stico despu\u00e9s de julio, no puede acceder a la prestaci\u00f3n durante el resto del ciclo lectivo.<\/li>\n<\/ul>\n\n\n\n<p class=\"wp-block-paragraph\"><strong>Mesas de trabajo y di\u00e1logo con la obra social<\/strong><\/p>\n\n\n\n<p class=\"wp-block-paragraph\">Tras las jornadas de protesta, representantes del colectivo mantuvieron un encuentro con la administradora de APOS, Lic. Claudia Ortiz. En la reuni\u00f3n se acord\u00f3 conformar mesas de trabajo para revisar las exigencias administrativas, coordinar con la modalidad de Educaci\u00f3n Especial y participar en la elaboraci\u00f3n del instructivo para el pr\u00f3ximo ciclo lectivo.<\/p>\n\n\n\n<p class=\"wp-block-paragraph\">Los profesionales esperan la convocatoria formal para equiparar los aranceles y agilizar los tr\u00e1mites, con el objetivo de garantizar la continuidad pedag\u00f3gica de los ni\u00f1os y j\u00f3venes afiliados a la obra social provincial.<\/p>\n\n\n\n<figure class=\"wp-block-embed is-type-video is-provider-youtube wp-block-embed-youtube wp-embed-aspect-16-9 wp-has-aspect-ratio\"><div class=\"wp-block-embed__wrapper\">\n<iframe title=\"MEDIOS PROVINCIA - DESPIERTA PROVINCIA - 02092026\" width=\"696\" height=\"522\" src=\"https:\/\/www.youtube.com\/embed\/j41Y35YzSbg?feature=oembed\" frameborder=\"0\" allow=\"accelerometer; autoplay; clipboard-write; encrypted-media; gyroscope; picture-in-picture; web-share\" referrerpolicy=\"strict-origin-when-cross-origin\" allowfullscreen><\/iframe>\n<\/div><\/figure>\n","protected":false},"excerpt":{"rendered":"<p>Docentes de Apoyo a la Inclusi\u00f3n (DAI) se manifestaron ante la obra social provincial APOS para exigir la regularizaci\u00f3n en el pago de sus prestaciones y denunciar trabas burocr\u00e1ticas que perjudican la atenci\u00f3n de estudiantes con discapacidad. Erika Soria, vocera del sector, detall\u00f3 la compleja situaci\u00f3n del colectivo y confirm\u00f3 el inicio de mesas de [&hellip;]<\/p>\n","protected":false},"author":2,"featured_media":97412,"comment_status":"open","ping_status":"open","sticky":false,"template":"","format":"standard","meta":{"tdm_status":"","tdm_grid_status":"","footnotes":""},"categories":[12],"tags":[],"class_list":["post-97408","post","type-post","status-publish","format-standard","has-post-thumbnail","category-local"],"featured_image_urls":{"full":["https:\/\/radiolarioja.com.ar\/rlr\/wp-content\/uploads\/2026\/09\/maxresdefault-6.jpg",1280,720,false],"thumbnail":["https:\/\/radiolarioja.com.ar\/rlr\/wp-content\/uploads\/2026\/09\/maxresdefault-6-150x150.jpg",150,150,true],"medium":["https:\/\/radiolarioja.com.ar\/rlr\/wp-content\/uploads\/2026\/09\/maxresdefault-6-300x169.jpg",300,169,true],"medium_large":["https:\/\/radiolarioja.com.ar\/rlr\/wp-content\/uploads\/2026\/09\/maxresdefault-6-768x432.jpg",696,392,true],"large":["https:\/\/radiolarioja.com.ar\/rlr\/wp-content\/uploads\/2026\/09\/maxresdefault-6-1024x576.jpg",696,392,true],"1536x1536":["https:\/\/radiolarioja.com.ar\/rlr\/wp-content\/uploads\/2026\/09\/maxresdefault-6.jpg",1280,720,false],"2048x2048":["https:\/\/radiolarioja.com.ar\/rlr\/wp-content\/uploads\/2026\/09\/maxresdefault-6.jpg",1280,720,false],"td_218x150":["https:\/\/radiolarioja.com.ar\/rlr\/wp-content\/uploads\/2026\/09\/maxresdefault-6-218x150.jpg",218,150,true],"td_324x400":["https:\/\/radiolarioja.com.ar\/rlr\/wp-content\/uploads\/2026\/09\/maxresdefault-6-324x400.jpg",324,400,true],"td_485x360":["https:\/\/radiolarioja.com.ar\/rlr\/wp-content\/uploads\/2026\/09\/maxresdefault-6-485x360.jpg",485,360,true],"td_696x0":["https:\/\/radiolarioja.com.ar\/rlr\/wp-content\/uploads\/2026\/09\/maxresdefault-6-696x392.jpg",696,392,true],"td_1068x0":["https:\/\/radiolarioja.com.ar\/rlr\/wp-content\/uploads\/2026\/09\/maxresdefault-6-1068x601.jpg",1068,601,true],"td_1920x0":["https:\/\/radiolarioja.com.ar\/rlr\/wp-content\/uploads\/2026\/09\/maxresdefault-6.jpg",1280,720,false],"td_0x420":["https:\/\/radiolarioja.com.ar\/rlr\/wp-content\/uploads\/2026\/09\/maxresdefault-6-747x420.jpg",747,420,true],"td_80x60":["https:\/\/radiolarioja.com.ar\/rlr\/wp-content\/uploads\/2026\/09\/maxresdefault-6-80x60.jpg",80,60,true],"td_100x70":["https:\/\/radiolarioja.com.ar\/rlr\/wp-content\/uploads\/2026\/09\/maxresdefault-6-100x70.jpg",100,70,true],"td_265x198":["https:\/\/radiolarioja.com.ar\/rlr\/wp-content\/uploads\/2026\/09\/maxresdefault-6-265x198.jpg",265,198,true],"td_324x160":["https:\/\/radiolarioja.com.ar\/rlr\/wp-content\/uploads\/2026\/09\/maxresdefault-6-324x160.jpg",324,160,true],"td_324x235":["https:\/\/radiolarioja.com.ar\/rlr\/wp-content\/uploads\/2026\/09\/maxresdefault-6-324x235.jpg",324,235,true],"td_356x220":["https:\/\/radiolarioja.com.ar\/rlr\/wp-content\/uploads\/2026\/09\/maxresdefault-6-356x220.jpg",356,220,true],"td_356x364":["https:\/\/radiolarioja.com.ar\/rlr\/wp-content\/uploads\/2026\/09\/maxresdefault-6-356x364.jpg",356,364,true],"td_533x261":["https:\/\/radiolarioja.com.ar\/rlr\/wp-content\/uploads\/2026\/09\/maxresdefault-6-533x261.jpg",533,261,true],"td_534x462":["https:\/\/radiolarioja.com.ar\/rlr\/wp-content\/uploads\/2026\/09\/maxresdefault-6-534x462.jpg",534,462,true],"td_696x385":["https:\/\/radiolarioja.com.ar\/rlr\/wp-content\/uploads\/2026\/09\/maxresdefault-6-696x385.jpg",696,385,true],"td_741x486":["https:\/\/radiolarioja.com.ar\/rlr\/wp-content\/uploads\/2026\/09\/maxresdefault-6-741x486.jpg",741,486,true],"td_1068x580":["https:\/\/radiolarioja.com.ar\/rlr\/wp-content\/uploads\/2026\/09\/maxresdefault-6-1068x580.jpg",1068,580,true]},"author_info":{"info":["RadioLaRioja"]},"category_info":"<a href=\"https:\/\/radiolarioja.com.ar\/rlr\/category\/local\/\" rel=\"category tag\">Local<\/a>","tag_info":"Local","comment_count":"0","_links":{"self":[{"href":"https:\/\/radiolarioja.com.ar\/rlr\/wp-json\/wp\/v2\/posts\/97408","targetHints":{"allow":["GET"]}}],"collection":[{"href":"https:\/\/radiolarioja.com.ar\/rlr\/wp-json\/wp\/v2\/posts"}],"about":[{"href":"https:\/\/radiolarioja.com.ar\/rlr\/wp-json\/wp\/v2\/types\/post"}],"author":[{"embeddable":true,"href":"https:\/\/radiolarioja.com.ar\/rlr\/wp-json\/wp\/v2\/users\/2"}],"replies":[{"embeddable":true,"href":"https:\/\/radiolarioja.com.ar\/rlr\/wp-json\/wp\/v2\/comments?post=97408"}],"version-history":[{"count":1,"href":"https:\/\/radiolarioja.com.ar\/rlr\/wp-json\/wp\/v2\/posts\/97408\/revisions"}],"predecessor-version":[{"id":97411,"href":"https:\/\/radiolarioja.com.ar\/rlr\/wp-json\/wp\/v2\/posts\/97408\/revisions\/97411"}],"wp:featuredmedia":[{"embeddable":true,"href":"https:\/\/radiolarioja.com.ar\/rlr\/wp-json\/wp\/v2\/media\/97412"}],"wp:attachment":[{"href":"https:\/\/radiolarioja.com.ar\/rlr\/wp-json\/wp\/v2\/media?parent=97408"}],"wp:term":[{"taxonomy":"category","embeddable":true,"href":"https:\/\/radiolarioja.com.ar\/rlr\/wp-json\/wp\/v2\/categories?post=97408"},{"taxonomy":"post_tag","embeddable":true,"href":"https:\/\/radiolarioja.com.ar\/rlr\/wp-json\/wp\/v2\/tags?post=97408"}],"curies":[{"name":"wp","href":"https:\/\/api.w.org\/{rel}","templated":true}]}}