{"id":97401,"date":"2026-09-02T00:11:28","date_gmt":"2026-09-02T03:11:28","guid":{"rendered":"https:\/\/radiolarioja.com.ar\/rlr\/?p=97401"},"modified":"2026-09-02T00:11:32","modified_gmt":"2026-09-02T03:11:32","slug":"un-proyecto-audiovisual-riojano-llega-a-las-grandes-plataformas-tras-su-paso-por-el-laboratorio-impulsar","status":"publish","type":"post","link":"https:\/\/radiolarioja.com.ar\/rlr\/un-proyecto-audiovisual-riojano-llega-a-las-grandes-plataformas-tras-su-paso-por-el-laboratorio-impulsar\/","title":{"rendered":"UN PROYECTO AUDIOVISUAL RIOJANO LLEGA A LAS GRANDES PLATAFORMAS TRAS SU PASO POR EL LABORATORIO IMPULSAR"},"content":{"rendered":"\n<p class=\"wp-block-paragraph\"><strong>La Rioja.<\/strong> En una entrevista brindada al programa <em>Aqu\u00ed y Ahora<\/em> de Medios Provincia, el director riojano Federico Minardi comparti\u00f3 los detalles de su reciente participaci\u00f3n en el Laboratorio Impulsar en la Ciudad de Buenos Aires. El encuentro audiovisual, respaldado por el cine argentino y la plataforma Netflix, seleccion\u00f3 14 proyectos a nivel nacional entre 150 propuestas presentadas de distintas provincias.<\/p>\n\n\n\n<p class=\"wp-block-paragraph\">El proyecto riojano consiste en una serie dram\u00e1tica titulada <em>\u00abAlcal\u00e1 camina hacia la cima\u00bb<\/em>, ideada por un equipo local integrado por Federico Minardi en la direcci\u00f3n, Giovanna Pereira en la producci\u00f3n y C\u00e9sar Minardi en el guion. La historia se gest\u00f3 tras culminar una diplomatura universitaria en guion cinematogr\u00e1fico impartida en la Universidad Nacional de Tres de Febrero (UNTREF).<\/p>\n\n\n\n<p class=\"wp-block-paragraph\"><strong>Una historia inspirada en vivencias locales y el boxeo<\/strong><\/p>\n\n\n\n<p class=\"wp-block-paragraph\">La serie toma como eje la historia de Alcal\u00e1, un joven que afronta problem\u00e1ticas contempor\u00e1neas como el bullying, la presi\u00f3n psicol\u00f3gica y la violencia juvenil. La trama utiliza el boxeo como un veh\u00edculo de superaci\u00f3n, resiliencia y disciplina, retratando tambi\u00e9n realidades de barrios populares riojanos basadas en vivencias de la infancia del director y en la figura de su abuelo, quien entrenaba a j\u00f3venes en el Barrio Parque Industrial.<\/p>\n\n\n\n<p class=\"wp-block-paragraph\">A trav\u00e9s del deporte, la ficci\u00f3n busca confrontar distintas realidades sociales en el marco de un campeonato provincial, mostrando personajes de diversos antecedentes que buscan su propia identidad y prop\u00f3sito.<\/p>\n\n\n\n<p class=\"wp-block-paragraph\"><strong>Presentaciones ante la industria y pr\u00f3ximos pasos<\/strong><\/p>\n\n\n\n<p class=\"wp-block-paragraph\">Durante la estad\u00eda en Buenos Aires, los realizadores mantuvieron rondas de presentaci\u00f3n (<em>pitching<\/em>) con importantes empresas e instituciones de la industria audiovisual internacional, entre las que figuran Netflix, HBO y productoras de gran escala como Kapow.<\/p>\n\n\n\n<p class=\"wp-block-paragraph\">Para esta instancia, el equipo t\u00e9cnico y art\u00edstico riojano desarroll\u00f3 un material audiovisual que incluy\u00f3 el rodaje de un tr\u00e1iler promocional. La filmaci\u00f3n requiri\u00f3 tres jornadas de trabajo en 14 locaciones locales \u2014entre ellas el Polideportivo y gimnasios\u2014 con la participaci\u00f3n de un equipo t\u00e9cnico riojano de m\u00e1s de 20 profesionales y cerca de 100 extras en escena.<\/p>\n\n\n\n<p class=\"wp-block-paragraph\">Actualmente, el proyecto atraviesa la etapa media de desarrollo, consistente en la escritura detallada de los guiones para los 10 episodios que compondr\u00e1n la primera temporada. De cumplir con los plazos previstos, el equipo estima encarar el rodaje y la posproducci\u00f3n en un plazo aproximado de un a\u00f1o.<\/p>\n\n\n\n<p class=\"wp-block-paragraph\">Asimismo, se anunci\u00f3 que pr\u00f3ximamente se realizar\u00e1 la presentaci\u00f3n oficial del tr\u00e1iler y una charla explicativa sobre comercializaci\u00f3n audiovisual destinada a estudiantes y realizadores locales en el Espacio 73 de la capital riojana.<\/p>\n\n\n\n<figure class=\"wp-block-embed is-type-video is-provider-youtube wp-block-embed-youtube wp-embed-aspect-16-9 wp-has-aspect-ratio\"><div class=\"wp-block-embed__wrapper\">\n<iframe title=\"MEDIOS PROVINCIA - AQUI Y AHORA 2026\" width=\"696\" height=\"392\" src=\"https:\/\/www.youtube.com\/embed\/G0mlRXTOnQE?feature=oembed\" frameborder=\"0\" allow=\"accelerometer; autoplay; clipboard-write; encrypted-media; gyroscope; picture-in-picture; web-share\" referrerpolicy=\"strict-origin-when-cross-origin\" allowfullscreen><\/iframe>\n<\/div><\/figure>\n","protected":false},"excerpt":{"rendered":"<p>La Rioja. En una entrevista brindada al programa Aqu\u00ed y Ahora de Medios Provincia, el director riojano Federico Minardi comparti\u00f3 los detalles de su reciente participaci\u00f3n en el Laboratorio Impulsar en la Ciudad de Buenos Aires. El encuentro audiovisual, respaldado por el cine argentino y la plataforma Netflix, seleccion\u00f3 14 proyectos a nivel nacional entre [&hellip;]<\/p>\n","protected":false},"author":2,"featured_media":97404,"comment_status":"open","ping_status":"open","sticky":false,"template":"","format":"standard","meta":{"tdm_status":"","tdm_grid_status":"","footnotes":""},"categories":[12],"tags":[],"class_list":["post-97401","post","type-post","status-publish","format-standard","has-post-thumbnail","category-local"],"featured_image_urls":{"full":["https:\/\/radiolarioja.com.ar\/rlr\/wp-content\/uploads\/2026\/09\/maxresdefault-5.jpg",1280,720,false],"thumbnail":["https:\/\/radiolarioja.com.ar\/rlr\/wp-content\/uploads\/2026\/09\/maxresdefault-5-150x150.jpg",150,150,true],"medium":["https:\/\/radiolarioja.com.ar\/rlr\/wp-content\/uploads\/2026\/09\/maxresdefault-5-300x169.jpg",300,169,true],"medium_large":["https:\/\/radiolarioja.com.ar\/rlr\/wp-content\/uploads\/2026\/09\/maxresdefault-5-768x432.jpg",696,392,true],"large":["https:\/\/radiolarioja.com.ar\/rlr\/wp-content\/uploads\/2026\/09\/maxresdefault-5-1024x576.jpg",696,392,true],"1536x1536":["https:\/\/radiolarioja.com.ar\/rlr\/wp-content\/uploads\/2026\/09\/maxresdefault-5.jpg",1280,720,false],"2048x2048":["https:\/\/radiolarioja.com.ar\/rlr\/wp-content\/uploads\/2026\/09\/maxresdefault-5.jpg",1280,720,false],"td_218x150":["https:\/\/radiolarioja.com.ar\/rlr\/wp-content\/uploads\/2026\/09\/maxresdefault-5-218x150.jpg",218,150,true],"td_324x400":["https:\/\/radiolarioja.com.ar\/rlr\/wp-content\/uploads\/2026\/09\/maxresdefault-5-324x400.jpg",324,400,true],"td_485x360":["https:\/\/radiolarioja.com.ar\/rlr\/wp-content\/uploads\/2026\/09\/maxresdefault-5-485x360.jpg",485,360,true],"td_696x0":["https:\/\/radiolarioja.com.ar\/rlr\/wp-content\/uploads\/2026\/09\/maxresdefault-5-696x392.jpg",696,392,true],"td_1068x0":["https:\/\/radiolarioja.com.ar\/rlr\/wp-content\/uploads\/2026\/09\/maxresdefault-5-1068x601.jpg",1068,601,true],"td_1920x0":["https:\/\/radiolarioja.com.ar\/rlr\/wp-content\/uploads\/2026\/09\/maxresdefault-5.jpg",1280,720,false],"td_0x420":["https:\/\/radiolarioja.com.ar\/rlr\/wp-content\/uploads\/2026\/09\/maxresdefault-5-747x420.jpg",747,420,true],"td_80x60":["https:\/\/radiolarioja.com.ar\/rlr\/wp-content\/uploads\/2026\/09\/maxresdefault-5-80x60.jpg",80,60,true],"td_100x70":["https:\/\/radiolarioja.com.ar\/rlr\/wp-content\/uploads\/2026\/09\/maxresdefault-5-100x70.jpg",100,70,true],"td_265x198":["https:\/\/radiolarioja.com.ar\/rlr\/wp-content\/uploads\/2026\/09\/maxresdefault-5-265x198.jpg",265,198,true],"td_324x160":["https:\/\/radiolarioja.com.ar\/rlr\/wp-content\/uploads\/2026\/09\/maxresdefault-5-324x160.jpg",324,160,true],"td_324x235":["https:\/\/radiolarioja.com.ar\/rlr\/wp-content\/uploads\/2026\/09\/maxresdefault-5-324x235.jpg",324,235,true],"td_356x220":["https:\/\/radiolarioja.com.ar\/rlr\/wp-content\/uploads\/2026\/09\/maxresdefault-5-356x220.jpg",356,220,true],"td_356x364":["https:\/\/radiolarioja.com.ar\/rlr\/wp-content\/uploads\/2026\/09\/maxresdefault-5-356x364.jpg",356,364,true],"td_533x261":["https:\/\/radiolarioja.com.ar\/rlr\/wp-content\/uploads\/2026\/09\/maxresdefault-5-533x261.jpg",533,261,true],"td_534x462":["https:\/\/radiolarioja.com.ar\/rlr\/wp-content\/uploads\/2026\/09\/maxresdefault-5-534x462.jpg",534,462,true],"td_696x385":["https:\/\/radiolarioja.com.ar\/rlr\/wp-content\/uploads\/2026\/09\/maxresdefault-5-696x385.jpg",696,385,true],"td_741x486":["https:\/\/radiolarioja.com.ar\/rlr\/wp-content\/uploads\/2026\/09\/maxresdefault-5-741x486.jpg",741,486,true],"td_1068x580":["https:\/\/radiolarioja.com.ar\/rlr\/wp-content\/uploads\/2026\/09\/maxresdefault-5-1068x580.jpg",1068,580,true]},"author_info":{"info":["RadioLaRioja"]},"category_info":"<a href=\"https:\/\/radiolarioja.com.ar\/rlr\/category\/local\/\" rel=\"category tag\">Local<\/a>","tag_info":"Local","comment_count":"0","_links":{"self":[{"href":"https:\/\/radiolarioja.com.ar\/rlr\/wp-json\/wp\/v2\/posts\/97401","targetHints":{"allow":["GET"]}}],"collection":[{"href":"https:\/\/radiolarioja.com.ar\/rlr\/wp-json\/wp\/v2\/posts"}],"about":[{"href":"https:\/\/radiolarioja.com.ar\/rlr\/wp-json\/wp\/v2\/types\/post"}],"author":[{"embeddable":true,"href":"https:\/\/radiolarioja.com.ar\/rlr\/wp-json\/wp\/v2\/users\/2"}],"replies":[{"embeddable":true,"href":"https:\/\/radiolarioja.com.ar\/rlr\/wp-json\/wp\/v2\/comments?post=97401"}],"version-history":[{"count":1,"href":"https:\/\/radiolarioja.com.ar\/rlr\/wp-json\/wp\/v2\/posts\/97401\/revisions"}],"predecessor-version":[{"id":97403,"href":"https:\/\/radiolarioja.com.ar\/rlr\/wp-json\/wp\/v2\/posts\/97401\/revisions\/97403"}],"wp:featuredmedia":[{"embeddable":true,"href":"https:\/\/radiolarioja.com.ar\/rlr\/wp-json\/wp\/v2\/media\/97404"}],"wp:attachment":[{"href":"https:\/\/radiolarioja.com.ar\/rlr\/wp-json\/wp\/v2\/media?parent=97401"}],"wp:term":[{"taxonomy":"category","embeddable":true,"href":"https:\/\/radiolarioja.com.ar\/rlr\/wp-json\/wp\/v2\/categories?post=97401"},{"taxonomy":"post_tag","embeddable":true,"href":"https:\/\/radiolarioja.com.ar\/rlr\/wp-json\/wp\/v2\/tags?post=97401"}],"curies":[{"name":"wp","href":"https:\/\/api.w.org\/{rel}","templated":true}]}}