{"id":97397,"date":"2026-09-02T00:08:23","date_gmt":"2026-09-02T03:08:23","guid":{"rendered":"https:\/\/radiolarioja.com.ar\/rlr\/?p=97397"},"modified":"2026-09-02T00:08:24","modified_gmt":"2026-09-02T03:08:24","slug":"denuncia-contra-el-gobierno-nacional-por-el-desvio-de-fondos-viales-la-justicia-federal-avanza-en-las-medidas-de-prueba","status":"publish","type":"post","link":"https:\/\/radiolarioja.com.ar\/rlr\/denuncia-contra-el-gobierno-nacional-por-el-desvio-de-fondos-viales-la-justicia-federal-avanza-en-las-medidas-de-prueba\/","title":{"rendered":"Denuncia contra el Gobierno Nacional por el desv\u00edo de fondos viales: la Justicia Federal avanza en las medidas de prueba"},"content":{"rendered":"\n<h1 class=\"wp-block-heading\">El Gobierno de la provincia de La Rioja impulsa la causa judicial contra las autoridades del Ejecutivo Nacional tras denunciar la retenci\u00f3n indebida y el desv\u00edo de los recursos correspondientes al Sistema Integral de Conservaci\u00f3n y Mantenimiento Vial de Rutas Nacionales (<strong>SISVIAL<\/strong>).<\/h1>\n\n\n\n<figure class=\"wp-block-embed is-type-video is-provider-youtube wp-block-embed-youtube wp-embed-aspect-16-9 wp-has-aspect-ratio\"><div class=\"wp-block-embed__wrapper\">\n<iframe title=\"MEDIOS PROVINCIA - AQUI Y AHORA 2026\" width=\"696\" height=\"392\" src=\"https:\/\/www.youtube.com\/embed\/5pTNdNhv8cE?feature=oembed\" frameborder=\"0\" allow=\"accelerometer; autoplay; clipboard-write; encrypted-media; gyroscope; picture-in-picture; web-share\" referrerpolicy=\"strict-origin-when-cross-origin\" allowfullscreen><\/iframe>\n<\/div><\/figure>\n\n\n\n<p class=\"wp-block-paragraph\">Seg\u00fan se precis\u00f3 en el \u00e1mbito judicial, la demanda penal tramita ante el Juzgado Federal N\u00b0 4 a cargo del juez Ariel Lijo, donde la provincia interviene en calidad de parte querellante representada por el gobernador Ricardo Quintela.<\/p>\n\n\n\n<h3 class=\"wp-block-heading\">Detalles del reclamo y la maniobra denunciada<\/h3>\n\n\n\n<ul class=\"wp-block-list\">\n<li class=\"\"><strong>Fondos con asignaci\u00f3n espec\u00edfica:<\/strong> Los recursos del SISVIAL se constituyen a partir de la recaudaci\u00f3n del impuesto a los combustibles y est\u00e1n legalmente destinados a la conservaci\u00f3n, obra e infraestructura de las rutas nacionales en las 24 jurisdicciones del pa\u00eds.<\/li>\n\n\n\n<li class=\"\"><strong>Presunta especulaci\u00f3n financiera:<\/strong> Desde la querella provincial se\u00f1alan que mediante decretos el Ministerio de Econom\u00eda asumi\u00f3 el control exclusivo de estas partidas. Se denunci\u00f3 que, en lugar de ser remitidos a las provincias, los fondos habr\u00edan sido derivados a la adquisici\u00f3n de t\u00edtulos de deuda p\u00fablica y a dep\u00f3sitos a plazo fijo.<\/li>\n\n\n\n<li class=\"\"><strong>Imputaciones planteadas:<\/strong> La presentaci\u00f3n judicial advierte sobre la posible configuraci\u00f3n de delitos como incumplimiento de los deberes de funcionario p\u00fablico, abuso de autoridad y negociaciones incompatibles con el ejercicio de la funci\u00f3n p\u00fablica.<\/li>\n<\/ul>\n\n\n\n<h3 class=\"wp-block-heading\">Avances en la investigaci\u00f3n y estado de las rutas<\/h3>\n\n\n\n<ol start=\"1\" class=\"wp-block-list\">\n<li class=\"\"><strong>Requerimientos judiciales:<\/strong> El juez interviniente emiti\u00f3 oficios emplazando al Ministerio de Econom\u00eda, la Jefatura de Gabinete, la Direcci\u00f3n Nacional de Vialidad, la Auditor\u00eda General de la Naci\u00f3n (AGN) y la Sindicatura General de la Naci\u00f3n (SIGEN) para que rindan informes detallados sobre la ejecuci\u00f3n presupuestaria.<\/li>\n\n\n\n<li class=\"\"><strong>Impacto local:<\/strong> Desde la representaci\u00f3n legal de la provincia sostuvieron que La Rioja no ha recibido partidas para la conservaci\u00f3n y mantenimiento de rutas nacionales desde diciembre de 2023, situaci\u00f3n que gener\u00f3 un marcado deterioro en la red vial.<\/li>\n\n\n\n<li class=\"\"><strong>Informes definitivos:<\/strong> Con la incorporaci\u00f3n de las respuestas oficiales al expediente, la querella provincial podr\u00e1 verificar los montos precisos retenidos por la Naci\u00f3n a cada distrito y evaluar el llamado a declaraci\u00f3n indagatoria de los funcionarios denunciados.<\/li>\n<\/ol>\n\n\n\n<p class=\"wp-block-paragraph\">Para m\u00e1s detalles, puedes acceder a la cobertura original a trav\u00e9s del <a target=\"_blank\" rel=\"noopener\" href=\"http:\/\/www.youtube.com\/watch?v=5pTNdNhv8cE\">video publicado por Medios Provincia<\/a><\/p>\n\n\n\n<p class=\"wp-block-paragraph\">.<\/p>\n","protected":false},"excerpt":{"rendered":"<p>El Gobierno de la provincia de La Rioja impulsa la causa judicial contra las autoridades del Ejecutivo Nacional tras denunciar la retenci\u00f3n indebida y el desv\u00edo de los recursos correspondientes al Sistema Integral de Conservaci\u00f3n y Mantenimiento Vial de Rutas Nacionales (SISVIAL). Seg\u00fan se precis\u00f3 en el \u00e1mbito judicial, la demanda penal tramita ante el [&hellip;]<\/p>\n","protected":false},"author":2,"featured_media":97400,"comment_status":"open","ping_status":"open","sticky":false,"template":"","format":"standard","meta":{"tdm_status":"","tdm_grid_status":"","footnotes":""},"categories":[12],"tags":[],"class_list":["post-97397","post","type-post","status-publish","format-standard","has-post-thumbnail","category-local"],"featured_image_urls":{"full":["https:\/\/radiolarioja.com.ar\/rlr\/wp-content\/uploads\/2026\/09\/maxresdefault-4.jpg",1280,720,false],"thumbnail":["https:\/\/radiolarioja.com.ar\/rlr\/wp-content\/uploads\/2026\/09\/maxresdefault-4-150x150.jpg",150,150,true],"medium":["https:\/\/radiolarioja.com.ar\/rlr\/wp-content\/uploads\/2026\/09\/maxresdefault-4-300x169.jpg",300,169,true],"medium_large":["https:\/\/radiolarioja.com.ar\/rlr\/wp-content\/uploads\/2026\/09\/maxresdefault-4-768x432.jpg",696,392,true],"large":["https:\/\/radiolarioja.com.ar\/rlr\/wp-content\/uploads\/2026\/09\/maxresdefault-4-1024x576.jpg",696,392,true],"1536x1536":["https:\/\/radiolarioja.com.ar\/rlr\/wp-content\/uploads\/2026\/09\/maxresdefault-4.jpg",1280,720,false],"2048x2048":["https:\/\/radiolarioja.com.ar\/rlr\/wp-content\/uploads\/2026\/09\/maxresdefault-4.jpg",1280,720,false],"td_218x150":["https:\/\/radiolarioja.com.ar\/rlr\/wp-content\/uploads\/2026\/09\/maxresdefault-4-218x150.jpg",218,150,true],"td_324x400":["https:\/\/radiolarioja.com.ar\/rlr\/wp-content\/uploads\/2026\/09\/maxresdefault-4-324x400.jpg",324,400,true],"td_485x360":["https:\/\/radiolarioja.com.ar\/rlr\/wp-content\/uploads\/2026\/09\/maxresdefault-4-485x360.jpg",485,360,true],"td_696x0":["https:\/\/radiolarioja.com.ar\/rlr\/wp-content\/uploads\/2026\/09\/maxresdefault-4-696x392.jpg",696,392,true],"td_1068x0":["https:\/\/radiolarioja.com.ar\/rlr\/wp-content\/uploads\/2026\/09\/maxresdefault-4-1068x601.jpg",1068,601,true],"td_1920x0":["https:\/\/radiolarioja.com.ar\/rlr\/wp-content\/uploads\/2026\/09\/maxresdefault-4.jpg",1280,720,false],"td_0x420":["https:\/\/radiolarioja.com.ar\/rlr\/wp-content\/uploads\/2026\/09\/maxresdefault-4-747x420.jpg",747,420,true],"td_80x60":["https:\/\/radiolarioja.com.ar\/rlr\/wp-content\/uploads\/2026\/09\/maxresdefault-4-80x60.jpg",80,60,true],"td_100x70":["https:\/\/radiolarioja.com.ar\/rlr\/wp-content\/uploads\/2026\/09\/maxresdefault-4-100x70.jpg",100,70,true],"td_265x198":["https:\/\/radiolarioja.com.ar\/rlr\/wp-content\/uploads\/2026\/09\/maxresdefault-4-265x198.jpg",265,198,true],"td_324x160":["https:\/\/radiolarioja.com.ar\/rlr\/wp-content\/uploads\/2026\/09\/maxresdefault-4-324x160.jpg",324,160,true],"td_324x235":["https:\/\/radiolarioja.com.ar\/rlr\/wp-content\/uploads\/2026\/09\/maxresdefault-4-324x235.jpg",324,235,true],"td_356x220":["https:\/\/radiolarioja.com.ar\/rlr\/wp-content\/uploads\/2026\/09\/maxresdefault-4-356x220.jpg",356,220,true],"td_356x364":["https:\/\/radiolarioja.com.ar\/rlr\/wp-content\/uploads\/2026\/09\/maxresdefault-4-356x364.jpg",356,364,true],"td_533x261":["https:\/\/radiolarioja.com.ar\/rlr\/wp-content\/uploads\/2026\/09\/maxresdefault-4-533x261.jpg",533,261,true],"td_534x462":["https:\/\/radiolarioja.com.ar\/rlr\/wp-content\/uploads\/2026\/09\/maxresdefault-4-534x462.jpg",534,462,true],"td_696x385":["https:\/\/radiolarioja.com.ar\/rlr\/wp-content\/uploads\/2026\/09\/maxresdefault-4-696x385.jpg",696,385,true],"td_741x486":["https:\/\/radiolarioja.com.ar\/rlr\/wp-content\/uploads\/2026\/09\/maxresdefault-4-741x486.jpg",741,486,true],"td_1068x580":["https:\/\/radiolarioja.com.ar\/rlr\/wp-content\/uploads\/2026\/09\/maxresdefault-4-1068x580.jpg",1068,580,true]},"author_info":{"info":["RadioLaRioja"]},"category_info":"<a href=\"https:\/\/radiolarioja.com.ar\/rlr\/category\/local\/\" rel=\"category tag\">Local<\/a>","tag_info":"Local","comment_count":"0","_links":{"self":[{"href":"https:\/\/radiolarioja.com.ar\/rlr\/wp-json\/wp\/v2\/posts\/97397","targetHints":{"allow":["GET"]}}],"collection":[{"href":"https:\/\/radiolarioja.com.ar\/rlr\/wp-json\/wp\/v2\/posts"}],"about":[{"href":"https:\/\/radiolarioja.com.ar\/rlr\/wp-json\/wp\/v2\/types\/post"}],"author":[{"embeddable":true,"href":"https:\/\/radiolarioja.com.ar\/rlr\/wp-json\/wp\/v2\/users\/2"}],"replies":[{"embeddable":true,"href":"https:\/\/radiolarioja.com.ar\/rlr\/wp-json\/wp\/v2\/comments?post=97397"}],"version-history":[{"count":1,"href":"https:\/\/radiolarioja.com.ar\/rlr\/wp-json\/wp\/v2\/posts\/97397\/revisions"}],"predecessor-version":[{"id":97399,"href":"https:\/\/radiolarioja.com.ar\/rlr\/wp-json\/wp\/v2\/posts\/97397\/revisions\/97399"}],"wp:featuredmedia":[{"embeddable":true,"href":"https:\/\/radiolarioja.com.ar\/rlr\/wp-json\/wp\/v2\/media\/97400"}],"wp:attachment":[{"href":"https:\/\/radiolarioja.com.ar\/rlr\/wp-json\/wp\/v2\/media?parent=97397"}],"wp:term":[{"taxonomy":"category","embeddable":true,"href":"https:\/\/radiolarioja.com.ar\/rlr\/wp-json\/wp\/v2\/categories?post=97397"},{"taxonomy":"post_tag","embeddable":true,"href":"https:\/\/radiolarioja.com.ar\/rlr\/wp-json\/wp\/v2\/tags?post=97397"}],"curies":[{"name":"wp","href":"https:\/\/api.w.org\/{rel}","templated":true}]}}