{"id":97392,"date":"2026-09-01T23:59:36","date_gmt":"2026-09-02T02:59:36","guid":{"rendered":"https:\/\/radiolarioja.com.ar\/rlr\/?p=97392"},"modified":"2026-09-01T23:59:37","modified_gmt":"2026-09-02T02:59:37","slug":"el-pj-de-santiago-del-estero-convoco-a-internas-para-marzo-y-neder-ratifico-la-unidad-del-peronismo","status":"publish","type":"post","link":"https:\/\/radiolarioja.com.ar\/rlr\/el-pj-de-santiago-del-estero-convoco-a-internas-para-marzo-y-neder-ratifico-la-unidad-del-peronismo\/","title":{"rendered":"El PJ de Santiago del Estero convoc\u00f3 a internas para marzo y Neder ratific\u00f3 la unidad del peronismo"},"content":{"rendered":"\n<h1 class=\"wp-block-heading\">El presidente del Partido Justicialista de Santiago del Estero y senador nacional, <strong>Jos\u00e9 Emilio Neder<\/strong>, anunci\u00f3 oficialmente en una entrevista brindada a <em>Canal 7 Santiago del Estero<\/em> la convocatoria a <strong>elecciones internas partidarias para el pr\u00f3ximo 7 de marzo<\/strong>.<\/h1>\n\n\n\n<p class=\"wp-block-paragraph\">Durante la entrevista televisiva, el dirigente brind\u00f3 detalles sobre el calendario electoral del PJ, analiz\u00f3 la situaci\u00f3n econ\u00f3mica del pa\u00eds, cuestion\u00f3 con dureza las pol\u00edticas del Gobierno nacional y dio proyecciones de cara al reordenamiento del peronismo a nivel nacional.<\/p>\n\n\n\n<h3 class=\"wp-block-heading\"><strong>Convocatoria a elecciones internas y padr\u00f3n r\u00e9cord<\/strong><\/h3>\n\n\n\n<p class=\"wp-block-paragraph\">El titular del PJ santiague\u00f1o explic\u00f3 que la oficializaci\u00f3n del cronograma se debe a la log\u00edstica que requiere el proceso institucional:<\/p>\n\n\n\n<ul class=\"wp-block-list\">\n<li class=\"\"><strong>Tr\u00e1mites y plazos:<\/strong> Implica actualizar periodos de afiliaci\u00f3n, presentaci\u00f3n de listas, avales de veedores federales y la aprobaci\u00f3n judicial.<\/li>\n\n\n\n<li class=\"\"><strong>Representatividad partidaria:<\/strong> Neder destac\u00f3 que la provincia de Santiago del Estero cuenta con m\u00e1s de <strong>232.000 afiliados<\/strong> al PJ, representando m\u00e1s del 30% del padr\u00f3n electoral provincial, lo que la posiciona como la jurisdicci\u00f3n con mayor proporci\u00f3n de afiliados respecto a su padr\u00f3n en toda la Argentina.<\/li>\n\n\n\n<li class=\"\"><strong>Militancia territorial:<\/strong> Atribuy\u00f3 este fen\u00f3meno a la renovaci\u00f3n peri\u00f3dica de autoridades cada cuatro a\u00f1os y al trabajo constante en territorio.<\/li>\n<\/ul>\n\n\n\n<h3 class=\"wp-block-heading\"><strong>Fuerte cr\u00edtica al escenario econ\u00f3mico y social<\/strong><\/h3>\n\n\n\n<p class=\"wp-block-paragraph\">En su rol de senador nacional por la minor\u00eda, Neder fue contundente sobre las pol\u00edticas econ\u00f3micas implementadas por la gesti\u00f3n nacional:<\/p>\n\n\n\n<ul class=\"wp-block-list\">\n<li class=\"\"><strong>Impacto distributivo:<\/strong> Sostuvo que medidas como el DNU 70 y la Ley Bases han afectado de forma directa a la clase media y a los sectores m\u00e1s vulnerables.<\/li>\n\n\n\n<li class=\"\"><strong>Crisis laboral e industrial:<\/strong> Advirti\u00f3 sobre el cierre de pymes y la p\u00e9rdida de puestos de trabajo motivados por la p\u00e9rdida del poder adquisitivo y el incremento de costos.<\/li>\n\n\n\n<li class=\"\"><strong>Problema del endeudamiento:<\/strong> Expres\u00f3 su preocupaci\u00f3n ante el crecimiento de la morosidad bancaria y el endeudamiento de las familias mediante tarjetas de cr\u00e9dito de servicios no bancarizados, se\u00f1alando que desde su bloque impulsan iniciativas contra los cobros abusivos.<\/li>\n<\/ul>\n\n\n\n<h3 class=\"wp-block-heading\"><strong>Reordenamiento pol\u00edtico del peronismo nacional<\/strong><\/h3>\n\n\n\n<p class=\"wp-block-paragraph\">Al ser consultado sobre el futuro del movimiento y los consensos entre referentes pol\u00edticos nacionales, Neder enfatiz\u00f3:<\/p>\n\n\n\n<ul class=\"wp-block-list\">\n<li class=\"\"><strong>Mesa de debate unificada:<\/strong> Destac\u00f3 la reciente reuni\u00f3n de dirigentes de peso como Sergio Massa, M\u00e1ximo Kirchner, Axel Kicillof y Gerardo Zamora, considerando que el peronismo est\u00e1 trabajando en una plataforma unificada.<\/li>\n\n\n\n<li class=\"\"><strong>Liderazgos e internas:<\/strong> Afirm\u00f3 que el partido se encolumnar\u00e1 detr\u00e1s de quien resulte ganador de una eventual interna o del candidato que surja del consenso de las estructuras partidarias.<\/li>\n\n\n\n<li class=\"\"><strong>El rol de Cristina Kirchner:<\/strong> Asegur\u00f3 que la expresidenta sigue siendo una dirigente fundamental cuyo an\u00e1lisis y consideraci\u00f3n ser\u00e1n clave en las definiciones pol\u00edticas del movimiento.<\/li>\n<\/ul>\n\n\n\n<p class=\"wp-block-paragraph\">Para finalizar, Neder agradeci\u00f3 el acompa\u00f1amiento de la militancia de su provincia y remarc\u00f3 la importancia de consolidar una alternativa opositora centrada en la defensa del trabajo, la producci\u00f3n nacional y el federalismo.<\/p>\n\n\n\n<figure class=\"wp-block-embed is-type-video is-provider-youtube wp-block-embed-youtube wp-embed-aspect-16-9 wp-has-aspect-ratio\"><div class=\"wp-block-embed__wrapper\">\n<iframe title=\"&quot;El peronismo no necesita decirle mucho a la gente, ha construido una historia hermosa en este pa\u00eds&quot;\" width=\"696\" height=\"392\" src=\"https:\/\/www.youtube.com\/embed\/5-8nQralnOI?feature=oembed\" frameborder=\"0\" allow=\"accelerometer; autoplay; clipboard-write; encrypted-media; gyroscope; picture-in-picture; web-share\" referrerpolicy=\"strict-origin-when-cross-origin\" allowfullscreen><\/iframe>\n<\/div><\/figure>\n","protected":false},"excerpt":{"rendered":"<p>El presidente del Partido Justicialista de Santiago del Estero y senador nacional, Jos\u00e9 Emilio Neder, anunci\u00f3 oficialmente en una entrevista brindada a Canal 7 Santiago del Estero la convocatoria a elecciones internas partidarias para el pr\u00f3ximo 7 de marzo. Durante la entrevista televisiva, el dirigente brind\u00f3 detalles sobre el calendario electoral del PJ, analiz\u00f3 la [&hellip;]<\/p>\n","protected":false},"author":2,"featured_media":97395,"comment_status":"open","ping_status":"open","sticky":false,"template":"","format":"standard","meta":{"tdm_status":"","tdm_grid_status":"","footnotes":""},"categories":[18],"tags":[],"class_list":["post-97392","post","type-post","status-publish","format-standard","has-post-thumbnail","category-politica"],"featured_image_urls":{"full":["https:\/\/radiolarioja.com.ar\/rlr\/wp-content\/uploads\/2026\/09\/maxresdefault-3.jpg",1280,720,false],"thumbnail":["https:\/\/radiolarioja.com.ar\/rlr\/wp-content\/uploads\/2026\/09\/maxresdefault-3-150x150.jpg",150,150,true],"medium":["https:\/\/radiolarioja.com.ar\/rlr\/wp-content\/uploads\/2026\/09\/maxresdefault-3-300x169.jpg",300,169,true],"medium_large":["https:\/\/radiolarioja.com.ar\/rlr\/wp-content\/uploads\/2026\/09\/maxresdefault-3-768x432.jpg",696,392,true],"large":["https:\/\/radiolarioja.com.ar\/rlr\/wp-content\/uploads\/2026\/09\/maxresdefault-3-1024x576.jpg",696,392,true],"1536x1536":["https:\/\/radiolarioja.com.ar\/rlr\/wp-content\/uploads\/2026\/09\/maxresdefault-3.jpg",1280,720,false],"2048x2048":["https:\/\/radiolarioja.com.ar\/rlr\/wp-content\/uploads\/2026\/09\/maxresdefault-3.jpg",1280,720,false],"td_218x150":["https:\/\/radiolarioja.com.ar\/rlr\/wp-content\/uploads\/2026\/09\/maxresdefault-3-218x150.jpg",218,150,true],"td_324x400":["https:\/\/radiolarioja.com.ar\/rlr\/wp-content\/uploads\/2026\/09\/maxresdefault-3-324x400.jpg",324,400,true],"td_485x360":["https:\/\/radiolarioja.com.ar\/rlr\/wp-content\/uploads\/2026\/09\/maxresdefault-3-485x360.jpg",485,360,true],"td_696x0":["https:\/\/radiolarioja.com.ar\/rlr\/wp-content\/uploads\/2026\/09\/maxresdefault-3-696x392.jpg",696,392,true],"td_1068x0":["https:\/\/radiolarioja.com.ar\/rlr\/wp-content\/uploads\/2026\/09\/maxresdefault-3-1068x601.jpg",1068,601,true],"td_1920x0":["https:\/\/radiolarioja.com.ar\/rlr\/wp-content\/uploads\/2026\/09\/maxresdefault-3.jpg",1280,720,false],"td_0x420":["https:\/\/radiolarioja.com.ar\/rlr\/wp-content\/uploads\/2026\/09\/maxresdefault-3-747x420.jpg",747,420,true],"td_80x60":["https:\/\/radiolarioja.com.ar\/rlr\/wp-content\/uploads\/2026\/09\/maxresdefault-3-80x60.jpg",80,60,true],"td_100x70":["https:\/\/radiolarioja.com.ar\/rlr\/wp-content\/uploads\/2026\/09\/maxresdefault-3-100x70.jpg",100,70,true],"td_265x198":["https:\/\/radiolarioja.com.ar\/rlr\/wp-content\/uploads\/2026\/09\/maxresdefault-3-265x198.jpg",265,198,true],"td_324x160":["https:\/\/radiolarioja.com.ar\/rlr\/wp-content\/uploads\/2026\/09\/maxresdefault-3-324x160.jpg",324,160,true],"td_324x235":["https:\/\/radiolarioja.com.ar\/rlr\/wp-content\/uploads\/2026\/09\/maxresdefault-3-324x235.jpg",324,235,true],"td_356x220":["https:\/\/radiolarioja.com.ar\/rlr\/wp-content\/uploads\/2026\/09\/maxresdefault-3-356x220.jpg",356,220,true],"td_356x364":["https:\/\/radiolarioja.com.ar\/rlr\/wp-content\/uploads\/2026\/09\/maxresdefault-3-356x364.jpg",356,364,true],"td_533x261":["https:\/\/radiolarioja.com.ar\/rlr\/wp-content\/uploads\/2026\/09\/maxresdefault-3-533x261.jpg",533,261,true],"td_534x462":["https:\/\/radiolarioja.com.ar\/rlr\/wp-content\/uploads\/2026\/09\/maxresdefault-3-534x462.jpg",534,462,true],"td_696x385":["https:\/\/radiolarioja.com.ar\/rlr\/wp-content\/uploads\/2026\/09\/maxresdefault-3-696x385.jpg",696,385,true],"td_741x486":["https:\/\/radiolarioja.com.ar\/rlr\/wp-content\/uploads\/2026\/09\/maxresdefault-3-741x486.jpg",741,486,true],"td_1068x580":["https:\/\/radiolarioja.com.ar\/rlr\/wp-content\/uploads\/2026\/09\/maxresdefault-3-1068x580.jpg",1068,580,true]},"author_info":{"info":["RadioLaRioja"]},"category_info":"<a href=\"https:\/\/radiolarioja.com.ar\/rlr\/category\/politica\/\" rel=\"category tag\">Pol\u00edtica<\/a>","tag_info":"Pol\u00edtica","comment_count":"0","_links":{"self":[{"href":"https:\/\/radiolarioja.com.ar\/rlr\/wp-json\/wp\/v2\/posts\/97392","targetHints":{"allow":["GET"]}}],"collection":[{"href":"https:\/\/radiolarioja.com.ar\/rlr\/wp-json\/wp\/v2\/posts"}],"about":[{"href":"https:\/\/radiolarioja.com.ar\/rlr\/wp-json\/wp\/v2\/types\/post"}],"author":[{"embeddable":true,"href":"https:\/\/radiolarioja.com.ar\/rlr\/wp-json\/wp\/v2\/users\/2"}],"replies":[{"embeddable":true,"href":"https:\/\/radiolarioja.com.ar\/rlr\/wp-json\/wp\/v2\/comments?post=97392"}],"version-history":[{"count":1,"href":"https:\/\/radiolarioja.com.ar\/rlr\/wp-json\/wp\/v2\/posts\/97392\/revisions"}],"predecessor-version":[{"id":97394,"href":"https:\/\/radiolarioja.com.ar\/rlr\/wp-json\/wp\/v2\/posts\/97392\/revisions\/97394"}],"wp:featuredmedia":[{"embeddable":true,"href":"https:\/\/radiolarioja.com.ar\/rlr\/wp-json\/wp\/v2\/media\/97395"}],"wp:attachment":[{"href":"https:\/\/radiolarioja.com.ar\/rlr\/wp-json\/wp\/v2\/media?parent=97392"}],"wp:term":[{"taxonomy":"category","embeddable":true,"href":"https:\/\/radiolarioja.com.ar\/rlr\/wp-json\/wp\/v2\/categories?post=97392"},{"taxonomy":"post_tag","embeddable":true,"href":"https:\/\/radiolarioja.com.ar\/rlr\/wp-json\/wp\/v2\/tags?post=97392"}],"curies":[{"name":"wp","href":"https:\/\/api.w.org\/{rel}","templated":true}]}}