{"id":97388,"date":"2026-09-01T22:53:57","date_gmt":"2026-09-02T01:53:57","guid":{"rendered":"https:\/\/radiolarioja.com.ar\/rlr\/?p=97388"},"modified":"2026-09-01T22:54:00","modified_gmt":"2026-09-02T01:54:00","slug":"el-gobierno-anuncio-una-cadena-nacional-sobre-malvinas-para-el-jueves-y-una-mejora-salarial-para-las-fuerzas-armadas","status":"publish","type":"post","link":"https:\/\/radiolarioja.com.ar\/rlr\/el-gobierno-anuncio-una-cadena-nacional-sobre-malvinas-para-el-jueves-y-una-mejora-salarial-para-las-fuerzas-armadas\/","title":{"rendered":"El Gobierno anunci\u00f3 una cadena nacional sobre Malvinas para el Jueves y una mejora salarial para las Fuerzas Armadas"},"content":{"rendered":"\n<p class=\"wp-block-paragraph\">El vocero presidencial encabez\u00f3 este mediod\u00eda la conferencia de prensa semanal en Casa Rosada, donde repas\u00f3 anuncios en materia de econom\u00eda, justicia, salud, turismo y defensa, y confirm\u00f3 que el jueves a las 21 horas el presidente Javier Milei brindar\u00e1 un mensaje por cadena nacional sobre la cuesti\u00f3n Malvinas.<\/p>\n\n\n\n<h2 class=\"wp-block-heading\">Cadena nacional por Malvinas<\/h2>\n\n\n\n<p class=\"wp-block-paragraph\">El vocero inform\u00f3 que el mensaje presidencial est\u00e1 siendo elaborado junto al canciller Pablo Quirno y la Secretar\u00eda de Inteligencia del Estado, aunque evit\u00f3 adelantar contenidos. Ante la insistencia de la prensa sobre el trasfondo del anuncio \u2014incluida la posibilidad de un llamado con Donald Trump o un rol de Estados Unidos como facilitador con el Reino Unido\u2014, el funcionario se limit\u00f3 a remarcar que \u00ablas Malvinas son argentinas\u00bb y que el tema es una prioridad para el Gobierno, sin ofrecer precisiones adicionales.<\/p>\n\n\n\n<h2 class=\"wp-block-heading\">Empleo y cr\u00e9ditos hipotecarios<\/h2>\n\n\n\n<p class=\"wp-block-paragraph\">El vocero cit\u00f3 datos del INDEC correspondientes al primer trimestre de 2026, que registraron 22,9 millones de puestos de trabajo, 510.000 m\u00e1s que en el mismo per\u00edodo de 2023, un crecimiento que atribuy\u00f3 al sector privado.<\/p>\n\n\n\n<p class=\"wp-block-paragraph\">En materia de vivienda, destac\u00f3 el mecanismo anunciado por el ministro Luis Caputo para cr\u00e9ditos hipotecarios: a trav\u00e9s del Fondo de Garant\u00eda de Sustentabilidad (FGS), se licitar\u00e1n plazos fijos a bancos a 1 y 5 a\u00f1os para que estos otorguen pr\u00e9stamos a una tasa que no podr\u00e1 superar UVA + 7,5%, con un plazo m\u00ednimo de 15 a\u00f1os y un tope de 150.000 UVA por cr\u00e9dito. La medida permitir\u00eda que 18.000 familias accedan a su primera vivienda. El funcionario subray\u00f3 que en este esquema el riesgo crediticio queda en manos de los bancos y no del FGS.<\/p>\n\n\n\n<h2 class=\"wp-block-heading\">Justicia: avance del sistema acusatorio<\/h2>\n\n\n\n<p class=\"wp-block-paragraph\">El C\u00f3digo Procesal Penal Federal entr\u00f3 en vigencia la semana pasada en el Distrito Federal de Posadas, Misiones, con lo que el nuevo sistema ya alcanza al 65% del pa\u00eds, en 10 distritos federales y 17 provincias. El vocero anticip\u00f3 que en los pr\u00f3ximos meses se implementar\u00e1 en La Plata y en los fueros econ\u00f3mico y penal de la Ciudad de Buenos Aires y C\u00f3rdoba.<\/p>\n\n\n\n<h2 class=\"wp-block-heading\">Salud: cobro a extranjeros no residentes<\/h2>\n\n\n\n<p class=\"wp-block-paragraph\">El Gobierno ampli\u00f3 a los hospitales SAMIC de gesti\u00f3n compartida \u2014entre ellos el Bicentenario de Esteban Echeverr\u00eda, el Garrahan, y los N\u00e9stor Kirchner de Florencio Varela y de La Matanza\u2014 la resoluci\u00f3n que dispone el cobro de atenci\u00f3n m\u00e9dica a extranjeros no residentes, salvo en casos de riesgo de vida.<\/p>\n\n\n\n<h2 class=\"wp-block-heading\">Turismo y deporte<\/h2>\n\n\n\n<p class=\"wp-block-paragraph\">El vocero resalt\u00f3 gestiones para traer de regreso la F\u00f3rmula 1 a la Argentina, con reuniones del secretario de Turismo, Ambiente y Deporte, Daniel Scioli, con autoridades del automovilismo en Brasil, adem\u00e1s de la expectativa de recuperar una fecha de MotoGP y organizar un rally mundial en C\u00f3rdoba. Tambi\u00e9n mencion\u00f3 los pr\u00f3ximos Juegos Sudamericanos en Rosario, Rafaela y Santa Fe, y la serie de Copa Davis entre Argentina y Turqu\u00eda en Neuqu\u00e9n.<\/p>\n\n\n\n<p class=\"wp-block-paragraph\">Seg\u00fan el INDEC, en julio ingresaron 466.200 turistas internacionales, un 9% m\u00e1s que en igual mes de 2025, mientras que en lo que va de 2026 la llegada de turistas creci\u00f3 7,6% y la salida de argentinos al exterior cay\u00f3 13%.<\/p>\n\n\n\n<h2 class=\"wp-block-heading\">Defensa: aumento salarial<\/h2>\n\n\n\n<p class=\"wp-block-paragraph\">El Gobierno otorgar\u00e1 una mejora salarial del 12,22% para las Fuerzas Armadas, que se aplicar\u00e1 de forma escalonada: un primer tramo del 6,9% este mes y el resto hasta diciembre. El incremento alcanzar\u00e1 a todo el personal, sin distinci\u00f3n de grado, y tambi\u00e9n a los retirados.<\/p>\n\n\n\n<h2 class=\"wp-block-heading\">Preguntas de la prensa<\/h2>\n\n\n\n<p class=\"wp-block-paragraph\">Durante la ronda de consultas, periodistas acreditados en Casa Rosada plantearon la denuncia por una presunta intrusi\u00f3n en la sala de prensa, de la que el vocero ley\u00f3 un comunicado oficial: se abri\u00f3 una causa judicial y un sumario interno de la Casa Militar, tras la sustracci\u00f3n de algunos elementos menores. El funcionario se comprometi\u00f3 a revisar el protocolo de acceso a la llave de la sala.<\/p>\n\n\n\n<p class=\"wp-block-paragraph\">Tambi\u00e9n fue consultado por los dichos de un funcionario de comunicaci\u00f3n digital sobre las inundaciones en Nepal, que motivaron una protesta de la embajada china; el vocero respondi\u00f3 que el Gobierno solo se expresa a trav\u00e9s de sus cuentas oficiales y que no hubo un pronunciamiento oficial al respecto.<\/p>\n\n\n\n<p class=\"wp-block-paragraph\">Sobre la pr\u00f3xima visita del Papa a la Argentina \u2014la primera en 39 a\u00f1os\u2014, indic\u00f3 que los detalles se conocer\u00e1n m\u00e1s adelante y que la vicepresidenta Victoria Villarroel cumplir\u00e1 el rol institucional que le corresponda como tal, sin ser parte del Gobierno.<\/p>\n\n\n\n<p class=\"wp-block-paragraph\">Finalmente, ante preguntas sobre jubilaciones, tarifas y salarios estatales, el vocero explic\u00f3 que el FGS es un fondo distinto al del sistema previsional y que su uso para cr\u00e9ditos hipotecarios no implica riesgo para ese capital, y defendi\u00f3 la trayectoria econ\u00f3mica del Gobierno citando mejoras en salarios reales, exportaciones e inflaci\u00f3n.<\/p>\n\n\n\n<figure class=\"wp-block-embed is-type-video is-provider-youtube wp-block-embed-youtube wp-embed-aspect-16-9 wp-has-aspect-ratio\"><div class=\"wp-block-embed__wrapper\">\n<iframe title=\"Conferencia de prensa #10 | Adrian Ravier - 01.09.2026\" width=\"696\" height=\"392\" src=\"https:\/\/www.youtube.com\/embed\/keLDw3eWX-c?feature=oembed\" frameborder=\"0\" allow=\"accelerometer; autoplay; clipboard-write; encrypted-media; gyroscope; picture-in-picture; web-share\" referrerpolicy=\"strict-origin-when-cross-origin\" allowfullscreen><\/iframe>\n<\/div><\/figure>\n","protected":false},"excerpt":{"rendered":"<p>El vocero presidencial encabez\u00f3 este mediod\u00eda la conferencia de prensa semanal en Casa Rosada, donde repas\u00f3 anuncios en materia de econom\u00eda, justicia, salud, turismo y defensa, y confirm\u00f3 que el jueves a las 21 horas el presidente Javier Milei brindar\u00e1 un mensaje por cadena nacional sobre la cuesti\u00f3n Malvinas. Cadena nacional por Malvinas El vocero [&hellip;]<\/p>\n","protected":false},"author":2,"featured_media":97391,"comment_status":"open","ping_status":"open","sticky":false,"template":"","format":"standard","meta":{"tdm_status":"","tdm_grid_status":"","footnotes":""},"categories":[15],"tags":[],"class_list":["post-97388","post","type-post","status-publish","format-standard","has-post-thumbnail","category-nacional"],"featured_image_urls":{"full":["https:\/\/radiolarioja.com.ar\/rlr\/wp-content\/uploads\/2026\/09\/maxresdefault-1.jpg",1280,720,false],"thumbnail":["https:\/\/radiolarioja.com.ar\/rlr\/wp-content\/uploads\/2026\/09\/maxresdefault-1-150x150.jpg",150,150,true],"medium":["https:\/\/radiolarioja.com.ar\/rlr\/wp-content\/uploads\/2026\/09\/maxresdefault-1-300x169.jpg",300,169,true],"medium_large":["https:\/\/radiolarioja.com.ar\/rlr\/wp-content\/uploads\/2026\/09\/maxresdefault-1-768x432.jpg",696,392,true],"large":["https:\/\/radiolarioja.com.ar\/rlr\/wp-content\/uploads\/2026\/09\/maxresdefault-1-1024x576.jpg",696,392,true],"1536x1536":["https:\/\/radiolarioja.com.ar\/rlr\/wp-content\/uploads\/2026\/09\/maxresdefault-1.jpg",1280,720,false],"2048x2048":["https:\/\/radiolarioja.com.ar\/rlr\/wp-content\/uploads\/2026\/09\/maxresdefault-1.jpg",1280,720,false],"td_218x150":["https:\/\/radiolarioja.com.ar\/rlr\/wp-content\/uploads\/2026\/09\/maxresdefault-1-218x150.jpg",218,150,true],"td_324x400":["https:\/\/radiolarioja.com.ar\/rlr\/wp-content\/uploads\/2026\/09\/maxresdefault-1-324x400.jpg",324,400,true],"td_485x360":["https:\/\/radiolarioja.com.ar\/rlr\/wp-content\/uploads\/2026\/09\/maxresdefault-1-485x360.jpg",485,360,true],"td_696x0":["https:\/\/radiolarioja.com.ar\/rlr\/wp-content\/uploads\/2026\/09\/maxresdefault-1-696x392.jpg",696,392,true],"td_1068x0":["https:\/\/radiolarioja.com.ar\/rlr\/wp-content\/uploads\/2026\/09\/maxresdefault-1-1068x601.jpg",1068,601,true],"td_1920x0":["https:\/\/radiolarioja.com.ar\/rlr\/wp-content\/uploads\/2026\/09\/maxresdefault-1.jpg",1280,720,false],"td_0x420":["https:\/\/radiolarioja.com.ar\/rlr\/wp-content\/uploads\/2026\/09\/maxresdefault-1-747x420.jpg",747,420,true],"td_80x60":["https:\/\/radiolarioja.com.ar\/rlr\/wp-content\/uploads\/2026\/09\/maxresdefault-1-80x60.jpg",80,60,true],"td_100x70":["https:\/\/radiolarioja.com.ar\/rlr\/wp-content\/uploads\/2026\/09\/maxresdefault-1-100x70.jpg",100,70,true],"td_265x198":["https:\/\/radiolarioja.com.ar\/rlr\/wp-content\/uploads\/2026\/09\/maxresdefault-1-265x198.jpg",265,198,true],"td_324x160":["https:\/\/radiolarioja.com.ar\/rlr\/wp-content\/uploads\/2026\/09\/maxresdefault-1-324x160.jpg",324,160,true],"td_324x235":["https:\/\/radiolarioja.com.ar\/rlr\/wp-content\/uploads\/2026\/09\/maxresdefault-1-324x235.jpg",324,235,true],"td_356x220":["https:\/\/radiolarioja.com.ar\/rlr\/wp-content\/uploads\/2026\/09\/maxresdefault-1-356x220.jpg",356,220,true],"td_356x364":["https:\/\/radiolarioja.com.ar\/rlr\/wp-content\/uploads\/2026\/09\/maxresdefault-1-356x364.jpg",356,364,true],"td_533x261":["https:\/\/radiolarioja.com.ar\/rlr\/wp-content\/uploads\/2026\/09\/maxresdefault-1-533x261.jpg",533,261,true],"td_534x462":["https:\/\/radiolarioja.com.ar\/rlr\/wp-content\/uploads\/2026\/09\/maxresdefault-1-534x462.jpg",534,462,true],"td_696x385":["https:\/\/radiolarioja.com.ar\/rlr\/wp-content\/uploads\/2026\/09\/maxresdefault-1-696x385.jpg",696,385,true],"td_741x486":["https:\/\/radiolarioja.com.ar\/rlr\/wp-content\/uploads\/2026\/09\/maxresdefault-1-741x486.jpg",741,486,true],"td_1068x580":["https:\/\/radiolarioja.com.ar\/rlr\/wp-content\/uploads\/2026\/09\/maxresdefault-1-1068x580.jpg",1068,580,true]},"author_info":{"info":["RadioLaRioja"]},"category_info":"<a href=\"https:\/\/radiolarioja.com.ar\/rlr\/category\/nacional\/\" rel=\"category tag\">Nacional<\/a>","tag_info":"Nacional","comment_count":"0","_links":{"self":[{"href":"https:\/\/radiolarioja.com.ar\/rlr\/wp-json\/wp\/v2\/posts\/97388","targetHints":{"allow":["GET"]}}],"collection":[{"href":"https:\/\/radiolarioja.com.ar\/rlr\/wp-json\/wp\/v2\/posts"}],"about":[{"href":"https:\/\/radiolarioja.com.ar\/rlr\/wp-json\/wp\/v2\/types\/post"}],"author":[{"embeddable":true,"href":"https:\/\/radiolarioja.com.ar\/rlr\/wp-json\/wp\/v2\/users\/2"}],"replies":[{"embeddable":true,"href":"https:\/\/radiolarioja.com.ar\/rlr\/wp-json\/wp\/v2\/comments?post=97388"}],"version-history":[{"count":1,"href":"https:\/\/radiolarioja.com.ar\/rlr\/wp-json\/wp\/v2\/posts\/97388\/revisions"}],"predecessor-version":[{"id":97390,"href":"https:\/\/radiolarioja.com.ar\/rlr\/wp-json\/wp\/v2\/posts\/97388\/revisions\/97390"}],"wp:featuredmedia":[{"embeddable":true,"href":"https:\/\/radiolarioja.com.ar\/rlr\/wp-json\/wp\/v2\/media\/97391"}],"wp:attachment":[{"href":"https:\/\/radiolarioja.com.ar\/rlr\/wp-json\/wp\/v2\/media?parent=97388"}],"wp:term":[{"taxonomy":"category","embeddable":true,"href":"https:\/\/radiolarioja.com.ar\/rlr\/wp-json\/wp\/v2\/categories?post=97388"},{"taxonomy":"post_tag","embeddable":true,"href":"https:\/\/radiolarioja.com.ar\/rlr\/wp-json\/wp\/v2\/tags?post=97388"}],"curies":[{"name":"wp","href":"https:\/\/api.w.org\/{rel}","templated":true}]}}