{"id":97379,"date":"2026-09-01T13:28:15","date_gmt":"2026-09-01T16:28:15","guid":{"rendered":"https:\/\/radiolarioja.com.ar\/rlr\/?p=97379"},"modified":"2026-09-01T13:28:16","modified_gmt":"2026-09-01T16:28:16","slug":"tension-en-la-obra-social-provincial-maestras-de-apoyo-se-manifestaron-frente-a-apos-por-demoras-en-los-pagos","status":"publish","type":"post","link":"https:\/\/radiolarioja.com.ar\/rlr\/tension-en-la-obra-social-provincial-maestras-de-apoyo-se-manifestaron-frente-a-apos-por-demoras-en-los-pagos\/","title":{"rendered":"Tensi\u00f3n en la obra social provincial: maestras de apoyo se manifestaron frente a APOS por demoras en los pagos"},"content":{"rendered":"\n<p class=\"wp-block-paragraph\">Un grupo de Docentes de Apoyo a la Inclusi\u00f3n (DAI) se concentr\u00f3 frente a la sede central de la Administraci\u00f3n Provincial de Obra Social (APOS), en La Rioja, para visibilizar el atraso en la liquidaci\u00f3n de sus honorarios. Entre bocinazos y pancartas, las profesionales exigieron una respuesta urgente de las autoridades, remarcando la dif\u00edcil situaci\u00f3n econ\u00f3mica que atraviesan mientras contin\u00faan garantizando el acompa\u00f1amiento a estudiantes con discapacidad en las escuelas.<\/p>\n\n\n\n<p class=\"wp-block-paragraph\">Durante la jornada, el clima se volvi\u00f3 tenso cuando efectivos de la Polic\u00eda de la Provincia intentaron despejar la calzada para restablecer el tr\u00e1nsito. Esta intervenci\u00f3n provoc\u00f3 un cruce de palabras y momentos de entredichos entre los agentes y los manifestantes, aunque la protesta logr\u00f3 mantenerse en el lugar.<\/p>\n\n\n\n<p class=\"wp-block-paragraph\"><strong>Explicaci\u00f3n oficial y llamado al di\u00e1logo<\/strong><\/p>\n\n\n\n<p class=\"wp-block-paragraph\">Tras la manifestaci\u00f3n, representantes del colectivo de docentes mantuvieron una reuni\u00f3n con directivos de la entidad.<sup><\/sup> Desde APOS explicaron que se complet\u00f3 el pago de 180 expedientes del mes de junio \u2014quedando un saldo pendiente menor\u2014 y confirmaron que durante esta semana se proceder\u00e1 a la liquidaci\u00f3n correspondiente al mes de julio.<\/p>\n\n\n\n<p class=\"wp-block-paragraph\">Asimismo, la instituci\u00f3n anunci\u00f3 recientemente una actualizaci\u00f3n del 20% en el valor del arancel para las Docentes de Apoyo a la Inclusi\u00f3n a partir de septiembre.<sup><\/sup> A pesar de los anuncios, las trabajadoras expresaron que se mantendr\u00e1n alerta y evaluar\u00e1n en los pr\u00f3ximos d\u00edas si las soluciones prometidas se concretan en las cuentas de los prestadores.<\/p>\n\n\n\n<figure class=\"wp-block-image size-full is-resized\"><a href=\"https:\/\/radiolarioja.com.ar\/rlr\/wp-content\/uploads\/2026\/09\/image-3.png\"><img fetchpriority=\"high\" decoding=\"async\" width=\"523\" height=\"321\" src=\"https:\/\/radiolarioja.com.ar\/rlr\/wp-content\/uploads\/2026\/09\/image-3.png\" alt=\"\" class=\"wp-image-97380\" style=\"width:1068px;height:auto\" srcset=\"https:\/\/radiolarioja.com.ar\/rlr\/wp-content\/uploads\/2026\/09\/image-3.png 523w, https:\/\/radiolarioja.com.ar\/rlr\/wp-content\/uploads\/2026\/09\/image-3-300x184.png 300w, https:\/\/radiolarioja.com.ar\/rlr\/wp-content\/uploads\/2026\/09\/image-3-323x198.png 323w, https:\/\/radiolarioja.com.ar\/rlr\/wp-content\/uploads\/2026\/09\/image-3-260x160.png 260w, https:\/\/radiolarioja.com.ar\/rlr\/wp-content\/uploads\/2026\/09\/image-3-356x220.png 356w, https:\/\/radiolarioja.com.ar\/rlr\/wp-content\/uploads\/2026\/09\/image-3-355x218.png 355w, https:\/\/radiolarioja.com.ar\/rlr\/wp-content\/uploads\/2026\/09\/image-3-425x261.png 425w\" sizes=\"(max-width: 523px) 100vw, 523px\" \/><\/a><\/figure>\n\n\n\n<p class=\"wp-block-paragraph\"><\/p>\n","protected":false},"excerpt":{"rendered":"<p>Un grupo de Docentes de Apoyo a la Inclusi\u00f3n (DAI) se concentr\u00f3 frente a la sede central de la Administraci\u00f3n Provincial de Obra Social (APOS), en La Rioja, para visibilizar el atraso en la liquidaci\u00f3n de sus honorarios. Entre bocinazos y pancartas, las profesionales exigieron una respuesta urgente de las autoridades, remarcando la dif\u00edcil situaci\u00f3n [&hellip;]<\/p>\n","protected":false},"author":2,"featured_media":97380,"comment_status":"open","ping_status":"open","sticky":false,"template":"","format":"standard","meta":{"tdm_status":"","tdm_grid_status":"","footnotes":""},"categories":[12],"tags":[],"class_list":["post-97379","post","type-post","status-publish","format-standard","has-post-thumbnail","category-local"],"featured_image_urls":{"full":["https:\/\/radiolarioja.com.ar\/rlr\/wp-content\/uploads\/2026\/09\/image-3.png",523,321,false],"thumbnail":["https:\/\/radiolarioja.com.ar\/rlr\/wp-content\/uploads\/2026\/09\/image-3-150x150.png",150,150,true],"medium":["https:\/\/radiolarioja.com.ar\/rlr\/wp-content\/uploads\/2026\/09\/image-3-300x184.png",300,184,true],"medium_large":["https:\/\/radiolarioja.com.ar\/rlr\/wp-content\/uploads\/2026\/09\/image-3.png",523,321,false],"large":["https:\/\/radiolarioja.com.ar\/rlr\/wp-content\/uploads\/2026\/09\/image-3.png",523,321,false],"1536x1536":["https:\/\/radiolarioja.com.ar\/rlr\/wp-content\/uploads\/2026\/09\/image-3.png",523,321,false],"2048x2048":["https:\/\/radiolarioja.com.ar\/rlr\/wp-content\/uploads\/2026\/09\/image-3.png",523,321,false],"td_218x150":["https:\/\/radiolarioja.com.ar\/rlr\/wp-content\/uploads\/2026\/09\/image-3-218x150.png",218,150,true],"td_324x400":["https:\/\/radiolarioja.com.ar\/rlr\/wp-content\/uploads\/2026\/09\/image-3-323x198.png",323,198,true],"td_485x360":["https:\/\/radiolarioja.com.ar\/rlr\/wp-content\/uploads\/2026\/09\/image-3-485x321.png",485,321,true],"td_696x0":["https:\/\/radiolarioja.com.ar\/rlr\/wp-content\/uploads\/2026\/09\/image-3.png",523,321,false],"td_1068x0":["https:\/\/radiolarioja.com.ar\/rlr\/wp-content\/uploads\/2026\/09\/image-3.png",523,321,false],"td_1920x0":["https:\/\/radiolarioja.com.ar\/rlr\/wp-content\/uploads\/2026\/09\/image-3.png",523,321,false],"td_0x420":["https:\/\/radiolarioja.com.ar\/rlr\/wp-content\/uploads\/2026\/09\/image-3.png",523,321,false],"td_80x60":["https:\/\/radiolarioja.com.ar\/rlr\/wp-content\/uploads\/2026\/09\/image-3-80x60.png",80,60,true],"td_100x70":["https:\/\/radiolarioja.com.ar\/rlr\/wp-content\/uploads\/2026\/09\/image-3-100x70.png",100,70,true],"td_265x198":["https:\/\/radiolarioja.com.ar\/rlr\/wp-content\/uploads\/2026\/09\/image-3-265x198.png",265,198,true],"td_324x160":["https:\/\/radiolarioja.com.ar\/rlr\/wp-content\/uploads\/2026\/09\/image-3-260x160.png",260,160,true],"td_324x235":["https:\/\/radiolarioja.com.ar\/rlr\/wp-content\/uploads\/2026\/09\/image-3-324x234.png",324,234,true],"td_356x220":["https:\/\/radiolarioja.com.ar\/rlr\/wp-content\/uploads\/2026\/09\/image-3-356x220.png",356,220,true],"td_356x364":["https:\/\/radiolarioja.com.ar\/rlr\/wp-content\/uploads\/2026\/09\/image-3-355x218.png",355,218,true],"td_533x261":["https:\/\/radiolarioja.com.ar\/rlr\/wp-content\/uploads\/2026\/09\/image-3-425x261.png",425,261,true],"td_534x462":["https:\/\/radiolarioja.com.ar\/rlr\/wp-content\/uploads\/2026\/09\/image-3.png",523,321,false],"td_696x385":["https:\/\/radiolarioja.com.ar\/rlr\/wp-content\/uploads\/2026\/09\/image-3.png",523,321,false],"td_741x486":["https:\/\/radiolarioja.com.ar\/rlr\/wp-content\/uploads\/2026\/09\/image-3.png",523,321,false],"td_1068x580":["https:\/\/radiolarioja.com.ar\/rlr\/wp-content\/uploads\/2026\/09\/image-3.png",523,321,false]},"author_info":{"info":["RadioLaRioja"]},"category_info":"<a href=\"https:\/\/radiolarioja.com.ar\/rlr\/category\/local\/\" rel=\"category tag\">Local<\/a>","tag_info":"Local","comment_count":"0","_links":{"self":[{"href":"https:\/\/radiolarioja.com.ar\/rlr\/wp-json\/wp\/v2\/posts\/97379","targetHints":{"allow":["GET"]}}],"collection":[{"href":"https:\/\/radiolarioja.com.ar\/rlr\/wp-json\/wp\/v2\/posts"}],"about":[{"href":"https:\/\/radiolarioja.com.ar\/rlr\/wp-json\/wp\/v2\/types\/post"}],"author":[{"embeddable":true,"href":"https:\/\/radiolarioja.com.ar\/rlr\/wp-json\/wp\/v2\/users\/2"}],"replies":[{"embeddable":true,"href":"https:\/\/radiolarioja.com.ar\/rlr\/wp-json\/wp\/v2\/comments?post=97379"}],"version-history":[{"count":1,"href":"https:\/\/radiolarioja.com.ar\/rlr\/wp-json\/wp\/v2\/posts\/97379\/revisions"}],"predecessor-version":[{"id":97382,"href":"https:\/\/radiolarioja.com.ar\/rlr\/wp-json\/wp\/v2\/posts\/97379\/revisions\/97382"}],"wp:featuredmedia":[{"embeddable":true,"href":"https:\/\/radiolarioja.com.ar\/rlr\/wp-json\/wp\/v2\/media\/97380"}],"wp:attachment":[{"href":"https:\/\/radiolarioja.com.ar\/rlr\/wp-json\/wp\/v2\/media?parent=97379"}],"wp:term":[{"taxonomy":"category","embeddable":true,"href":"https:\/\/radiolarioja.com.ar\/rlr\/wp-json\/wp\/v2\/categories?post=97379"},{"taxonomy":"post_tag","embeddable":true,"href":"https:\/\/radiolarioja.com.ar\/rlr\/wp-json\/wp\/v2\/tags?post=97379"}],"curies":[{"name":"wp","href":"https:\/\/api.w.org\/{rel}","templated":true}]}}