{"id":97376,"date":"2026-09-01T13:19:31","date_gmt":"2026-09-01T16:19:31","guid":{"rendered":"https:\/\/radiolarioja.com.ar\/rlr\/?p=97376"},"modified":"2026-09-01T13:19:32","modified_gmt":"2026-09-01T16:19:32","slug":"violencia-infantil-en-la-terminal-de-omnibus-demoran-a-un-hombre-por-golpear-a-su-hija-de-3-anos","status":"publish","type":"post","link":"https:\/\/radiolarioja.com.ar\/rlr\/violencia-infantil-en-la-terminal-de-omnibus-demoran-a-un-hombre-por-golpear-a-su-hija-de-3-anos\/","title":{"rendered":"Violencia infantil en la Terminal de \u00d3mnibus: demoran a un hombre por golpear a su hija de 3 a\u00f1os"},"content":{"rendered":"\n<p class=\"wp-block-paragraph\">Un grave episodio de violencia familiar caus\u00f3 conmoci\u00f3n e indignaci\u00f3n este lunes en las instalaciones de la Terminal de \u00d3mnibus local. Un hombre fue demorado por personal policial luego de agredir f\u00edsicamente a su hija, una ni\u00f1a de apenas 3 a\u00f1os, a la vista de numerosos pasajeros y transe\u00fantes.<\/p>\n\n\n\n<p class=\"wp-block-paragraph\">El hecho ocurri\u00f3 mientras el agresor hac\u00eda la fila para adquirir un pasaje de micro. Seg\u00fan el relato de los testigos presentes, la peque\u00f1a comenz\u00f3 a llorar e inquietarse por la espera, momento en que el progenitor reaccion\u00f3 de forma desmedida y violenta: la tom\u00f3 fuertemente del pelo y le propin\u00f3 varios golpes.<\/p>\n\n\n\n<p class=\"wp-block-paragraph\">La brutalidad de la escena alert\u00f3 de inmediato a quienes se encontraban en el sector de boleter\u00edas, quienes intervinieron verbalmente y dieron aviso de urgencia a las fuerzas de seguridad. Efectivos policiales que realizaban tareas de patrullaje preventivo en la estaci\u00f3n acudieron al lugar r\u00e1pidamente e interceptaron al individuo antes de que lograra abordar la unidad de transporte.<\/p>\n\n\n\n<p class=\"wp-block-paragraph\">Al poner a resguardo a la menor y realizar una inspecci\u00f3n primaria, las autoridades constataron la presencia de diversos hematomas visibles en el cuerpo de la ni\u00f1a, signos claros de agresiones recientes.<\/p>\n\n\n\n<p class=\"wp-block-paragraph\">Ante esta situaci\u00f3n, se procedi\u00f3 a la demora inmediata del progenitor y se dio participaci\u00f3n a la fiscal\u00eda de turno, junto con los organismos de protecci\u00f3n integral de los derechos de ni\u00f1os, ni\u00f1as y adolescentes, para garantizar la atenci\u00f3n m\u00e9dica y contenci\u00f3n psicol\u00f3gica de la menor.<\/p>\n\n\n\n<figure class=\"wp-block-image size-full is-resized\"><a href=\"https:\/\/radiolarioja.com.ar\/rlr\/wp-content\/uploads\/2026\/09\/image-2.png\"><img fetchpriority=\"high\" decoding=\"async\" width=\"332\" height=\"219\" src=\"https:\/\/radiolarioja.com.ar\/rlr\/wp-content\/uploads\/2026\/09\/image-2.png\" alt=\"\" class=\"wp-image-97377\" style=\"width:1068px;height:auto\" srcset=\"https:\/\/radiolarioja.com.ar\/rlr\/wp-content\/uploads\/2026\/09\/image-2.png 332w, https:\/\/radiolarioja.com.ar\/rlr\/wp-content\/uploads\/2026\/09\/image-2-300x198.png 300w, https:\/\/radiolarioja.com.ar\/rlr\/wp-content\/uploads\/2026\/09\/image-2-323x213.png 323w, https:\/\/radiolarioja.com.ar\/rlr\/wp-content\/uploads\/2026\/09\/image-2-242x160.png 242w\" sizes=\"(max-width: 332px) 100vw, 332px\" \/><\/a><\/figure>\n","protected":false},"excerpt":{"rendered":"<p>Un grave episodio de violencia familiar caus\u00f3 conmoci\u00f3n e indignaci\u00f3n este lunes en las instalaciones de la Terminal de \u00d3mnibus local. Un hombre fue demorado por personal policial luego de agredir f\u00edsicamente a su hija, una ni\u00f1a de apenas 3 a\u00f1os, a la vista de numerosos pasajeros y transe\u00fantes. El hecho ocurri\u00f3 mientras el agresor [&hellip;]<\/p>\n","protected":false},"author":2,"featured_media":97377,"comment_status":"open","ping_status":"open","sticky":false,"template":"","format":"standard","meta":{"tdm_status":"","tdm_grid_status":"","footnotes":""},"categories":[12],"tags":[],"class_list":["post-97376","post","type-post","status-publish","format-standard","has-post-thumbnail","category-local"],"featured_image_urls":{"full":["https:\/\/radiolarioja.com.ar\/rlr\/wp-content\/uploads\/2026\/09\/image-2.png",332,219,false],"thumbnail":["https:\/\/radiolarioja.com.ar\/rlr\/wp-content\/uploads\/2026\/09\/image-2-150x150.png",150,150,true],"medium":["https:\/\/radiolarioja.com.ar\/rlr\/wp-content\/uploads\/2026\/09\/image-2-300x198.png",300,198,true],"medium_large":["https:\/\/radiolarioja.com.ar\/rlr\/wp-content\/uploads\/2026\/09\/image-2.png",332,219,false],"large":["https:\/\/radiolarioja.com.ar\/rlr\/wp-content\/uploads\/2026\/09\/image-2.png",332,219,false],"1536x1536":["https:\/\/radiolarioja.com.ar\/rlr\/wp-content\/uploads\/2026\/09\/image-2.png",332,219,false],"2048x2048":["https:\/\/radiolarioja.com.ar\/rlr\/wp-content\/uploads\/2026\/09\/image-2.png",332,219,false],"td_218x150":["https:\/\/radiolarioja.com.ar\/rlr\/wp-content\/uploads\/2026\/09\/image-2-218x150.png",218,150,true],"td_324x400":["https:\/\/radiolarioja.com.ar\/rlr\/wp-content\/uploads\/2026\/09\/image-2-323x213.png",323,213,true],"td_485x360":["https:\/\/radiolarioja.com.ar\/rlr\/wp-content\/uploads\/2026\/09\/image-2.png",332,219,false],"td_696x0":["https:\/\/radiolarioja.com.ar\/rlr\/wp-content\/uploads\/2026\/09\/image-2.png",332,219,false],"td_1068x0":["https:\/\/radiolarioja.com.ar\/rlr\/wp-content\/uploads\/2026\/09\/image-2.png",332,219,false],"td_1920x0":["https:\/\/radiolarioja.com.ar\/rlr\/wp-content\/uploads\/2026\/09\/image-2.png",332,219,false],"td_0x420":["https:\/\/radiolarioja.com.ar\/rlr\/wp-content\/uploads\/2026\/09\/image-2.png",332,219,false],"td_80x60":["https:\/\/radiolarioja.com.ar\/rlr\/wp-content\/uploads\/2026\/09\/image-2-80x59.png",80,59,true],"td_100x70":["https:\/\/radiolarioja.com.ar\/rlr\/wp-content\/uploads\/2026\/09\/image-2-100x70.png",100,70,true],"td_265x198":["https:\/\/radiolarioja.com.ar\/rlr\/wp-content\/uploads\/2026\/09\/image-2-265x198.png",265,198,true],"td_324x160":["https:\/\/radiolarioja.com.ar\/rlr\/wp-content\/uploads\/2026\/09\/image-2-242x160.png",242,160,true],"td_324x235":["https:\/\/radiolarioja.com.ar\/rlr\/wp-content\/uploads\/2026\/09\/image-2-324x219.png",324,219,true],"td_356x220":["https:\/\/radiolarioja.com.ar\/rlr\/wp-content\/uploads\/2026\/09\/image-2.png",332,219,false],"td_356x364":["https:\/\/radiolarioja.com.ar\/rlr\/wp-content\/uploads\/2026\/09\/image-2.png",332,219,false],"td_533x261":["https:\/\/radiolarioja.com.ar\/rlr\/wp-content\/uploads\/2026\/09\/image-2.png",332,219,false],"td_534x462":["https:\/\/radiolarioja.com.ar\/rlr\/wp-content\/uploads\/2026\/09\/image-2.png",332,219,false],"td_696x385":["https:\/\/radiolarioja.com.ar\/rlr\/wp-content\/uploads\/2026\/09\/image-2.png",332,219,false],"td_741x486":["https:\/\/radiolarioja.com.ar\/rlr\/wp-content\/uploads\/2026\/09\/image-2.png",332,219,false],"td_1068x580":["https:\/\/radiolarioja.com.ar\/rlr\/wp-content\/uploads\/2026\/09\/image-2.png",332,219,false]},"author_info":{"info":["RadioLaRioja"]},"category_info":"<a href=\"https:\/\/radiolarioja.com.ar\/rlr\/category\/local\/\" rel=\"category tag\">Local<\/a>","tag_info":"Local","comment_count":"0","_links":{"self":[{"href":"https:\/\/radiolarioja.com.ar\/rlr\/wp-json\/wp\/v2\/posts\/97376","targetHints":{"allow":["GET"]}}],"collection":[{"href":"https:\/\/radiolarioja.com.ar\/rlr\/wp-json\/wp\/v2\/posts"}],"about":[{"href":"https:\/\/radiolarioja.com.ar\/rlr\/wp-json\/wp\/v2\/types\/post"}],"author":[{"embeddable":true,"href":"https:\/\/radiolarioja.com.ar\/rlr\/wp-json\/wp\/v2\/users\/2"}],"replies":[{"embeddable":true,"href":"https:\/\/radiolarioja.com.ar\/rlr\/wp-json\/wp\/v2\/comments?post=97376"}],"version-history":[{"count":1,"href":"https:\/\/radiolarioja.com.ar\/rlr\/wp-json\/wp\/v2\/posts\/97376\/revisions"}],"predecessor-version":[{"id":97378,"href":"https:\/\/radiolarioja.com.ar\/rlr\/wp-json\/wp\/v2\/posts\/97376\/revisions\/97378"}],"wp:featuredmedia":[{"embeddable":true,"href":"https:\/\/radiolarioja.com.ar\/rlr\/wp-json\/wp\/v2\/media\/97377"}],"wp:attachment":[{"href":"https:\/\/radiolarioja.com.ar\/rlr\/wp-json\/wp\/v2\/media?parent=97376"}],"wp:term":[{"taxonomy":"category","embeddable":true,"href":"https:\/\/radiolarioja.com.ar\/rlr\/wp-json\/wp\/v2\/categories?post=97376"},{"taxonomy":"post_tag","embeddable":true,"href":"https:\/\/radiolarioja.com.ar\/rlr\/wp-json\/wp\/v2\/tags?post=97376"}],"curies":[{"name":"wp","href":"https:\/\/api.w.org\/{rel}","templated":true}]}}