{"id":97368,"date":"2026-09-01T12:42:25","date_gmt":"2026-09-01T15:42:25","guid":{"rendered":"https:\/\/radiolarioja.com.ar\/rlr\/?p=97368"},"modified":"2026-09-01T12:42:27","modified_gmt":"2026-09-01T15:42:27","slug":"el-consejo-de-la-magistratura-de-la-rioja-abre-convocatoria-para-concursos-y-aclara-alcances-del-nuevo-codigo-de-etica-para-jueces","status":"publish","type":"post","link":"https:\/\/radiolarioja.com.ar\/rlr\/el-consejo-de-la-magistratura-de-la-rioja-abre-convocatoria-para-concursos-y-aclara-alcances-del-nuevo-codigo-de-etica-para-jueces\/","title":{"rendered":"El Consejo de la Magistratura de La Rioja abre convocatoria para concursos y aclara alcances del nuevo C\u00f3digo de \u00c9tica para jueces"},"content":{"rendered":"\n<div class=\"wp-block-group is-nowrap is-layout-flex wp-container-core-group-is-layout-8f761849 wp-block-group-is-layout-flex\">\n<figure class=\"wp-block-image size-full\"><a href=\"https:\/\/radiolarioja.com.ar\/rlr\/wp-content\/uploads\/2026\/09\/TJD5A5T_400x400.jpg\"><img fetchpriority=\"high\" decoding=\"async\" width=\"400\" height=\"400\" src=\"https:\/\/radiolarioja.com.ar\/rlr\/wp-content\/uploads\/2026\/09\/TJD5A5T_400x400.jpg\" alt=\"\" class=\"wp-image-97371\" srcset=\"https:\/\/radiolarioja.com.ar\/rlr\/wp-content\/uploads\/2026\/09\/TJD5A5T_400x400.jpg 400w, https:\/\/radiolarioja.com.ar\/rlr\/wp-content\/uploads\/2026\/09\/TJD5A5T_400x400-150x150-1.jpg 150w, https:\/\/radiolarioja.com.ar\/rlr\/wp-content\/uploads\/2026\/09\/TJD5A5T_400x400-300x300.jpg 300w, https:\/\/radiolarioja.com.ar\/rlr\/wp-content\/uploads\/2026\/09\/TJD5A5T_400x400-324x324.jpg 324w, https:\/\/radiolarioja.com.ar\/rlr\/wp-content\/uploads\/2026\/09\/TJD5A5T_400x400-360x360.jpg 360w, https:\/\/radiolarioja.com.ar\/rlr\/wp-content\/uploads\/2026\/09\/TJD5A5T_400x400-60x60.jpg 60w, https:\/\/radiolarioja.com.ar\/rlr\/wp-content\/uploads\/2026\/09\/TJD5A5T_400x400-160x160.jpg 160w, https:\/\/radiolarioja.com.ar\/rlr\/wp-content\/uploads\/2026\/09\/TJD5A5T_400x400-198x198.jpg 198w, https:\/\/radiolarioja.com.ar\/rlr\/wp-content\/uploads\/2026\/09\/TJD5A5T_400x400-70x70.jpg 70w, https:\/\/radiolarioja.com.ar\/rlr\/wp-content\/uploads\/2026\/09\/TJD5A5T_400x400-235x235.jpg 235w, https:\/\/radiolarioja.com.ar\/rlr\/wp-content\/uploads\/2026\/09\/TJD5A5T_400x400-220x220.jpg 220w, https:\/\/radiolarioja.com.ar\/rlr\/wp-content\/uploads\/2026\/09\/TJD5A5T_400x400-356x356.jpg 356w, https:\/\/radiolarioja.com.ar\/rlr\/wp-content\/uploads\/2026\/09\/TJD5A5T_400x400-261x261.jpg 261w, https:\/\/radiolarioja.com.ar\/rlr\/wp-content\/uploads\/2026\/09\/TJD5A5T_400x400-385x385.jpg 385w\" sizes=\"(max-width: 400px) 100vw, 400px\" \/><\/a><figcaption class=\"wp-element-caption\">Dra. Karina Becerra, presidenta del Consejo de la Magistratura<\/figcaption><\/figure>\n\n\n\n<h3 class=\"wp-block-heading\"><strong>LA RIOJA<\/strong> \u2014 La Dra. Karina Becerra, presidenta del Consejo de la Magistratura de la provincia, brind\u00f3 detalles sobre las nuevas convocatorias para cubrir cargos judiciales vacantes, el funcionamiento del registro de aspirantes transitorios y los objetivos tras la implementaci\u00f3n del C\u00f3digo de \u00c9tica para los magistrados.<\/h3>\n<\/div>\n\n\n\n<h4 class=\"wp-block-heading\"><strong>Concurso para cargos definitivos y registro transitorio<\/strong><\/h4>\n\n\n\n<p class=\"wp-block-paragraph\">Becerra confirm\u00f3 que del <strong>4 al 14 de septiembre<\/strong> permanecer\u00e1 abierta la inscripci\u00f3n para concursar cargos definitivos en distintas circunscripciones judiciales, entre ellos:<\/p>\n\n\n\n<ul class=\"wp-block-list\">\n<li class=\"\">Juez de C\u00e1mara Tercera en lo Criminal y Correccional.<\/li>\n\n\n\n<li class=\"\">Juzgado de Instrucci\u00f3n de lo Criminal y Correccional N.\u00ba 1 (Capital).<\/li>\n\n\n\n<li class=\"\">Juzgado de Familia y Adultos Mayores.<\/li>\n\n\n\n<li class=\"\">Juzgado Electoral Provincial.<\/li>\n\n\n\n<li class=\"\">Defensor Oficial y Juez de C\u00e1mara Unipersonal para la Sexta Circunscripci\u00f3n (Villa Uni\u00f3n).<\/li>\n<\/ul>\n\n\n\n<p class=\"wp-block-paragraph\">Las inscripciones se realizar\u00e1n de forma virtual a trav\u00e9s del sitio web del Consejo (<a href=\"https:\/\/consejodelamagistraturalr.com\/#concursos\">https:\/\/consejodelamagistraturalr.com\/#concursos<\/a>), pero los postulantes deber\u00e1n presentar indefectiblemente el legajo f\u00edsico en la sede del organismo (Dalmacio V\u00e9lez 555). El proceso de evaluaci\u00f3n incluir\u00e1 ex\u00e1menes escritos, pruebas orales, entrevistas personales y evaluaciones psicol\u00f3gicas, estimando un plazo de resoluci\u00f3n de entre 90 y 120 d\u00edas.<\/p>\n\n\n\n<p class=\"wp-block-paragraph\">Asimismo, la presidenta aclar\u00f3 la diferencia entre este concurso p\u00fablico y el <strong>registro de aspirantes a cargos transitorios<\/strong>, un listado anual enfocado en cubrir reemplazos temporales o causas puntuales sin generar orden de m\u00e9rito definitivo.<\/p>\n\n\n\n<h4 class=\"wp-block-heading\"><strong>Aclaraciones sobre el C\u00f3digo de \u00c9tica y la independencia judicial<\/strong><\/h4>\n\n\n\n<p class=\"wp-block-paragraph\">Al ser consultada sobre las discrepancias en torno al <strong>C\u00f3digo de \u00c9tica para magistrados<\/strong>, Becerra explic\u00f3 que la normativa busca preservar el decoro, la imparcialidad y la responsabilidad institucional de los jueces, en especial al momento de emitir declaraciones u opiniones p\u00fablicas en redes sociales.<\/p>\n\n\n\n<figure class=\"wp-block-image size-large is-resized\"><a href=\"https:\/\/radiolarioja.com.ar\/rlr\/wp-content\/uploads\/2026\/09\/image-1.png\"><img decoding=\"async\" width=\"1024\" height=\"483\" src=\"https:\/\/radiolarioja.com.ar\/rlr\/wp-content\/uploads\/2026\/09\/image-1-1024x483.png\" alt=\"\" class=\"wp-image-97369\" style=\"width:1068px;height:auto\" srcset=\"https:\/\/radiolarioja.com.ar\/rlr\/wp-content\/uploads\/2026\/09\/image-1-1024x483.png 1024w, https:\/\/radiolarioja.com.ar\/rlr\/wp-content\/uploads\/2026\/09\/image-1-300x141.png 300w, https:\/\/radiolarioja.com.ar\/rlr\/wp-content\/uploads\/2026\/09\/image-1-766x361.png 766w, https:\/\/radiolarioja.com.ar\/rlr\/wp-content\/uploads\/2026\/09\/image-1-323x152.png 323w, https:\/\/radiolarioja.com.ar\/rlr\/wp-content\/uploads\/2026\/09\/image-1-694x327.png 694w, https:\/\/radiolarioja.com.ar\/rlr\/wp-content\/uploads\/2026\/09\/image-1-1067x503.png 1067w, https:\/\/radiolarioja.com.ar\/rlr\/wp-content\/uploads\/2026\/09\/image-1-354x167.png 354w, https:\/\/radiolarioja.com.ar\/rlr\/wp-content\/uploads\/2026\/09\/image-1.png 1146w\" sizes=\"(max-width: 1024px) 100vw, 1024px\" \/><\/a><\/figure>\n\n\n\n<blockquote class=\"wp-block-quote is-layout-flow wp-block-quote-is-layout-flow\">\n<p class=\"wp-block-paragraph\"><em>\u00abNo se trata de limitar que un juez tenga redes o se exprese, sino de evitar que una opini\u00f3n personal se confunda con una posici\u00f3n institucional o anticipe un juzgamiento sobre causas en tr\u00e1mite, resguardando la apariencia de imparcialidad\u00bb<\/em>, se\u00f1al\u00f3 la funcionaria.<\/p>\n<\/blockquote>\n\n\n\n<h4 class=\"wp-block-heading\"><strong>Novedad institucional y combate a la usura<\/strong><\/h4>\n\n\n\n<p class=\"wp-block-paragraph\">Entre las novedades del \u00e1rea, Becerra subray\u00f3 que, tras la \u00faltima reforma constitucional, el Consejo de la Magistratura dej\u00f3 de depender formalmente del Poder Judicial para pasar a la \u00f3rbita del Poder Legislativo, proceso que requiri\u00f3 la reestructuraci\u00f3n de reglamentos internos.<\/p>\n\n\n\n<p class=\"wp-block-paragraph\">Finalmente, sobre las preocupaciones manifestadas por el Ejecutivo provincial respecto al delito de usura, la magistrada destac\u00f3 la importancia del trabajo coordinado entre los tres poderes del Estado para visibilizar y dar soluciones inmediatas a las problem\u00e1ticas sociales y econ\u00f3micas que afectan a los ciudadanos.<\/p>\n\n\n\n<figure class=\"wp-block-image size-full is-resized\"><a href=\"https:\/\/radiolarioja.com.ar\/rlr\/wp-content\/uploads\/2026\/09\/imagen_2026-08-31_075232319.png\"><img decoding=\"async\" width=\"900\" height=\"600\" src=\"https:\/\/radiolarioja.com.ar\/rlr\/wp-content\/uploads\/2026\/09\/imagen_2026-08-31_075232319.png\" alt=\"\" class=\"wp-image-97370\" style=\"width:1068px;height:auto\" srcset=\"https:\/\/radiolarioja.com.ar\/rlr\/wp-content\/uploads\/2026\/09\/imagen_2026-08-31_075232319.png 900w, https:\/\/radiolarioja.com.ar\/rlr\/wp-content\/uploads\/2026\/09\/imagen_2026-08-31_075232319-300x200.png 300w, https:\/\/radiolarioja.com.ar\/rlr\/wp-content\/uploads\/2026\/09\/imagen_2026-08-31_075232319-324x216.png 324w, https:\/\/radiolarioja.com.ar\/rlr\/wp-content\/uploads\/2026\/09\/imagen_2026-08-31_075232319-768x512.png 768w, https:\/\/radiolarioja.com.ar\/rlr\/wp-content\/uploads\/2026\/09\/imagen_2026-08-31_075232319-696x464.png 696w, https:\/\/radiolarioja.com.ar\/rlr\/wp-content\/uploads\/2026\/09\/imagen_2026-08-31_075232319-240x160.png 240w, https:\/\/radiolarioja.com.ar\/rlr\/wp-content\/uploads\/2026\/09\/imagen_2026-08-31_075232319-356x237.png 356w, https:\/\/radiolarioja.com.ar\/rlr\/wp-content\/uploads\/2026\/09\/imagen_2026-08-31_075232319-330x220.png 330w, https:\/\/radiolarioja.com.ar\/rlr\/wp-content\/uploads\/2026\/09\/imagen_2026-08-31_075232319-391x261.png 391w, https:\/\/radiolarioja.com.ar\/rlr\/wp-content\/uploads\/2026\/09\/imagen_2026-08-31_075232319-577x385.png 577w, https:\/\/radiolarioja.com.ar\/rlr\/wp-content\/uploads\/2026\/09\/imagen_2026-08-31_075232319-729x486.png 729w, https:\/\/radiolarioja.com.ar\/rlr\/wp-content\/uploads\/2026\/09\/imagen_2026-08-31_075232319-870x580.png 870w\" sizes=\"(max-width: 900px) 100vw, 900px\" \/><\/a><\/figure>\n","protected":false},"excerpt":{"rendered":"<p>LA RIOJA \u2014 La Dra. Karina Becerra, presidenta del Consejo de la Magistratura de la provincia, brind\u00f3 detalles sobre las nuevas convocatorias para cubrir cargos judiciales vacantes, el funcionamiento del registro de aspirantes transitorios y los objetivos tras la implementaci\u00f3n del C\u00f3digo de \u00c9tica para los magistrados. Concurso para cargos definitivos y registro transitorio Becerra [&hellip;]<\/p>\n","protected":false},"author":2,"featured_media":97370,"comment_status":"open","ping_status":"open","sticky":false,"template":"","format":"standard","meta":{"tdm_status":"","tdm_grid_status":"","footnotes":""},"categories":[17],"tags":[],"class_list":["post-97368","post","type-post","status-publish","format-standard","has-post-thumbnail","category-justicia"],"featured_image_urls":{"full":["https:\/\/radiolarioja.com.ar\/rlr\/wp-content\/uploads\/2026\/09\/imagen_2026-08-31_075232319.png",900,600,false],"thumbnail":["https:\/\/radiolarioja.com.ar\/rlr\/wp-content\/uploads\/2026\/09\/imagen_2026-08-31_075232319-150x150.png",150,150,true],"medium":["https:\/\/radiolarioja.com.ar\/rlr\/wp-content\/uploads\/2026\/09\/imagen_2026-08-31_075232319-300x200.png",300,200,true],"medium_large":["https:\/\/radiolarioja.com.ar\/rlr\/wp-content\/uploads\/2026\/09\/imagen_2026-08-31_075232319-768x512.png",696,464,true],"large":["https:\/\/radiolarioja.com.ar\/rlr\/wp-content\/uploads\/2026\/09\/imagen_2026-08-31_075232319.png",696,464,false],"1536x1536":["https:\/\/radiolarioja.com.ar\/rlr\/wp-content\/uploads\/2026\/09\/imagen_2026-08-31_075232319.png",900,600,false],"2048x2048":["https:\/\/radiolarioja.com.ar\/rlr\/wp-content\/uploads\/2026\/09\/imagen_2026-08-31_075232319.png",900,600,false],"td_218x150":["https:\/\/radiolarioja.com.ar\/rlr\/wp-content\/uploads\/2026\/09\/imagen_2026-08-31_075232319-218x150.png",218,150,true],"td_324x400":["https:\/\/radiolarioja.com.ar\/rlr\/wp-content\/uploads\/2026\/09\/imagen_2026-08-31_075232319-324x216.png",324,216,true],"td_485x360":["https:\/\/radiolarioja.com.ar\/rlr\/wp-content\/uploads\/2026\/09\/imagen_2026-08-31_075232319-485x360.png",485,360,true],"td_696x0":["https:\/\/radiolarioja.com.ar\/rlr\/wp-content\/uploads\/2026\/09\/imagen_2026-08-31_075232319-696x464.png",696,464,true],"td_1068x0":["https:\/\/radiolarioja.com.ar\/rlr\/wp-content\/uploads\/2026\/09\/imagen_2026-08-31_075232319.png",900,600,false],"td_1920x0":["https:\/\/radiolarioja.com.ar\/rlr\/wp-content\/uploads\/2026\/09\/imagen_2026-08-31_075232319.png",900,600,false],"td_0x420":["https:\/\/radiolarioja.com.ar\/rlr\/wp-content\/uploads\/2026\/09\/imagen_2026-08-31_075232319.png",630,420,false],"td_80x60":["https:\/\/radiolarioja.com.ar\/rlr\/wp-content\/uploads\/2026\/09\/imagen_2026-08-31_075232319-80x60.png",80,60,true],"td_100x70":["https:\/\/radiolarioja.com.ar\/rlr\/wp-content\/uploads\/2026\/09\/imagen_2026-08-31_075232319-100x70.png",100,70,true],"td_265x198":["https:\/\/radiolarioja.com.ar\/rlr\/wp-content\/uploads\/2026\/09\/imagen_2026-08-31_075232319-265x198.png",265,198,true],"td_324x160":["https:\/\/radiolarioja.com.ar\/rlr\/wp-content\/uploads\/2026\/09\/imagen_2026-08-31_075232319-240x160.png",240,160,true],"td_324x235":["https:\/\/radiolarioja.com.ar\/rlr\/wp-content\/uploads\/2026\/09\/imagen_2026-08-31_075232319-324x235.png",324,235,true],"td_356x220":["https:\/\/radiolarioja.com.ar\/rlr\/wp-content\/uploads\/2026\/09\/imagen_2026-08-31_075232319-330x220.png",330,220,true],"td_356x364":["https:\/\/radiolarioja.com.ar\/rlr\/wp-content\/uploads\/2026\/09\/imagen_2026-08-31_075232319-356x237.png",356,237,true],"td_533x261":["https:\/\/radiolarioja.com.ar\/rlr\/wp-content\/uploads\/2026\/09\/imagen_2026-08-31_075232319-391x261.png",391,261,true],"td_534x462":["https:\/\/radiolarioja.com.ar\/rlr\/wp-content\/uploads\/2026\/09\/imagen_2026-08-31_075232319-534x462.png",534,462,true],"td_696x385":["https:\/\/radiolarioja.com.ar\/rlr\/wp-content\/uploads\/2026\/09\/imagen_2026-08-31_075232319-577x385.png",577,385,true],"td_741x486":["https:\/\/radiolarioja.com.ar\/rlr\/wp-content\/uploads\/2026\/09\/imagen_2026-08-31_075232319-729x486.png",729,486,true],"td_1068x580":["https:\/\/radiolarioja.com.ar\/rlr\/wp-content\/uploads\/2026\/09\/imagen_2026-08-31_075232319-870x580.png",870,580,true]},"author_info":{"info":["RadioLaRioja"]},"category_info":"<a href=\"https:\/\/radiolarioja.com.ar\/rlr\/category\/justicia\/\" rel=\"category tag\">Justicia<\/a>","tag_info":"Justicia","comment_count":"0","_links":{"self":[{"href":"https:\/\/radiolarioja.com.ar\/rlr\/wp-json\/wp\/v2\/posts\/97368","targetHints":{"allow":["GET"]}}],"collection":[{"href":"https:\/\/radiolarioja.com.ar\/rlr\/wp-json\/wp\/v2\/posts"}],"about":[{"href":"https:\/\/radiolarioja.com.ar\/rlr\/wp-json\/wp\/v2\/types\/post"}],"author":[{"embeddable":true,"href":"https:\/\/radiolarioja.com.ar\/rlr\/wp-json\/wp\/v2\/users\/2"}],"replies":[{"embeddable":true,"href":"https:\/\/radiolarioja.com.ar\/rlr\/wp-json\/wp\/v2\/comments?post=97368"}],"version-history":[{"count":1,"href":"https:\/\/radiolarioja.com.ar\/rlr\/wp-json\/wp\/v2\/posts\/97368\/revisions"}],"predecessor-version":[{"id":97372,"href":"https:\/\/radiolarioja.com.ar\/rlr\/wp-json\/wp\/v2\/posts\/97368\/revisions\/97372"}],"wp:featuredmedia":[{"embeddable":true,"href":"https:\/\/radiolarioja.com.ar\/rlr\/wp-json\/wp\/v2\/media\/97370"}],"wp:attachment":[{"href":"https:\/\/radiolarioja.com.ar\/rlr\/wp-json\/wp\/v2\/media?parent=97368"}],"wp:term":[{"taxonomy":"category","embeddable":true,"href":"https:\/\/radiolarioja.com.ar\/rlr\/wp-json\/wp\/v2\/categories?post=97368"},{"taxonomy":"post_tag","embeddable":true,"href":"https:\/\/radiolarioja.com.ar\/rlr\/wp-json\/wp\/v2\/tags?post=97368"}],"curies":[{"name":"wp","href":"https:\/\/api.w.org\/{rel}","templated":true}]}}