{"id":97365,"date":"2026-09-01T12:13:48","date_gmt":"2026-09-01T15:13:48","guid":{"rendered":"https:\/\/radiolarioja.com.ar\/rlr\/?p=97365"},"modified":"2026-09-01T12:13:49","modified_gmt":"2026-09-01T15:13:49","slug":"los-tekis-presentan-andina-un-album-que-regresa-a-la-raiz-y-celebra-la-identidad-del-norte","status":"publish","type":"post","link":"https:\/\/radiolarioja.com.ar\/rlr\/los-tekis-presentan-andina-un-album-que-regresa-a-la-raiz-y-celebra-la-identidad-del-norte\/","title":{"rendered":"Los Tekis presentan \u00abAndina\u00bb, un \u00e1lbum que regresa a la ra\u00edz y celebra la identidad del norte"},"content":{"rendered":"\n<p class=\"wp-block-paragraph\">La reconocida agrupaci\u00f3n juje\u00f1a Los Tekis anunci\u00f3 el lanzamiento de su nuevo material discogr\u00e1fico titulado <strong>\u00abAndina\u00bb<\/strong>, una obra que invita a un viaje sonoro hacia el origen y reafirma el orgullo de las tradiciones comunitarias.<\/p>\n\n\n\n<p class=\"wp-block-paragraph\">Con una fusi\u00f3n caracter\u00edstica entre la fuerza del folklore ancestral y sonidos contempor\u00e1neos, esta propuesta busca rendir homenaje a la riqueza cultural de la regi\u00f3n andina. A trav\u00e9s de sus canciones, el grupo propone reconectar con el esp\u00edritu del carnaval, el respeto por la Pachamama y la celebraci\u00f3n de la identidad colectiva.<\/p>\n\n\n\n<p class=\"wp-block-paragraph\"><strong>Puntos clave del lanzamiento<\/strong><\/p>\n\n\n\n<ul class=\"wp-block-list\">\n<li class=\"\"><strong>Reconexi\u00f3n cultural:<\/strong> El concepto central gira en torno a volver a las ra\u00edces y poner en valor la herencia recibida.<\/li>\n\n\n\n<li class=\"\"><strong>Sonoridad caracter\u00edstica:<\/strong> Mantiene la potencia del ensamble de vientos, charangos y ritmos festivos que distinguen a la banda.<\/li>\n\n\n\n<li class=\"\"><strong>Mensaje de unidad:<\/strong> Un llamado a celebrar \u00abquienes somos\u00bb a trav\u00e9s del encuentro, la m\u00fasica y la alegr\u00eda popular.<\/li>\n<\/ul>\n\n\n\n<p class=\"wp-block-paragraph\">\u00abAndina\u00bb ya se perfila como una de las producciones m\u00e1s conceptuales e introspectivas de la banda, sin perder la energ\u00eda festiva que ha conquistado a escenarios de todo el pa\u00eds durante m\u00e1s de dos d\u00e9cadas. El \u00e1lbum estar\u00e1 disponible pr\u00f3ximamente en todas las plataformas digitales.<\/p>\n\n\n\n<figure class=\"wp-block-image size-full is-resized\"><a href=\"https:\/\/radiolarioja.com.ar\/rlr\/wp-content\/uploads\/2026\/09\/images-2026-09-01T121248.471.jpg\"><img fetchpriority=\"high\" decoding=\"async\" width=\"733\" height=\"417\" src=\"https:\/\/radiolarioja.com.ar\/rlr\/wp-content\/uploads\/2026\/09\/images-2026-09-01T121248.471.jpg\" alt=\"\" class=\"wp-image-97366\" style=\"width:1068px;height:auto\" srcset=\"https:\/\/radiolarioja.com.ar\/rlr\/wp-content\/uploads\/2026\/09\/images-2026-09-01T121248.471.jpg 733w, https:\/\/radiolarioja.com.ar\/rlr\/wp-content\/uploads\/2026\/09\/images-2026-09-01T121248.471-323x184.jpg 323w, https:\/\/radiolarioja.com.ar\/rlr\/wp-content\/uploads\/2026\/09\/images-2026-09-01T121248.471-300x171.jpg 300w, https:\/\/radiolarioja.com.ar\/rlr\/wp-content\/uploads\/2026\/09\/images-2026-09-01T121248.471-694x395.jpg 694w, https:\/\/radiolarioja.com.ar\/rlr\/wp-content\/uploads\/2026\/09\/images-2026-09-01T121248.471-281x160.jpg 281w, https:\/\/radiolarioja.com.ar\/rlr\/wp-content\/uploads\/2026\/09\/images-2026-09-01T121248.471-355x202.jpg 355w, https:\/\/radiolarioja.com.ar\/rlr\/wp-content\/uploads\/2026\/09\/images-2026-09-01T121248.471-458x261.jpg 458w, https:\/\/radiolarioja.com.ar\/rlr\/wp-content\/uploads\/2026\/09\/images-2026-09-01T121248.471-676x385.jpg 676w\" sizes=\"(max-width: 733px) 100vw, 733px\" \/><\/a><\/figure>\n\n\n\n<p class=\"wp-block-paragraph\"><\/p>\n","protected":false},"excerpt":{"rendered":"<p>La reconocida agrupaci\u00f3n juje\u00f1a Los Tekis anunci\u00f3 el lanzamiento de su nuevo material discogr\u00e1fico titulado \u00abAndina\u00bb, una obra que invita a un viaje sonoro hacia el origen y reafirma el orgullo de las tradiciones comunitarias. Con una fusi\u00f3n caracter\u00edstica entre la fuerza del folklore ancestral y sonidos contempor\u00e1neos, esta propuesta busca rendir homenaje a la [&hellip;]<\/p>\n","protected":false},"author":2,"featured_media":97366,"comment_status":"open","ping_status":"open","sticky":false,"template":"","format":"standard","meta":{"tdm_status":"","tdm_grid_status":"","footnotes":""},"categories":[15],"tags":[],"class_list":["post-97365","post","type-post","status-publish","format-standard","has-post-thumbnail","category-nacional"],"featured_image_urls":{"full":["https:\/\/radiolarioja.com.ar\/rlr\/wp-content\/uploads\/2026\/09\/images-2026-09-01T121248.471.jpg",733,417,false],"thumbnail":["https:\/\/radiolarioja.com.ar\/rlr\/wp-content\/uploads\/2026\/09\/images-2026-09-01T121248.471-150x150.jpg",150,150,true],"medium":["https:\/\/radiolarioja.com.ar\/rlr\/wp-content\/uploads\/2026\/09\/images-2026-09-01T121248.471-300x171.jpg",300,171,true],"medium_large":["https:\/\/radiolarioja.com.ar\/rlr\/wp-content\/uploads\/2026\/09\/images-2026-09-01T121248.471.jpg",696,396,false],"large":["https:\/\/radiolarioja.com.ar\/rlr\/wp-content\/uploads\/2026\/09\/images-2026-09-01T121248.471.jpg",696,396,false],"1536x1536":["https:\/\/radiolarioja.com.ar\/rlr\/wp-content\/uploads\/2026\/09\/images-2026-09-01T121248.471.jpg",733,417,false],"2048x2048":["https:\/\/radiolarioja.com.ar\/rlr\/wp-content\/uploads\/2026\/09\/images-2026-09-01T121248.471.jpg",733,417,false],"td_218x150":["https:\/\/radiolarioja.com.ar\/rlr\/wp-content\/uploads\/2026\/09\/images-2026-09-01T121248.471-218x150.jpg",218,150,true],"td_324x400":["https:\/\/radiolarioja.com.ar\/rlr\/wp-content\/uploads\/2026\/09\/images-2026-09-01T121248.471-323x184.jpg",323,184,true],"td_485x360":["https:\/\/radiolarioja.com.ar\/rlr\/wp-content\/uploads\/2026\/09\/images-2026-09-01T121248.471-485x360.jpg",485,360,true],"td_696x0":["https:\/\/radiolarioja.com.ar\/rlr\/wp-content\/uploads\/2026\/09\/images-2026-09-01T121248.471-694x395.jpg",694,395,true],"td_1068x0":["https:\/\/radiolarioja.com.ar\/rlr\/wp-content\/uploads\/2026\/09\/images-2026-09-01T121248.471.jpg",733,417,false],"td_1920x0":["https:\/\/radiolarioja.com.ar\/rlr\/wp-content\/uploads\/2026\/09\/images-2026-09-01T121248.471.jpg",733,417,false],"td_0x420":["https:\/\/radiolarioja.com.ar\/rlr\/wp-content\/uploads\/2026\/09\/images-2026-09-01T121248.471.jpg",733,417,false],"td_80x60":["https:\/\/radiolarioja.com.ar\/rlr\/wp-content\/uploads\/2026\/09\/images-2026-09-01T121248.471-80x60.jpg",80,60,true],"td_100x70":["https:\/\/radiolarioja.com.ar\/rlr\/wp-content\/uploads\/2026\/09\/images-2026-09-01T121248.471-100x70.jpg",100,70,true],"td_265x198":["https:\/\/radiolarioja.com.ar\/rlr\/wp-content\/uploads\/2026\/09\/images-2026-09-01T121248.471-265x198.jpg",265,198,true],"td_324x160":["https:\/\/radiolarioja.com.ar\/rlr\/wp-content\/uploads\/2026\/09\/images-2026-09-01T121248.471-281x160.jpg",281,160,true],"td_324x235":["https:\/\/radiolarioja.com.ar\/rlr\/wp-content\/uploads\/2026\/09\/images-2026-09-01T121248.471-324x235.jpg",324,235,true],"td_356x220":["https:\/\/radiolarioja.com.ar\/rlr\/wp-content\/uploads\/2026\/09\/images-2026-09-01T121248.471-356x220.jpg",356,220,true],"td_356x364":["https:\/\/radiolarioja.com.ar\/rlr\/wp-content\/uploads\/2026\/09\/images-2026-09-01T121248.471-355x202.jpg",355,202,true],"td_533x261":["https:\/\/radiolarioja.com.ar\/rlr\/wp-content\/uploads\/2026\/09\/images-2026-09-01T121248.471-458x261.jpg",458,261,true],"td_534x462":["https:\/\/radiolarioja.com.ar\/rlr\/wp-content\/uploads\/2026\/09\/images-2026-09-01T121248.471-534x417.jpg",534,417,true],"td_696x385":["https:\/\/radiolarioja.com.ar\/rlr\/wp-content\/uploads\/2026\/09\/images-2026-09-01T121248.471-676x385.jpg",676,385,true],"td_741x486":["https:\/\/radiolarioja.com.ar\/rlr\/wp-content\/uploads\/2026\/09\/images-2026-09-01T121248.471.jpg",733,417,false],"td_1068x580":["https:\/\/radiolarioja.com.ar\/rlr\/wp-content\/uploads\/2026\/09\/images-2026-09-01T121248.471.jpg",733,417,false]},"author_info":{"info":["RadioLaRioja"]},"category_info":"<a href=\"https:\/\/radiolarioja.com.ar\/rlr\/category\/nacional\/\" rel=\"category tag\">Nacional<\/a>","tag_info":"Nacional","comment_count":"0","_links":{"self":[{"href":"https:\/\/radiolarioja.com.ar\/rlr\/wp-json\/wp\/v2\/posts\/97365","targetHints":{"allow":["GET"]}}],"collection":[{"href":"https:\/\/radiolarioja.com.ar\/rlr\/wp-json\/wp\/v2\/posts"}],"about":[{"href":"https:\/\/radiolarioja.com.ar\/rlr\/wp-json\/wp\/v2\/types\/post"}],"author":[{"embeddable":true,"href":"https:\/\/radiolarioja.com.ar\/rlr\/wp-json\/wp\/v2\/users\/2"}],"replies":[{"embeddable":true,"href":"https:\/\/radiolarioja.com.ar\/rlr\/wp-json\/wp\/v2\/comments?post=97365"}],"version-history":[{"count":1,"href":"https:\/\/radiolarioja.com.ar\/rlr\/wp-json\/wp\/v2\/posts\/97365\/revisions"}],"predecessor-version":[{"id":97367,"href":"https:\/\/radiolarioja.com.ar\/rlr\/wp-json\/wp\/v2\/posts\/97365\/revisions\/97367"}],"wp:featuredmedia":[{"embeddable":true,"href":"https:\/\/radiolarioja.com.ar\/rlr\/wp-json\/wp\/v2\/media\/97366"}],"wp:attachment":[{"href":"https:\/\/radiolarioja.com.ar\/rlr\/wp-json\/wp\/v2\/media?parent=97365"}],"wp:term":[{"taxonomy":"category","embeddable":true,"href":"https:\/\/radiolarioja.com.ar\/rlr\/wp-json\/wp\/v2\/categories?post=97365"},{"taxonomy":"post_tag","embeddable":true,"href":"https:\/\/radiolarioja.com.ar\/rlr\/wp-json\/wp\/v2\/tags?post=97365"}],"curies":[{"name":"wp","href":"https:\/\/api.w.org\/{rel}","templated":true}]}}