{"id":97359,"date":"2026-09-01T11:07:07","date_gmt":"2026-09-01T14:07:07","guid":{"rendered":"https:\/\/radiolarioja.com.ar\/rlr\/?p=97359"},"modified":"2026-09-01T11:07:08","modified_gmt":"2026-09-01T14:07:08","slug":"la-provincia-entrego-una-nueva-vivienda-del-plan-angelelli-a-una-familia-del-barrio-santa-barbara","status":"publish","type":"post","link":"https:\/\/radiolarioja.com.ar\/rlr\/la-provincia-entrego-una-nueva-vivienda-del-plan-angelelli-a-una-familia-del-barrio-santa-barbara\/","title":{"rendered":"La Provincia entreg\u00f3 una nueva vivienda del Plan Angelelli a una familia del barrio Santa B\u00e1rbara"},"content":{"rendered":"\n<blockquote class=\"wp-block-quote is-layout-flow wp-block-quote-is-layout-flow\">\n<p class=\"wp-block-paragraph\">POL\u00cdTICA HABITACIONAL<\/p>\n<\/blockquote>\n\n\n\n<p class=\"wp-block-paragraph\">Zaira, Brian y su hija Ail\u00edn recibieron este lunes las llaves de su nuevo hogar como parte de la pol\u00edtica habitacional que lleva adelante el Gobierno de La Rioja. La entrega fue encabezada por la diputada nacional Gabriela Pedrali, impulsora del Plan Angelelli, quien destac\u00f3 la decisi\u00f3n de sostener respuestas concretas para garantizar el acceso a una vivienda digna aun en un contexto econ\u00f3mico complejo.<\/p>\n\n\n\n<p class=\"wp-block-paragraph\">El Gobierno de La Rioja concret\u00f3 este lunes la entrega de una nueva vivienda del Plan Angelelli a una familia del barrio Santa B\u00e1rbara de la <strong>Capital<\/strong>, dando continuidad a una pol\u00edtica provincial destinada a brindar respuestas habitacionales y garantizar el derecho a un hogar digno.<br>Zaira, Brian y su hija Ail\u00edn recibieron las llaves de su casa propia y comenzaron as\u00ed una nueva etapa familiar. La entrega se inscribe en las acciones que el Plan Angelelli desarrolla en distintos puntos de la provincia, con una concepci\u00f3n integral del h\u00e1bitat que busca transformar necesidades concretas en mejores condiciones de vida y nuevas oportunidades.<br>La actividad fue encabezada por la diputada nacional Gabriela Pedrali, impulsora del Plan Angelelli, quien destac\u00f3 que detr\u00e1s de cada vivienda existe una decisi\u00f3n pol\u00edtica, planificaci\u00f3n y un Estado que acompa\u00f1a a las familias, particularmente en un escenario en el que acceder a una casa propia resulta cada vez m\u00e1s dif\u00edcil.<br>\u201cEste Plan es el reflejo de una gesti\u00f3n profundamente humana, que se materializa en acciones concretas como estas. Es planificaci\u00f3n, es pensar en las familias y es seguir trabajando, a\u00fan en tiempos dif\u00edciles, para que m\u00e1s riojanos puedan cumplir el sue\u00f1o de tener su casa propia\u201d, sostuvo.<br>Pedrali agreg\u00f3 que \u201ccuando una familia recibe las llaves de su hogar, no estamos entregando solamente una vivienda: estamos construyendo dignidad, futuro y nuevas oportunidades\u201d.<\/p>\n\n\n\n<p class=\"wp-block-paragraph\"><strong>Una casa para comenzar una nueva etapa<br><\/strong>La entrega tuvo un significado especial para Zaira y Brian, quienes recibieron su nuevo hogar junto a su hija Ail\u00edn despu\u00e9s de esperar durante mucho tiempo la posibilidad de contar con una vivienda propia.<br>\u201cEstoy que exploto de emoci\u00f3n. Es algo que ven\u00edamos esperando hace tanto tiempo. Hoy mi hija ya tiene su casa y es algo que voy a estar agradecida toda la vida\u201d, expres\u00f3 Zaira.<br>Para la familia, acceder a la vivienda significa no solamente contar con un techo propio, sino tambi\u00e9n la posibilidad de proyectar una nueva etapa y ofrecerle a Ail\u00edn un espacio donde crecer y desarrollar su vida cotidiana.<br>\u201cElla so\u00f1aba con tener su pieza, su lugar, para invitar a sus amigas y hacer pijamadas. Est\u00e1 s\u00faper contenta. Es un sue\u00f1o cumplido\u201d, cont\u00f3 su mam\u00e1.<br>Zaira tambi\u00e9n valor\u00f3 el acompa\u00f1amiento recibido y las transformaciones que el Plan Angelelli viene generando en el barrio Santa B\u00e1rbara. \u201cEs un barrio muy lindo, entre vecinos somos muy unidos y las casas son hermosas. Nunca hubiera podido hacerlo sola. Nosotros vivimos el d\u00eda a d\u00eda y cuesta mucho\u201d, se\u00f1al\u00f3.<\/p>\n\n\n\n<p class=\"wp-block-paragraph\"><strong>Una pol\u00edtica provincial de acceso al h\u00e1bitat<br><\/strong>La historia de Zaira, Brian y Ail\u00edn se suma a la de otras familias que encontraron en el Plan Angelelli una respuesta del Estado provincial frente a la necesidad de acceder a una vivienda digna.<br>Desde su puesta en marcha, el programa sostiene una mirada integral sobre el h\u00e1bitat, entendiendo que la vivienda trasciende la construcci\u00f3n f\u00edsica y constituye un punto de partida para fortalecer los v\u00ednculos familiares, la integraci\u00f3n comunitaria y las oportunidades de desarrollo.<br>De esta manera, el Gobierno de La Rioja contin\u00faa sosteniendo el Plan Angelelli como una pol\u00edtica habitacional provincial, orientada a acompa\u00f1ar a las familias que encuentran mayores dificultades para acceder por sus propios medios a una vivienda y avanzar en la construcci\u00f3n de un proyecto de vida.<\/p>\n\n\n\n<figure class=\"wp-block-image size-large\"><a href=\"https:\/\/radiolarioja.com.ar\/rlr\/wp-content\/uploads\/2026\/09\/WhatsApp-Image-2026-09-01-at-11.05.27-2.jpeg\"><img fetchpriority=\"high\" decoding=\"async\" width=\"1024\" height=\"683\" src=\"https:\/\/radiolarioja.com.ar\/rlr\/wp-content\/uploads\/2026\/09\/WhatsApp-Image-2026-09-01-at-11.05.27-2-1024x683.jpeg\" alt=\"\" class=\"wp-image-97362\" srcset=\"https:\/\/radiolarioja.com.ar\/rlr\/wp-content\/uploads\/2026\/09\/WhatsApp-Image-2026-09-01-at-11.05.27-2-1024x683.jpeg 1024w, https:\/\/radiolarioja.com.ar\/rlr\/wp-content\/uploads\/2026\/09\/WhatsApp-Image-2026-09-01-at-11.05.27-2-300x200.jpeg 300w, https:\/\/radiolarioja.com.ar\/rlr\/wp-content\/uploads\/2026\/09\/WhatsApp-Image-2026-09-01-at-11.05.27-2-768x512.jpeg 768w, https:\/\/radiolarioja.com.ar\/rlr\/wp-content\/uploads\/2026\/09\/WhatsApp-Image-2026-09-01-at-11.05.27-2-324x216.jpeg 324w, https:\/\/radiolarioja.com.ar\/rlr\/wp-content\/uploads\/2026\/09\/WhatsApp-Image-2026-09-01-at-11.05.27-2-696x464.jpeg 696w, https:\/\/radiolarioja.com.ar\/rlr\/wp-content\/uploads\/2026\/09\/WhatsApp-Image-2026-09-01-at-11.05.27-2-1068x712.jpeg 1068w, https:\/\/radiolarioja.com.ar\/rlr\/wp-content\/uploads\/2026\/09\/WhatsApp-Image-2026-09-01-at-11.05.27-2-240x160.jpeg 240w, https:\/\/radiolarioja.com.ar\/rlr\/wp-content\/uploads\/2026\/09\/WhatsApp-Image-2026-09-01-at-11.05.27-2-330x220.jpeg 330w, https:\/\/radiolarioja.com.ar\/rlr\/wp-content\/uploads\/2026\/09\/WhatsApp-Image-2026-09-01-at-11.05.27-2-356x237.jpeg 356w, https:\/\/radiolarioja.com.ar\/rlr\/wp-content\/uploads\/2026\/09\/WhatsApp-Image-2026-09-01-at-11.05.27-2-391x261.jpeg 391w, https:\/\/radiolarioja.com.ar\/rlr\/wp-content\/uploads\/2026\/09\/WhatsApp-Image-2026-09-01-at-11.05.27-2-577x385.jpeg 577w, https:\/\/radiolarioja.com.ar\/rlr\/wp-content\/uploads\/2026\/09\/WhatsApp-Image-2026-09-01-at-11.05.27-2-729x486.jpeg 729w, https:\/\/radiolarioja.com.ar\/rlr\/wp-content\/uploads\/2026\/09\/WhatsApp-Image-2026-09-01-at-11.05.27-2-870x580.jpeg 870w, https:\/\/radiolarioja.com.ar\/rlr\/wp-content\/uploads\/2026\/09\/WhatsApp-Image-2026-09-01-at-11.05.27-2.jpeg 1536w\" sizes=\"(max-width: 1024px) 100vw, 1024px\" \/><\/a><\/figure>\n\n\n\n<figure class=\"wp-block-gallery has-nested-images columns-default is-cropped wp-block-gallery-1 is-layout-flex wp-block-gallery-is-layout-flex\">\n<figure class=\"wp-block-image size-large\"><a href=\"https:\/\/radiolarioja.com.ar\/rlr\/wp-content\/uploads\/2026\/09\/WhatsApp-Image-2026-09-01-at-11.05.27-3.jpeg\"><img decoding=\"async\" width=\"1024\" height=\"683\" data-id=\"97363\" src=\"https:\/\/radiolarioja.com.ar\/rlr\/wp-content\/uploads\/2026\/09\/WhatsApp-Image-2026-09-01-at-11.05.27-3-1024x683.jpeg\" alt=\"\" class=\"wp-image-97363\" srcset=\"https:\/\/radiolarioja.com.ar\/rlr\/wp-content\/uploads\/2026\/09\/WhatsApp-Image-2026-09-01-at-11.05.27-3-1024x683.jpeg 1024w, https:\/\/radiolarioja.com.ar\/rlr\/wp-content\/uploads\/2026\/09\/WhatsApp-Image-2026-09-01-at-11.05.27-3-300x200.jpeg 300w, https:\/\/radiolarioja.com.ar\/rlr\/wp-content\/uploads\/2026\/09\/WhatsApp-Image-2026-09-01-at-11.05.27-3-768x512.jpeg 768w, https:\/\/radiolarioja.com.ar\/rlr\/wp-content\/uploads\/2026\/09\/WhatsApp-Image-2026-09-01-at-11.05.27-3-324x216.jpeg 324w, https:\/\/radiolarioja.com.ar\/rlr\/wp-content\/uploads\/2026\/09\/WhatsApp-Image-2026-09-01-at-11.05.27-3-696x464.jpeg 696w, https:\/\/radiolarioja.com.ar\/rlr\/wp-content\/uploads\/2026\/09\/WhatsApp-Image-2026-09-01-at-11.05.27-3-1068x712.jpeg 1068w, https:\/\/radiolarioja.com.ar\/rlr\/wp-content\/uploads\/2026\/09\/WhatsApp-Image-2026-09-01-at-11.05.27-3-240x160.jpeg 240w, https:\/\/radiolarioja.com.ar\/rlr\/wp-content\/uploads\/2026\/09\/WhatsApp-Image-2026-09-01-at-11.05.27-3-330x220.jpeg 330w, https:\/\/radiolarioja.com.ar\/rlr\/wp-content\/uploads\/2026\/09\/WhatsApp-Image-2026-09-01-at-11.05.27-3-391x261.jpeg 391w, https:\/\/radiolarioja.com.ar\/rlr\/wp-content\/uploads\/2026\/09\/WhatsApp-Image-2026-09-01-at-11.05.27-3-356x237.jpeg 356w, https:\/\/radiolarioja.com.ar\/rlr\/wp-content\/uploads\/2026\/09\/WhatsApp-Image-2026-09-01-at-11.05.27-3-577x385.jpeg 577w, https:\/\/radiolarioja.com.ar\/rlr\/wp-content\/uploads\/2026\/09\/WhatsApp-Image-2026-09-01-at-11.05.27-3-729x486.jpeg 729w, https:\/\/radiolarioja.com.ar\/rlr\/wp-content\/uploads\/2026\/09\/WhatsApp-Image-2026-09-01-at-11.05.27-3-870x580.jpeg 870w, https:\/\/radiolarioja.com.ar\/rlr\/wp-content\/uploads\/2026\/09\/WhatsApp-Image-2026-09-01-at-11.05.27-3.jpeg 1536w\" sizes=\"(max-width: 1024px) 100vw, 1024px\" \/><\/a><\/figure>\n\n\n\n<figure class=\"wp-block-image size-large\"><a href=\"https:\/\/radiolarioja.com.ar\/rlr\/wp-content\/uploads\/2026\/09\/WhatsApp-Image-2026-09-01-at-11.05.27-1.jpeg\"><img decoding=\"async\" width=\"1024\" height=\"683\" data-id=\"97360\" src=\"https:\/\/radiolarioja.com.ar\/rlr\/wp-content\/uploads\/2026\/09\/WhatsApp-Image-2026-09-01-at-11.05.27-1-1024x683.jpeg\" alt=\"\" class=\"wp-image-97360\" srcset=\"https:\/\/radiolarioja.com.ar\/rlr\/wp-content\/uploads\/2026\/09\/WhatsApp-Image-2026-09-01-at-11.05.27-1-1024x683.jpeg 1024w, https:\/\/radiolarioja.com.ar\/rlr\/wp-content\/uploads\/2026\/09\/WhatsApp-Image-2026-09-01-at-11.05.27-1-300x200.jpeg 300w, https:\/\/radiolarioja.com.ar\/rlr\/wp-content\/uploads\/2026\/09\/WhatsApp-Image-2026-09-01-at-11.05.27-1-768x512.jpeg 768w, https:\/\/radiolarioja.com.ar\/rlr\/wp-content\/uploads\/2026\/09\/WhatsApp-Image-2026-09-01-at-11.05.27-1-324x216.jpeg 324w, https:\/\/radiolarioja.com.ar\/rlr\/wp-content\/uploads\/2026\/09\/WhatsApp-Image-2026-09-01-at-11.05.27-1-1068x712.jpeg 1068w, https:\/\/radiolarioja.com.ar\/rlr\/wp-content\/uploads\/2026\/09\/WhatsApp-Image-2026-09-01-at-11.05.27-1-696x464.jpeg 696w, https:\/\/radiolarioja.com.ar\/rlr\/wp-content\/uploads\/2026\/09\/WhatsApp-Image-2026-09-01-at-11.05.27-1-240x160.jpeg 240w, https:\/\/radiolarioja.com.ar\/rlr\/wp-content\/uploads\/2026\/09\/WhatsApp-Image-2026-09-01-at-11.05.27-1-330x220.jpeg 330w, https:\/\/radiolarioja.com.ar\/rlr\/wp-content\/uploads\/2026\/09\/WhatsApp-Image-2026-09-01-at-11.05.27-1-356x237.jpeg 356w, https:\/\/radiolarioja.com.ar\/rlr\/wp-content\/uploads\/2026\/09\/WhatsApp-Image-2026-09-01-at-11.05.27-1-391x261.jpeg 391w, https:\/\/radiolarioja.com.ar\/rlr\/wp-content\/uploads\/2026\/09\/WhatsApp-Image-2026-09-01-at-11.05.27-1-729x486.jpeg 729w, https:\/\/radiolarioja.com.ar\/rlr\/wp-content\/uploads\/2026\/09\/WhatsApp-Image-2026-09-01-at-11.05.27-1-577x385.jpeg 577w, https:\/\/radiolarioja.com.ar\/rlr\/wp-content\/uploads\/2026\/09\/WhatsApp-Image-2026-09-01-at-11.05.27-1-870x580.jpeg 870w, https:\/\/radiolarioja.com.ar\/rlr\/wp-content\/uploads\/2026\/09\/WhatsApp-Image-2026-09-01-at-11.05.27-1.jpeg 1536w\" sizes=\"(max-width: 1024px) 100vw, 1024px\" \/><\/a><\/figure>\n<\/figure>\n","protected":false},"excerpt":{"rendered":"<p>POL\u00cdTICA HABITACIONAL Zaira, Brian y su hija Ail\u00edn recibieron este lunes las llaves de su nuevo hogar como parte de la pol\u00edtica habitacional que lleva adelante el Gobierno de La Rioja. La entrega fue encabezada por la diputada nacional Gabriela Pedrali, impulsora del Plan Angelelli, quien destac\u00f3 la decisi\u00f3n de sostener respuestas concretas para garantizar [&hellip;]<\/p>\n","protected":false},"author":2,"featured_media":97362,"comment_status":"open","ping_status":"open","sticky":false,"template":"","format":"standard","meta":{"tdm_status":"","tdm_grid_status":"","footnotes":""},"categories":[12],"tags":[],"class_list":["post-97359","post","type-post","status-publish","format-standard","has-post-thumbnail","category-local"],"featured_image_urls":{"full":["https:\/\/radiolarioja.com.ar\/rlr\/wp-content\/uploads\/2026\/09\/WhatsApp-Image-2026-09-01-at-11.05.27-2.jpeg",1536,1024,false],"thumbnail":["https:\/\/radiolarioja.com.ar\/rlr\/wp-content\/uploads\/2026\/09\/WhatsApp-Image-2026-09-01-at-11.05.27-2-150x150.jpeg",150,150,true],"medium":["https:\/\/radiolarioja.com.ar\/rlr\/wp-content\/uploads\/2026\/09\/WhatsApp-Image-2026-09-01-at-11.05.27-2-300x200.jpeg",300,200,true],"medium_large":["https:\/\/radiolarioja.com.ar\/rlr\/wp-content\/uploads\/2026\/09\/WhatsApp-Image-2026-09-01-at-11.05.27-2-768x512.jpeg",696,464,true],"large":["https:\/\/radiolarioja.com.ar\/rlr\/wp-content\/uploads\/2026\/09\/WhatsApp-Image-2026-09-01-at-11.05.27-2-1024x683.jpeg",696,464,true],"1536x1536":["https:\/\/radiolarioja.com.ar\/rlr\/wp-content\/uploads\/2026\/09\/WhatsApp-Image-2026-09-01-at-11.05.27-2.jpeg",1536,1024,false],"2048x2048":["https:\/\/radiolarioja.com.ar\/rlr\/wp-content\/uploads\/2026\/09\/WhatsApp-Image-2026-09-01-at-11.05.27-2.jpeg",1536,1024,false],"td_218x150":["https:\/\/radiolarioja.com.ar\/rlr\/wp-content\/uploads\/2026\/09\/WhatsApp-Image-2026-09-01-at-11.05.27-2-218x150.jpeg",218,150,true],"td_324x400":["https:\/\/radiolarioja.com.ar\/rlr\/wp-content\/uploads\/2026\/09\/WhatsApp-Image-2026-09-01-at-11.05.27-2-324x216.jpeg",324,216,true],"td_485x360":["https:\/\/radiolarioja.com.ar\/rlr\/wp-content\/uploads\/2026\/09\/WhatsApp-Image-2026-09-01-at-11.05.27-2-485x360.jpeg",485,360,true],"td_696x0":["https:\/\/radiolarioja.com.ar\/rlr\/wp-content\/uploads\/2026\/09\/WhatsApp-Image-2026-09-01-at-11.05.27-2-696x464.jpeg",696,464,true],"td_1068x0":["https:\/\/radiolarioja.com.ar\/rlr\/wp-content\/uploads\/2026\/09\/WhatsApp-Image-2026-09-01-at-11.05.27-2-1068x712.jpeg",1068,712,true],"td_1920x0":["https:\/\/radiolarioja.com.ar\/rlr\/wp-content\/uploads\/2026\/09\/WhatsApp-Image-2026-09-01-at-11.05.27-2.jpeg",1536,1024,false],"td_0x420":["https:\/\/radiolarioja.com.ar\/rlr\/wp-content\/uploads\/2026\/09\/WhatsApp-Image-2026-09-01-at-11.05.27-2.jpeg",630,420,false],"td_80x60":["https:\/\/radiolarioja.com.ar\/rlr\/wp-content\/uploads\/2026\/09\/WhatsApp-Image-2026-09-01-at-11.05.27-2-80x60.jpeg",80,60,true],"td_100x70":["https:\/\/radiolarioja.com.ar\/rlr\/wp-content\/uploads\/2026\/09\/WhatsApp-Image-2026-09-01-at-11.05.27-2-100x70.jpeg",100,70,true],"td_265x198":["https:\/\/radiolarioja.com.ar\/rlr\/wp-content\/uploads\/2026\/09\/WhatsApp-Image-2026-09-01-at-11.05.27-2-265x198.jpeg",265,198,true],"td_324x160":["https:\/\/radiolarioja.com.ar\/rlr\/wp-content\/uploads\/2026\/09\/WhatsApp-Image-2026-09-01-at-11.05.27-2-240x160.jpeg",240,160,true],"td_324x235":["https:\/\/radiolarioja.com.ar\/rlr\/wp-content\/uploads\/2026\/09\/WhatsApp-Image-2026-09-01-at-11.05.27-2-324x235.jpeg",324,235,true],"td_356x220":["https:\/\/radiolarioja.com.ar\/rlr\/wp-content\/uploads\/2026\/09\/WhatsApp-Image-2026-09-01-at-11.05.27-2-330x220.jpeg",330,220,true],"td_356x364":["https:\/\/radiolarioja.com.ar\/rlr\/wp-content\/uploads\/2026\/09\/WhatsApp-Image-2026-09-01-at-11.05.27-2-356x237.jpeg",356,237,true],"td_533x261":["https:\/\/radiolarioja.com.ar\/rlr\/wp-content\/uploads\/2026\/09\/WhatsApp-Image-2026-09-01-at-11.05.27-2-391x261.jpeg",391,261,true],"td_534x462":["https:\/\/radiolarioja.com.ar\/rlr\/wp-content\/uploads\/2026\/09\/WhatsApp-Image-2026-09-01-at-11.05.27-2-534x462.jpeg",534,462,true],"td_696x385":["https:\/\/radiolarioja.com.ar\/rlr\/wp-content\/uploads\/2026\/09\/WhatsApp-Image-2026-09-01-at-11.05.27-2-577x385.jpeg",577,385,true],"td_741x486":["https:\/\/radiolarioja.com.ar\/rlr\/wp-content\/uploads\/2026\/09\/WhatsApp-Image-2026-09-01-at-11.05.27-2-729x486.jpeg",729,486,true],"td_1068x580":["https:\/\/radiolarioja.com.ar\/rlr\/wp-content\/uploads\/2026\/09\/WhatsApp-Image-2026-09-01-at-11.05.27-2-870x580.jpeg",870,580,true]},"author_info":{"info":["RadioLaRioja"]},"category_info":"<a href=\"https:\/\/radiolarioja.com.ar\/rlr\/category\/local\/\" rel=\"category tag\">Local<\/a>","tag_info":"Local","comment_count":"0","_links":{"self":[{"href":"https:\/\/radiolarioja.com.ar\/rlr\/wp-json\/wp\/v2\/posts\/97359","targetHints":{"allow":["GET"]}}],"collection":[{"href":"https:\/\/radiolarioja.com.ar\/rlr\/wp-json\/wp\/v2\/posts"}],"about":[{"href":"https:\/\/radiolarioja.com.ar\/rlr\/wp-json\/wp\/v2\/types\/post"}],"author":[{"embeddable":true,"href":"https:\/\/radiolarioja.com.ar\/rlr\/wp-json\/wp\/v2\/users\/2"}],"replies":[{"embeddable":true,"href":"https:\/\/radiolarioja.com.ar\/rlr\/wp-json\/wp\/v2\/comments?post=97359"}],"version-history":[{"count":1,"href":"https:\/\/radiolarioja.com.ar\/rlr\/wp-json\/wp\/v2\/posts\/97359\/revisions"}],"predecessor-version":[{"id":97364,"href":"https:\/\/radiolarioja.com.ar\/rlr\/wp-json\/wp\/v2\/posts\/97359\/revisions\/97364"}],"wp:featuredmedia":[{"embeddable":true,"href":"https:\/\/radiolarioja.com.ar\/rlr\/wp-json\/wp\/v2\/media\/97362"}],"wp:attachment":[{"href":"https:\/\/radiolarioja.com.ar\/rlr\/wp-json\/wp\/v2\/media?parent=97359"}],"wp:term":[{"taxonomy":"category","embeddable":true,"href":"https:\/\/radiolarioja.com.ar\/rlr\/wp-json\/wp\/v2\/categories?post=97359"},{"taxonomy":"post_tag","embeddable":true,"href":"https:\/\/radiolarioja.com.ar\/rlr\/wp-json\/wp\/v2\/tags?post=97359"}],"curies":[{"name":"wp","href":"https:\/\/api.w.org\/{rel}","templated":true}]}}