{"id":97355,"date":"2026-09-01T10:54:56","date_gmt":"2026-09-01T13:54:56","guid":{"rendered":"https:\/\/radiolarioja.com.ar\/rlr\/?p=97355"},"modified":"2026-09-01T10:54:58","modified_gmt":"2026-09-01T13:54:58","slug":"juicio-por-trini-ordenan-la-detencion-de-federico-luna-tras-faltar-a-la-audiencia","status":"publish","type":"post","link":"https:\/\/radiolarioja.com.ar\/rlr\/juicio-por-trini-ordenan-la-detencion-de-federico-luna-tras-faltar-a-la-audiencia\/","title":{"rendered":"Juicio por \u00abTrini\u00bb: ordenan la detenci\u00f3n de Federico Luna tras faltar a la audiencia"},"content":{"rendered":"\n<p class=\"wp-block-paragraph\">Un inesperado giro procesal paraliz\u00f3 el desarrollo del juicio oral y p\u00fablico contra el m\u00e9dico Federico Luna, imputado por la muerte de Trinidad \u00abTrini\u00bb Ruarte y por provocar lesiones a Melani Estrada. La jornada de debate debi\u00f3 suspenderse abruptamente luego de constatarse la inasistencia del acusado, quien se habr\u00eda trasladado a la provincia de San Juan sin autorizaci\u00f3n judicial.<\/p>\n\n\n\n<p class=\"wp-block-paragraph\">El imputado viol\u00f3 de manera directa una de las condiciones clave fijadas para mantener su libertad durante el proceso: la prohibici\u00f3n de salir de la provincia de La Rioja sin previa notificaci\u00f3n y aval formal de la Justicia. Seg\u00fan trascendi\u00f3, se encontrar\u00eda realizando tareas en una zona minera de la provincia vecina y su defensa habr\u00eda intentado justificar la inasistencia mediante la presentaci\u00f3n de un certificado m\u00e9dico que est\u00e1 bajo sospecha de ser ap\u00f3crifo.<\/p>\n\n\n\n<p class=\"wp-block-paragraph\">Ante esta situaci\u00f3n, y tras el pedido formal realizado por la querella a cargo del abogado Sergio G\u00f3mez, la jueza Sara L\u00f3pez Douglas dispuso suspender la audiencia y libr\u00f3 de inmediato la orden de detenci\u00f3n contra el acusado por el incumplimiento de las reglas de excarcelaci\u00f3n.<\/p>\n\n\n\n<p class=\"wp-block-paragraph\">Cabe recordar que Federico Luna afronta el juicio imputado por los delitos de <em>Homicidio Culposo Agravado por la fuga<\/em>, <em>Lesiones Culposas<\/em> y <em>Atentado a la Autoridad Agravado<\/em>. El reinicio del debate quedar\u00e1 supeditado a que las fuerzas de seguridad efectivicen su aprehensi\u00f3n y lo pongan a disposici\u00f3n del Tribunal de la C\u00e1mara Tercera en lo Criminal y Correccional.<\/p>\n\n\n\n<figure class=\"wp-block-image size-full is-resized\"><a href=\"https:\/\/radiolarioja.com.ar\/rlr\/wp-content\/uploads\/2026\/09\/image.png\"><img fetchpriority=\"high\" decoding=\"async\" width=\"636\" height=\"490\" src=\"https:\/\/radiolarioja.com.ar\/rlr\/wp-content\/uploads\/2026\/09\/image.png\" alt=\"\" class=\"wp-image-97356\" style=\"width:1068px;height:auto\" srcset=\"https:\/\/radiolarioja.com.ar\/rlr\/wp-content\/uploads\/2026\/09\/image.png 636w, https:\/\/radiolarioja.com.ar\/rlr\/wp-content\/uploads\/2026\/09\/image-300x231.png 300w, https:\/\/radiolarioja.com.ar\/rlr\/wp-content\/uploads\/2026\/09\/image-323x249.png 323w, https:\/\/radiolarioja.com.ar\/rlr\/wp-content\/uploads\/2026\/09\/image-194x149.png 194w, https:\/\/radiolarioja.com.ar\/rlr\/wp-content\/uploads\/2026\/09\/image-467x360.png 467w, https:\/\/radiolarioja.com.ar\/rlr\/wp-content\/uploads\/2026\/09\/image-77x59.png 77w, https:\/\/radiolarioja.com.ar\/rlr\/wp-content\/uploads\/2026\/09\/image-90x69.png 90w, https:\/\/radiolarioja.com.ar\/rlr\/wp-content\/uploads\/2026\/09\/image-207x159.png 207w, https:\/\/radiolarioja.com.ar\/rlr\/wp-content\/uploads\/2026\/09\/image-256x197.png 256w, https:\/\/radiolarioja.com.ar\/rlr\/wp-content\/uploads\/2026\/09\/image-305x235.png 305w, https:\/\/radiolarioja.com.ar\/rlr\/wp-content\/uploads\/2026\/09\/image-285x220.png 285w, https:\/\/radiolarioja.com.ar\/rlr\/wp-content\/uploads\/2026\/09\/image-356x274.png 356w, https:\/\/radiolarioja.com.ar\/rlr\/wp-content\/uploads\/2026\/09\/image-338x260.png 338w, https:\/\/radiolarioja.com.ar\/rlr\/wp-content\/uploads\/2026\/09\/image-499x384.png 499w, https:\/\/radiolarioja.com.ar\/rlr\/wp-content\/uploads\/2026\/09\/image-630x485.png 630w\" sizes=\"(max-width: 636px) 100vw, 636px\" \/><\/a><\/figure>\n","protected":false},"excerpt":{"rendered":"<p>Un inesperado giro procesal paraliz\u00f3 el desarrollo del juicio oral y p\u00fablico contra el m\u00e9dico Federico Luna, imputado por la muerte de Trinidad \u00abTrini\u00bb Ruarte y por provocar lesiones a Melani Estrada. La jornada de debate debi\u00f3 suspenderse abruptamente luego de constatarse la inasistencia del acusado, quien se habr\u00eda trasladado a la provincia de San [&hellip;]<\/p>\n","protected":false},"author":2,"featured_media":97356,"comment_status":"open","ping_status":"open","sticky":false,"template":"","format":"standard","meta":{"tdm_status":"","tdm_grid_status":"","footnotes":""},"categories":[17],"tags":[],"class_list":["post-97355","post","type-post","status-publish","format-standard","has-post-thumbnail","category-justicia"],"featured_image_urls":{"full":["https:\/\/radiolarioja.com.ar\/rlr\/wp-content\/uploads\/2026\/09\/image.png",636,490,false],"thumbnail":["https:\/\/radiolarioja.com.ar\/rlr\/wp-content\/uploads\/2026\/09\/image-150x150.png",150,150,true],"medium":["https:\/\/radiolarioja.com.ar\/rlr\/wp-content\/uploads\/2026\/09\/image-300x231.png",300,231,true],"medium_large":["https:\/\/radiolarioja.com.ar\/rlr\/wp-content\/uploads\/2026\/09\/image.png",636,490,false],"large":["https:\/\/radiolarioja.com.ar\/rlr\/wp-content\/uploads\/2026\/09\/image.png",636,490,false],"1536x1536":["https:\/\/radiolarioja.com.ar\/rlr\/wp-content\/uploads\/2026\/09\/image.png",636,490,false],"2048x2048":["https:\/\/radiolarioja.com.ar\/rlr\/wp-content\/uploads\/2026\/09\/image.png",636,490,false],"td_218x150":["https:\/\/radiolarioja.com.ar\/rlr\/wp-content\/uploads\/2026\/09\/image-194x149.png",194,149,true],"td_324x400":["https:\/\/radiolarioja.com.ar\/rlr\/wp-content\/uploads\/2026\/09\/image-323x249.png",323,249,true],"td_485x360":["https:\/\/radiolarioja.com.ar\/rlr\/wp-content\/uploads\/2026\/09\/image-467x360.png",467,360,true],"td_696x0":["https:\/\/radiolarioja.com.ar\/rlr\/wp-content\/uploads\/2026\/09\/image.png",636,490,false],"td_1068x0":["https:\/\/radiolarioja.com.ar\/rlr\/wp-content\/uploads\/2026\/09\/image.png",636,490,false],"td_1920x0":["https:\/\/radiolarioja.com.ar\/rlr\/wp-content\/uploads\/2026\/09\/image.png",636,490,false],"td_0x420":["https:\/\/radiolarioja.com.ar\/rlr\/wp-content\/uploads\/2026\/09\/image.png",545,420,false],"td_80x60":["https:\/\/radiolarioja.com.ar\/rlr\/wp-content\/uploads\/2026\/09\/image-77x59.png",77,59,true],"td_100x70":["https:\/\/radiolarioja.com.ar\/rlr\/wp-content\/uploads\/2026\/09\/image-90x69.png",90,69,true],"td_265x198":["https:\/\/radiolarioja.com.ar\/rlr\/wp-content\/uploads\/2026\/09\/image-256x197.png",256,197,true],"td_324x160":["https:\/\/radiolarioja.com.ar\/rlr\/wp-content\/uploads\/2026\/09\/image-207x159.png",207,159,true],"td_324x235":["https:\/\/radiolarioja.com.ar\/rlr\/wp-content\/uploads\/2026\/09\/image-305x235.png",305,235,true],"td_356x220":["https:\/\/radiolarioja.com.ar\/rlr\/wp-content\/uploads\/2026\/09\/image-285x220.png",285,220,true],"td_356x364":["https:\/\/radiolarioja.com.ar\/rlr\/wp-content\/uploads\/2026\/09\/image-356x274.png",356,274,true],"td_533x261":["https:\/\/radiolarioja.com.ar\/rlr\/wp-content\/uploads\/2026\/09\/image-338x260.png",338,260,true],"td_534x462":["https:\/\/radiolarioja.com.ar\/rlr\/wp-content\/uploads\/2026\/09\/image-534x461.png",534,461,true],"td_696x385":["https:\/\/radiolarioja.com.ar\/rlr\/wp-content\/uploads\/2026\/09\/image-499x384.png",499,384,true],"td_741x486":["https:\/\/radiolarioja.com.ar\/rlr\/wp-content\/uploads\/2026\/09\/image-630x485.png",630,485,true],"td_1068x580":["https:\/\/radiolarioja.com.ar\/rlr\/wp-content\/uploads\/2026\/09\/image.png",636,490,false]},"author_info":{"info":["RadioLaRioja"]},"category_info":"<a href=\"https:\/\/radiolarioja.com.ar\/rlr\/category\/justicia\/\" rel=\"category tag\">Justicia<\/a>","tag_info":"Justicia","comment_count":"0","_links":{"self":[{"href":"https:\/\/radiolarioja.com.ar\/rlr\/wp-json\/wp\/v2\/posts\/97355","targetHints":{"allow":["GET"]}}],"collection":[{"href":"https:\/\/radiolarioja.com.ar\/rlr\/wp-json\/wp\/v2\/posts"}],"about":[{"href":"https:\/\/radiolarioja.com.ar\/rlr\/wp-json\/wp\/v2\/types\/post"}],"author":[{"embeddable":true,"href":"https:\/\/radiolarioja.com.ar\/rlr\/wp-json\/wp\/v2\/users\/2"}],"replies":[{"embeddable":true,"href":"https:\/\/radiolarioja.com.ar\/rlr\/wp-json\/wp\/v2\/comments?post=97355"}],"version-history":[{"count":1,"href":"https:\/\/radiolarioja.com.ar\/rlr\/wp-json\/wp\/v2\/posts\/97355\/revisions"}],"predecessor-version":[{"id":97357,"href":"https:\/\/radiolarioja.com.ar\/rlr\/wp-json\/wp\/v2\/posts\/97355\/revisions\/97357"}],"wp:featuredmedia":[{"embeddable":true,"href":"https:\/\/radiolarioja.com.ar\/rlr\/wp-json\/wp\/v2\/media\/97356"}],"wp:attachment":[{"href":"https:\/\/radiolarioja.com.ar\/rlr\/wp-json\/wp\/v2\/media?parent=97355"}],"wp:term":[{"taxonomy":"category","embeddable":true,"href":"https:\/\/radiolarioja.com.ar\/rlr\/wp-json\/wp\/v2\/categories?post=97355"},{"taxonomy":"post_tag","embeddable":true,"href":"https:\/\/radiolarioja.com.ar\/rlr\/wp-json\/wp\/v2\/tags?post=97355"}],"curies":[{"name":"wp","href":"https:\/\/api.w.org\/{rel}","templated":true}]}}