{"id":97351,"date":"2026-09-01T10:48:18","date_gmt":"2026-09-01T13:48:18","guid":{"rendered":"https:\/\/radiolarioja.com.ar\/rlr\/?p=97351"},"modified":"2026-09-01T10:48:20","modified_gmt":"2026-09-01T13:48:20","slug":"causa-por-fondos-viales-aceptan-al-gobernador-ricardo-quintela-como-querellante-contra-luis-caputo","status":"publish","type":"post","link":"https:\/\/radiolarioja.com.ar\/rlr\/causa-por-fondos-viales-aceptan-al-gobernador-ricardo-quintela-como-querellante-contra-luis-caputo\/","title":{"rendered":"Causa por fondos viales: Aceptan al gobernador Ricardo Quintela como querellante contra Luis Caputo"},"content":{"rendered":"\n<p class=\"wp-block-paragraph\"><em>La Justicia Federal admiti\u00f3 el rol del mandatario provincial en la causa que investiga el presunto desv\u00edo de partidas presupuestarias del <strong>SISVIAL <\/strong>y la consecuente par\u00e1lisis de obras clave en infraestructura vial.<\/em><\/p>\n\n\n\n<p class=\"wp-block-paragraph\">La Justicia Federal acept\u00f3 formalmente la solicitud del gobernador de La Rioja, <strong>Ricardo Quintela<\/strong>, para constituirse como parte querellante en la causa penal que se sigue contra el ministro de Econom\u00eda de la Naci\u00f3n, Luis Caputo. La medida otorga al mandatario provincial la facultad de impulsar el expediente, solicitar medidas de prueba y participar activamente en el proceso judicial.<\/p>\n\n\n\n<p class=\"wp-block-paragraph\">La investigaci\u00f3n gira en torno a la presunta asignaci\u00f3n irregular y desv\u00edo de los recursos correspondientes al Sistema de Infraestructura Vial (<strong>SISVIAL<\/strong>), as\u00ed como a la posterior par\u00e1lisis de obras estrat\u00e9gicas en rutas de conectividad clave para la provincia y la regi\u00f3n.<\/p>\n\n\n\n<p class=\"wp-block-paragraph\">Desde la administraci\u00f3n provincial impulsaron la acci\u00f3n legal al se\u00f1alar que la interrupci\u00f3n en el flujo de esos fondos afect\u00f3 de manera directa la ejecuci\u00f3n de obras p\u00fablicas ya comprometidas, lo que gener\u00f3 un perjuicio en la conectividad vial, la seguridad de las rutas y la actividad econ\u00f3mica local.<\/p>\n\n\n\n<p class=\"wp-block-paragraph\">Con esta resoluci\u00f3n judicial, la causa suma un fuerte componente pol\u00edtico e institucional, permitiendo al gobierno riojano tener acceso directo a la recolecci\u00f3n de pruebas e intervenir en cada una de las etapas procesales correspondientes a la causa contra el titular de la cartera econ\u00f3mica nacional.<\/p>\n\n\n\n<figure class=\"wp-block-image size-full is-resized\"><a href=\"https:\/\/radiolarioja.com.ar\/rlr\/wp-content\/uploads\/2026\/09\/images-2026-09-01T104450.469.jpg\"><img fetchpriority=\"high\" decoding=\"async\" width=\"290\" height=\"344\" src=\"https:\/\/radiolarioja.com.ar\/rlr\/wp-content\/uploads\/2026\/09\/images-2026-09-01T104450.469.jpg\" alt=\"\" class=\"wp-image-97352\" style=\"width:1068px;height:auto\" srcset=\"https:\/\/radiolarioja.com.ar\/rlr\/wp-content\/uploads\/2026\/09\/images-2026-09-01T104450.469.jpg 290w, https:\/\/radiolarioja.com.ar\/rlr\/wp-content\/uploads\/2026\/09\/images-2026-09-01T104450.469-253x300.jpg 253w\" sizes=\"(max-width: 290px) 100vw, 290px\" \/><\/a><\/figure>\n\n\n\n<p class=\"wp-block-paragraph\"><\/p>\n","protected":false},"excerpt":{"rendered":"<p>La Justicia Federal admiti\u00f3 el rol del mandatario provincial en la causa que investiga el presunto desv\u00edo de partidas presupuestarias del SISVIAL y la consecuente par\u00e1lisis de obras clave en infraestructura vial. La Justicia Federal acept\u00f3 formalmente la solicitud del gobernador de La Rioja, Ricardo Quintela, para constituirse como parte querellante en la causa penal [&hellip;]<\/p>\n","protected":false},"author":2,"featured_media":97352,"comment_status":"open","ping_status":"open","sticky":false,"template":"","format":"standard","meta":{"tdm_status":"","tdm_grid_status":"","footnotes":""},"categories":[15],"tags":[],"class_list":["post-97351","post","type-post","status-publish","format-standard","has-post-thumbnail","category-nacional"],"featured_image_urls":{"full":["https:\/\/radiolarioja.com.ar\/rlr\/wp-content\/uploads\/2026\/09\/images-2026-09-01T104450.469.jpg",290,344,false],"thumbnail":["https:\/\/radiolarioja.com.ar\/rlr\/wp-content\/uploads\/2026\/09\/images-2026-09-01T104450.469-150x150.jpg",150,150,true],"medium":["https:\/\/radiolarioja.com.ar\/rlr\/wp-content\/uploads\/2026\/09\/images-2026-09-01T104450.469-253x300.jpg",253,300,true],"medium_large":["https:\/\/radiolarioja.com.ar\/rlr\/wp-content\/uploads\/2026\/09\/images-2026-09-01T104450.469.jpg",290,344,false],"large":["https:\/\/radiolarioja.com.ar\/rlr\/wp-content\/uploads\/2026\/09\/images-2026-09-01T104450.469.jpg",290,344,false],"1536x1536":["https:\/\/radiolarioja.com.ar\/rlr\/wp-content\/uploads\/2026\/09\/images-2026-09-01T104450.469.jpg",290,344,false],"2048x2048":["https:\/\/radiolarioja.com.ar\/rlr\/wp-content\/uploads\/2026\/09\/images-2026-09-01T104450.469.jpg",290,344,false],"td_218x150":["https:\/\/radiolarioja.com.ar\/rlr\/wp-content\/uploads\/2026\/09\/images-2026-09-01T104450.469-218x150.jpg",218,150,true],"td_324x400":["https:\/\/radiolarioja.com.ar\/rlr\/wp-content\/uploads\/2026\/09\/images-2026-09-01T104450.469.jpg",290,344,false],"td_485x360":["https:\/\/radiolarioja.com.ar\/rlr\/wp-content\/uploads\/2026\/09\/images-2026-09-01T104450.469.jpg",290,344,false],"td_696x0":["https:\/\/radiolarioja.com.ar\/rlr\/wp-content\/uploads\/2026\/09\/images-2026-09-01T104450.469.jpg",290,344,false],"td_1068x0":["https:\/\/radiolarioja.com.ar\/rlr\/wp-content\/uploads\/2026\/09\/images-2026-09-01T104450.469.jpg",290,344,false],"td_1920x0":["https:\/\/radiolarioja.com.ar\/rlr\/wp-content\/uploads\/2026\/09\/images-2026-09-01T104450.469.jpg",290,344,false],"td_0x420":["https:\/\/radiolarioja.com.ar\/rlr\/wp-content\/uploads\/2026\/09\/images-2026-09-01T104450.469.jpg",290,344,false],"td_80x60":["https:\/\/radiolarioja.com.ar\/rlr\/wp-content\/uploads\/2026\/09\/images-2026-09-01T104450.469-79x60.jpg",79,60,true],"td_100x70":["https:\/\/radiolarioja.com.ar\/rlr\/wp-content\/uploads\/2026\/09\/images-2026-09-01T104450.469-99x70.jpg",99,70,true],"td_265x198":["https:\/\/radiolarioja.com.ar\/rlr\/wp-content\/uploads\/2026\/09\/images-2026-09-01T104450.469-265x198.jpg",265,198,true],"td_324x160":["https:\/\/radiolarioja.com.ar\/rlr\/wp-content\/uploads\/2026\/09\/images-2026-09-01T104450.469-290x160.jpg",290,160,true],"td_324x235":["https:\/\/radiolarioja.com.ar\/rlr\/wp-content\/uploads\/2026\/09\/images-2026-09-01T104450.469-290x235.jpg",290,235,true],"td_356x220":["https:\/\/radiolarioja.com.ar\/rlr\/wp-content\/uploads\/2026\/09\/images-2026-09-01T104450.469-290x220.jpg",290,220,true],"td_356x364":["https:\/\/radiolarioja.com.ar\/rlr\/wp-content\/uploads\/2026\/09\/images-2026-09-01T104450.469.jpg",290,344,false],"td_533x261":["https:\/\/radiolarioja.com.ar\/rlr\/wp-content\/uploads\/2026\/09\/images-2026-09-01T104450.469-290x261.jpg",290,261,true],"td_534x462":["https:\/\/radiolarioja.com.ar\/rlr\/wp-content\/uploads\/2026\/09\/images-2026-09-01T104450.469.jpg",290,344,false],"td_696x385":["https:\/\/radiolarioja.com.ar\/rlr\/wp-content\/uploads\/2026\/09\/images-2026-09-01T104450.469.jpg",290,344,false],"td_741x486":["https:\/\/radiolarioja.com.ar\/rlr\/wp-content\/uploads\/2026\/09\/images-2026-09-01T104450.469.jpg",290,344,false],"td_1068x580":["https:\/\/radiolarioja.com.ar\/rlr\/wp-content\/uploads\/2026\/09\/images-2026-09-01T104450.469.jpg",290,344,false]},"author_info":{"info":["RadioLaRioja"]},"category_info":"<a href=\"https:\/\/radiolarioja.com.ar\/rlr\/category\/nacional\/\" rel=\"category tag\">Nacional<\/a>","tag_info":"Nacional","comment_count":"0","_links":{"self":[{"href":"https:\/\/radiolarioja.com.ar\/rlr\/wp-json\/wp\/v2\/posts\/97351","targetHints":{"allow":["GET"]}}],"collection":[{"href":"https:\/\/radiolarioja.com.ar\/rlr\/wp-json\/wp\/v2\/posts"}],"about":[{"href":"https:\/\/radiolarioja.com.ar\/rlr\/wp-json\/wp\/v2\/types\/post"}],"author":[{"embeddable":true,"href":"https:\/\/radiolarioja.com.ar\/rlr\/wp-json\/wp\/v2\/users\/2"}],"replies":[{"embeddable":true,"href":"https:\/\/radiolarioja.com.ar\/rlr\/wp-json\/wp\/v2\/comments?post=97351"}],"version-history":[{"count":1,"href":"https:\/\/radiolarioja.com.ar\/rlr\/wp-json\/wp\/v2\/posts\/97351\/revisions"}],"predecessor-version":[{"id":97353,"href":"https:\/\/radiolarioja.com.ar\/rlr\/wp-json\/wp\/v2\/posts\/97351\/revisions\/97353"}],"wp:featuredmedia":[{"embeddable":true,"href":"https:\/\/radiolarioja.com.ar\/rlr\/wp-json\/wp\/v2\/media\/97352"}],"wp:attachment":[{"href":"https:\/\/radiolarioja.com.ar\/rlr\/wp-json\/wp\/v2\/media?parent=97351"}],"wp:term":[{"taxonomy":"category","embeddable":true,"href":"https:\/\/radiolarioja.com.ar\/rlr\/wp-json\/wp\/v2\/categories?post=97351"},{"taxonomy":"post_tag","embeddable":true,"href":"https:\/\/radiolarioja.com.ar\/rlr\/wp-json\/wp\/v2\/tags?post=97351"}],"curies":[{"name":"wp","href":"https:\/\/api.w.org\/{rel}","templated":true}]}}