{"id":97347,"date":"2026-09-01T10:19:39","date_gmt":"2026-09-01T13:19:39","guid":{"rendered":"https:\/\/radiolarioja.com.ar\/rlr\/?p=97347"},"modified":"2026-09-01T10:19:40","modified_gmt":"2026-09-01T13:19:40","slug":"dictan-nuevas-medidas-cautelares-para-proteger-a-la-familia-de-ilda-goyochea","status":"publish","type":"post","link":"https:\/\/radiolarioja.com.ar\/rlr\/dictan-nuevas-medidas-cautelares-para-proteger-a-la-familia-de-ilda-goyochea\/","title":{"rendered":"Dictan nuevas medidas cautelares para proteger a la familia de Ilda Goyochea"},"content":{"rendered":"\n<p class=\"wp-block-paragraph\"><strong>La Rioja<\/strong> \u2013 La Justicia de turno de la Capital dispuso una serie de restricciones perimetrales y de contacto dictadas en el marco de una causa por amenazas, con el objetivo prioritario de resguardar la integridad f\u00edsica y psicol\u00f3gica de la hermana de Ilda Goyochea y su entorno familiar. Las medidas ya fueron notificadas formalmente a la imputada, quien actualmente cumple r\u00e9gimen de prisi\u00f3n domiciliaria.<\/p>\n\n\n\n<p class=\"wp-block-paragraph\">La resoluci\u00f3n judicial beneficia de manera directa a la denunciante, Jimena Soraya Goyochea, y a su grupo familiar compuesto por Ram\u00f3n Horacio Goyochea, Gladis Mabel Lastra y Gladis Gabriela Goyochea.<\/p>\n\n\n\n<p class=\"wp-block-paragraph\"><strong>Alcance de las restricciones impuestas<\/strong><\/p>\n\n\n\n<ul class=\"wp-block-list\">\n<li class=\"\"><strong>Prohibici\u00f3n de acercamiento:<\/strong> Se fij\u00f3 un per\u00edmetro de restricci\u00f3n geogr\u00e1fica de 200 metros que proh\u00edbe a la imputada aproximarse a los domicilios, lugares de trabajo y espacios de concurrencia habitual de los afectados.<\/li>\n\n\n\n<li class=\"\"><strong>Cese de comunicaci\u00f3n:<\/strong> Queda prohibido todo tipo de contacto por v\u00edas telef\u00f3nicas, mensajes de texto, chats, redes sociales o abordajes de manera personal.<\/li>\n\n\n\n<li class=\"\"><strong>Cese de actos de perturbaci\u00f3n:<\/strong> Se emiti\u00f3 una orden estricta para frenar de inmediato cualquier acci\u00f3n de intimidaci\u00f3n, hostigamiento o molestia hacia las v\u00edctimas.<\/li>\n\n\n\n<li class=\"\"><strong>Prohibici\u00f3n de manifestaciones medi\u00e1ticas:<\/strong> Se ved\u00f3 expresamente la realizaci\u00f3n de declaraciones o intervenciones en medios de comunicaci\u00f3n referidas a la memoria de Ilda Goyochea o a los avances del proceso judicial en curso.<\/li>\n<\/ul>\n\n\n\n<p class=\"wp-block-paragraph\"><strong>Plazos y apercibimiento legal<\/strong><\/p>\n\n\n\n<p class=\"wp-block-paragraph\">Las medidas cautelares mantendr\u00e1n una vigencia de 180 d\u00edas corridos, c\u00f3mputo que comenz\u00f3 tras la notificaci\u00f3n oficial efectuada el pasado 28 de agosto a las 19:36 horas.<\/p>\n\n\n\n<p class=\"wp-block-paragraph\">El magistrado interviniente dej\u00f3 asentado que cualquier inobservancia de estas reglas derive en la adopci\u00f3n de medidas de mayor severidad, que incluyen la revocaci\u00f3n de los beneficios procesales y la detenci\u00f3n inmediata de la imputada por el delito de Desobediencia a la Autoridad, contemplado en el art\u00edculo 239 del C\u00f3digo Penal.<\/p>\n\n\n\n<p class=\"wp-block-paragraph\"><\/p>\n","protected":false},"excerpt":{"rendered":"<p>La Rioja \u2013 La Justicia de turno de la Capital dispuso una serie de restricciones perimetrales y de contacto dictadas en el marco de una causa por amenazas, con el objetivo prioritario de resguardar la integridad f\u00edsica y psicol\u00f3gica de la hermana de Ilda Goyochea y su entorno familiar. Las medidas ya fueron notificadas formalmente [&hellip;]<\/p>\n","protected":false},"author":2,"featured_media":97348,"comment_status":"open","ping_status":"open","sticky":false,"template":"","format":"standard","meta":{"tdm_status":"","tdm_grid_status":"","footnotes":""},"categories":[17],"tags":[],"class_list":["post-97347","post","type-post","status-publish","format-standard","has-post-thumbnail","category-justicia"],"featured_image_urls":{"full":["https:\/\/radiolarioja.com.ar\/rlr\/wp-content\/uploads\/2026\/09\/790491124_1386601260285248_1736938306510104196_n.jpg",640,320,false],"thumbnail":["https:\/\/radiolarioja.com.ar\/rlr\/wp-content\/uploads\/2026\/09\/790491124_1386601260285248_1736938306510104196_n-150x150.jpg",150,150,true],"medium":["https:\/\/radiolarioja.com.ar\/rlr\/wp-content\/uploads\/2026\/09\/790491124_1386601260285248_1736938306510104196_n-300x150.jpg",300,150,true],"medium_large":["https:\/\/radiolarioja.com.ar\/rlr\/wp-content\/uploads\/2026\/09\/790491124_1386601260285248_1736938306510104196_n.jpg",640,320,false],"large":["https:\/\/radiolarioja.com.ar\/rlr\/wp-content\/uploads\/2026\/09\/790491124_1386601260285248_1736938306510104196_n.jpg",640,320,false],"1536x1536":["https:\/\/radiolarioja.com.ar\/rlr\/wp-content\/uploads\/2026\/09\/790491124_1386601260285248_1736938306510104196_n.jpg",640,320,false],"2048x2048":["https:\/\/radiolarioja.com.ar\/rlr\/wp-content\/uploads\/2026\/09\/790491124_1386601260285248_1736938306510104196_n.jpg",640,320,false],"td_218x150":["https:\/\/radiolarioja.com.ar\/rlr\/wp-content\/uploads\/2026\/09\/790491124_1386601260285248_1736938306510104196_n-218x150.jpg",218,150,true],"td_324x400":["https:\/\/radiolarioja.com.ar\/rlr\/wp-content\/uploads\/2026\/09\/790491124_1386601260285248_1736938306510104196_n-324x162.jpg",324,162,true],"td_485x360":["https:\/\/radiolarioja.com.ar\/rlr\/wp-content\/uploads\/2026\/09\/790491124_1386601260285248_1736938306510104196_n-485x320.jpg",485,320,true],"td_696x0":["https:\/\/radiolarioja.com.ar\/rlr\/wp-content\/uploads\/2026\/09\/790491124_1386601260285248_1736938306510104196_n.jpg",640,320,false],"td_1068x0":["https:\/\/radiolarioja.com.ar\/rlr\/wp-content\/uploads\/2026\/09\/790491124_1386601260285248_1736938306510104196_n.jpg",640,320,false],"td_1920x0":["https:\/\/radiolarioja.com.ar\/rlr\/wp-content\/uploads\/2026\/09\/790491124_1386601260285248_1736938306510104196_n.jpg",640,320,false],"td_0x420":["https:\/\/radiolarioja.com.ar\/rlr\/wp-content\/uploads\/2026\/09\/790491124_1386601260285248_1736938306510104196_n.jpg",640,320,false],"td_80x60":["https:\/\/radiolarioja.com.ar\/rlr\/wp-content\/uploads\/2026\/09\/790491124_1386601260285248_1736938306510104196_n-80x60.jpg",80,60,true],"td_100x70":["https:\/\/radiolarioja.com.ar\/rlr\/wp-content\/uploads\/2026\/09\/790491124_1386601260285248_1736938306510104196_n-100x70.jpg",100,70,true],"td_265x198":["https:\/\/radiolarioja.com.ar\/rlr\/wp-content\/uploads\/2026\/09\/790491124_1386601260285248_1736938306510104196_n-265x198.jpg",265,198,true],"td_324x160":["https:\/\/radiolarioja.com.ar\/rlr\/wp-content\/uploads\/2026\/09\/790491124_1386601260285248_1736938306510104196_n-320x160.jpg",320,160,true],"td_324x235":["https:\/\/radiolarioja.com.ar\/rlr\/wp-content\/uploads\/2026\/09\/790491124_1386601260285248_1736938306510104196_n-324x235.jpg",324,235,true],"td_356x220":["https:\/\/radiolarioja.com.ar\/rlr\/wp-content\/uploads\/2026\/09\/790491124_1386601260285248_1736938306510104196_n-356x220.jpg",356,220,true],"td_356x364":["https:\/\/radiolarioja.com.ar\/rlr\/wp-content\/uploads\/2026\/09\/790491124_1386601260285248_1736938306510104196_n-356x178.jpg",356,178,true],"td_533x261":["https:\/\/radiolarioja.com.ar\/rlr\/wp-content\/uploads\/2026\/09\/790491124_1386601260285248_1736938306510104196_n-522x261.jpg",522,261,true],"td_534x462":["https:\/\/radiolarioja.com.ar\/rlr\/wp-content\/uploads\/2026\/09\/790491124_1386601260285248_1736938306510104196_n-534x320.jpg",534,320,true],"td_696x385":["https:\/\/radiolarioja.com.ar\/rlr\/wp-content\/uploads\/2026\/09\/790491124_1386601260285248_1736938306510104196_n.jpg",640,320,false],"td_741x486":["https:\/\/radiolarioja.com.ar\/rlr\/wp-content\/uploads\/2026\/09\/790491124_1386601260285248_1736938306510104196_n.jpg",640,320,false],"td_1068x580":["https:\/\/radiolarioja.com.ar\/rlr\/wp-content\/uploads\/2026\/09\/790491124_1386601260285248_1736938306510104196_n.jpg",640,320,false]},"author_info":{"info":["RadioLaRioja"]},"category_info":"<a href=\"https:\/\/radiolarioja.com.ar\/rlr\/category\/justicia\/\" rel=\"category tag\">Justicia<\/a>","tag_info":"Justicia","comment_count":"0","_links":{"self":[{"href":"https:\/\/radiolarioja.com.ar\/rlr\/wp-json\/wp\/v2\/posts\/97347","targetHints":{"allow":["GET"]}}],"collection":[{"href":"https:\/\/radiolarioja.com.ar\/rlr\/wp-json\/wp\/v2\/posts"}],"about":[{"href":"https:\/\/radiolarioja.com.ar\/rlr\/wp-json\/wp\/v2\/types\/post"}],"author":[{"embeddable":true,"href":"https:\/\/radiolarioja.com.ar\/rlr\/wp-json\/wp\/v2\/users\/2"}],"replies":[{"embeddable":true,"href":"https:\/\/radiolarioja.com.ar\/rlr\/wp-json\/wp\/v2\/comments?post=97347"}],"version-history":[{"count":1,"href":"https:\/\/radiolarioja.com.ar\/rlr\/wp-json\/wp\/v2\/posts\/97347\/revisions"}],"predecessor-version":[{"id":97349,"href":"https:\/\/radiolarioja.com.ar\/rlr\/wp-json\/wp\/v2\/posts\/97347\/revisions\/97349"}],"wp:featuredmedia":[{"embeddable":true,"href":"https:\/\/radiolarioja.com.ar\/rlr\/wp-json\/wp\/v2\/media\/97348"}],"wp:attachment":[{"href":"https:\/\/radiolarioja.com.ar\/rlr\/wp-json\/wp\/v2\/media?parent=97347"}],"wp:term":[{"taxonomy":"category","embeddable":true,"href":"https:\/\/radiolarioja.com.ar\/rlr\/wp-json\/wp\/v2\/categories?post=97347"},{"taxonomy":"post_tag","embeddable":true,"href":"https:\/\/radiolarioja.com.ar\/rlr\/wp-json\/wp\/v2\/tags?post=97347"}],"curies":[{"name":"wp","href":"https:\/\/api.w.org\/{rel}","templated":true}]}}