{"id":97339,"date":"2026-09-01T09:58:32","date_gmt":"2026-09-01T12:58:32","guid":{"rendered":"https:\/\/radiolarioja.com.ar\/rlr\/?p=97339"},"modified":"2026-09-01T09:58:34","modified_gmt":"2026-09-01T12:58:34","slug":"escandalo-en-cordoba-renuncio-el-legislador-oficialista-canito-flores-tras-la-investigacion-por-una-red-de-grooming-y-abusos","status":"publish","type":"post","link":"https:\/\/radiolarioja.com.ar\/rlr\/escandalo-en-cordoba-renuncio-el-legislador-oficialista-canito-flores-tras-la-investigacion-por-una-red-de-grooming-y-abusos\/","title":{"rendered":"Esc\u00e1ndalo en C\u00f3rdoba: renunci\u00f3 el legislador oficialista \u00abCa\u00f1ito\u00bb Flores tras la investigaci\u00f3n por una red de grooming y abusos"},"content":{"rendered":"\n<h1 class=\"wp-block-heading\"><strong>Ram\u00f3n \u201cCa\u00f1ito\u201d Flores, representante de Hacemos Unidos por C\u00f3rdoba por el departamento R\u00edo Seco, present\u00f3 su renuncia a la bancada oficialista luego de verse salpicado por una causa judicial que investiga grooming y abusos contra adolescentes. La investigaci\u00f3n ya cuenta con 11 detenidos, entre ellos uno de sus exasesores.<\/strong><\/h1>\n\n\n\n<p class=\"wp-block-paragraph\">El legislador provincial Ram\u00f3n \u201c<strong>Ca\u00f1ito<\/strong>\u201d Flores renunci\u00f3 formalmente a su banca en la Legislatura de C\u00f3rdoba. La decisi\u00f3n ingres\u00f3 al sistema legislativo a \u00faltima hora del pasado domingo, luego de haber solicitado previamente una licencia a mediados de semana.<\/p>\n\n\n\n<p class=\"wp-block-paragraph\">La dimisi\u00f3n de Flores se da en el marco del impacto pol\u00edtico generado por una causa judicial que investiga hechos de abuso sexual y grooming contra menores de edad. En dicha investigaci\u00f3n se encuentra imputado y detenido quien fuera uno de sus asesores directos en el cuerpo legislativo, Jos\u00e9 An\u00edbal Ricardo Villarreal.<\/p>\n\n\n\n<figure class=\"wp-block-image size-large\"><a href=\"https:\/\/radiolarioja.com.ar\/rlr\/wp-content\/uploads\/2026\/09\/a7ab50c3-0074-47c2-804c-ac89bcb7b6be.jpg\"><img fetchpriority=\"high\" decoding=\"async\" width=\"1024\" height=\"575\" src=\"https:\/\/radiolarioja.com.ar\/rlr\/wp-content\/uploads\/2026\/09\/a7ab50c3-0074-47c2-804c-ac89bcb7b6be-1024x575.jpg\" alt=\"\" class=\"wp-image-97340\" srcset=\"https:\/\/radiolarioja.com.ar\/rlr\/wp-content\/uploads\/2026\/09\/a7ab50c3-0074-47c2-804c-ac89bcb7b6be-1024x575.jpg 1024w, https:\/\/radiolarioja.com.ar\/rlr\/wp-content\/uploads\/2026\/09\/a7ab50c3-0074-47c2-804c-ac89bcb7b6be-300x169.jpg 300w, https:\/\/radiolarioja.com.ar\/rlr\/wp-content\/uploads\/2026\/09\/a7ab50c3-0074-47c2-804c-ac89bcb7b6be-767x431.jpg 767w, https:\/\/radiolarioja.com.ar\/rlr\/wp-content\/uploads\/2026\/09\/a7ab50c3-0074-47c2-804c-ac89bcb7b6be-322x181.jpg 322w, https:\/\/radiolarioja.com.ar\/rlr\/wp-content\/uploads\/2026\/09\/a7ab50c3-0074-47c2-804c-ac89bcb7b6be-694x390.jpg 694w, https:\/\/radiolarioja.com.ar\/rlr\/wp-content\/uploads\/2026\/09\/a7ab50c3-0074-47c2-804c-ac89bcb7b6be-1066x599.jpg 1066w, https:\/\/radiolarioja.com.ar\/rlr\/wp-content\/uploads\/2026\/09\/a7ab50c3-0074-47c2-804c-ac89bcb7b6be-284x160.jpg 284w, https:\/\/radiolarioja.com.ar\/rlr\/wp-content\/uploads\/2026\/09\/a7ab50c3-0074-47c2-804c-ac89bcb7b6be-464x261.jpg 464w, https:\/\/radiolarioja.com.ar\/rlr\/wp-content\/uploads\/2026\/09\/a7ab50c3-0074-47c2-804c-ac89bcb7b6be-354x199.jpg 354w, https:\/\/radiolarioja.com.ar\/rlr\/wp-content\/uploads\/2026\/09\/a7ab50c3-0074-47c2-804c-ac89bcb7b6be-685x385.jpg 685w, https:\/\/radiolarioja.com.ar\/rlr\/wp-content\/uploads\/2026\/09\/a7ab50c3-0074-47c2-804c-ac89bcb7b6be-1032x580.jpg 1032w, https:\/\/radiolarioja.com.ar\/rlr\/wp-content\/uploads\/2026\/09\/a7ab50c3-0074-47c2-804c-ac89bcb7b6be.jpg 1200w\" sizes=\"(max-width: 1024px) 100vw, 1024px\" \/><\/a><figcaption class=\"wp-element-caption\"><strong>Ram\u00f3n \u201cCa\u00f1ito\u201d Flores, representante de Hacemos Unidos por C\u00f3rdoba por el departamento R\u00edo Seco<\/strong><\/figcaption><\/figure>\n\n\n\n<h3 class=\"wp-block-heading\">Un paso al costado en medio de duras acusaciones<\/h3>\n\n\n\n<p class=\"wp-block-paragraph\">A trav\u00e9s del escrito presentado ante la Legislatura, el exintendente de Villa de Mar\u00eda de R\u00edo Seco (cargo que ocup\u00f3 entre 2011 y 2023) justific\u00f3 su salida afirmando que en el \u00faltimo tiempo ha sido blanco de una \u00abcampa\u00f1a de difamaci\u00f3n y descalificaci\u00f3n personal\u00bb. Seg\u00fan sus palabras, esta persecuci\u00f3n responder\u00eda a \u00abintereses y estrategias de determinados sectores de la pol\u00edtica local\u00bb.<\/p>\n\n\n\n<p class=\"wp-block-paragraph\">\u00abEsta decisi\u00f3n no significa reconocer ninguna de las acusaciones que se han formulado en mi contra, sino todo lo contrario: es una decisi\u00f3n personal adoptada con absoluta convicci\u00f3n y con la tranquilidad de quien sabe que ha acted de acuerdo con sus principios y responsabilidades\u00bb, manifest\u00f3 Flores, remarcando que se retira con la \u00abconciencia absolutamente tranquila\u00bb.<\/p>\n\n\n\n<h3 class=\"wp-block-heading\">Reacciones en el oficialismo<\/h3>\n\n\n\n<p class=\"wp-block-paragraph\">Tras confirmarse la salida de Flores, desde el bloque de Hacemos Unidos por C\u00f3rdoba respaldaron que haya dado un paso al costado. El legislador oficialista Leonardo Limia sostuvo en declaraciones p\u00fablicas que la dimisi\u00f3n era \u00ablo que correspond\u00eda\u00bb para que la Justicia avance sin condicionamientos.<\/p>\n\n\n\n<p class=\"wp-block-paragraph\">\u00abNosotros somos un espacio pol\u00edtico que no presionamos ni encubrimos a nadie. \u00c9l renunci\u00f3, y eso es lo importante. Se seguir\u00e1 investigando el caso y nosotros necesitamos retomar la agenda legislativa\u00bb, expres\u00f3 Limia, reafirmando el compromiso del espacio de ir a fondo en las investigaciones judiciales.<\/p>\n","protected":false},"excerpt":{"rendered":"<p>Ram\u00f3n \u201cCa\u00f1ito\u201d Flores, representante de Hacemos Unidos por C\u00f3rdoba por el departamento R\u00edo Seco, present\u00f3 su renuncia a la bancada oficialista luego de verse salpicado por una causa judicial que investiga grooming y abusos contra adolescentes. La investigaci\u00f3n ya cuenta con 11 detenidos, entre ellos uno de sus exasesores. El legislador provincial Ram\u00f3n \u201cCa\u00f1ito\u201d Flores [&hellip;]<\/p>\n","protected":false},"author":2,"featured_media":97340,"comment_status":"open","ping_status":"open","sticky":false,"template":"","format":"standard","meta":{"tdm_status":"","tdm_grid_status":"","footnotes":""},"categories":[15],"tags":[],"class_list":["post-97339","post","type-post","status-publish","format-standard","has-post-thumbnail","category-nacional"],"featured_image_urls":{"full":["https:\/\/radiolarioja.com.ar\/rlr\/wp-content\/uploads\/2026\/09\/a7ab50c3-0074-47c2-804c-ac89bcb7b6be.jpg",1200,674,false],"thumbnail":["https:\/\/radiolarioja.com.ar\/rlr\/wp-content\/uploads\/2026\/09\/a7ab50c3-0074-47c2-804c-ac89bcb7b6be-150x150.jpg",150,150,true],"medium":["https:\/\/radiolarioja.com.ar\/rlr\/wp-content\/uploads\/2026\/09\/a7ab50c3-0074-47c2-804c-ac89bcb7b6be-300x169.jpg",300,169,true],"medium_large":["https:\/\/radiolarioja.com.ar\/rlr\/wp-content\/uploads\/2026\/09\/a7ab50c3-0074-47c2-804c-ac89bcb7b6be-767x431.jpg",696,391,true],"large":["https:\/\/radiolarioja.com.ar\/rlr\/wp-content\/uploads\/2026\/09\/a7ab50c3-0074-47c2-804c-ac89bcb7b6be-1024x575.jpg",696,391,true],"1536x1536":["https:\/\/radiolarioja.com.ar\/rlr\/wp-content\/uploads\/2026\/09\/a7ab50c3-0074-47c2-804c-ac89bcb7b6be.jpg",1200,674,false],"2048x2048":["https:\/\/radiolarioja.com.ar\/rlr\/wp-content\/uploads\/2026\/09\/a7ab50c3-0074-47c2-804c-ac89bcb7b6be.jpg",1200,674,false],"td_218x150":["https:\/\/radiolarioja.com.ar\/rlr\/wp-content\/uploads\/2026\/09\/a7ab50c3-0074-47c2-804c-ac89bcb7b6be-218x150.jpg",218,150,true],"td_324x400":["https:\/\/radiolarioja.com.ar\/rlr\/wp-content\/uploads\/2026\/09\/a7ab50c3-0074-47c2-804c-ac89bcb7b6be-322x181.jpg",322,181,true],"td_485x360":["https:\/\/radiolarioja.com.ar\/rlr\/wp-content\/uploads\/2026\/09\/a7ab50c3-0074-47c2-804c-ac89bcb7b6be-485x359.jpg",485,359,true],"td_696x0":["https:\/\/radiolarioja.com.ar\/rlr\/wp-content\/uploads\/2026\/09\/a7ab50c3-0074-47c2-804c-ac89bcb7b6be-694x390.jpg",694,390,true],"td_1068x0":["https:\/\/radiolarioja.com.ar\/rlr\/wp-content\/uploads\/2026\/09\/a7ab50c3-0074-47c2-804c-ac89bcb7b6be-1066x599.jpg",1066,599,true],"td_1920x0":["https:\/\/radiolarioja.com.ar\/rlr\/wp-content\/uploads\/2026\/09\/a7ab50c3-0074-47c2-804c-ac89bcb7b6be.jpg",1200,674,false],"td_0x420":["https:\/\/radiolarioja.com.ar\/rlr\/wp-content\/uploads\/2026\/09\/a7ab50c3-0074-47c2-804c-ac89bcb7b6be.jpg",748,420,false],"td_80x60":["https:\/\/radiolarioja.com.ar\/rlr\/wp-content\/uploads\/2026\/09\/a7ab50c3-0074-47c2-804c-ac89bcb7b6be-80x59.jpg",80,59,true],"td_100x70":["https:\/\/radiolarioja.com.ar\/rlr\/wp-content\/uploads\/2026\/09\/a7ab50c3-0074-47c2-804c-ac89bcb7b6be-100x69.jpg",100,69,true],"td_265x198":["https:\/\/radiolarioja.com.ar\/rlr\/wp-content\/uploads\/2026\/09\/a7ab50c3-0074-47c2-804c-ac89bcb7b6be-265x198.jpg",265,198,true],"td_324x160":["https:\/\/radiolarioja.com.ar\/rlr\/wp-content\/uploads\/2026\/09\/a7ab50c3-0074-47c2-804c-ac89bcb7b6be-284x160.jpg",284,160,true],"td_324x235":["https:\/\/radiolarioja.com.ar\/rlr\/wp-content\/uploads\/2026\/09\/a7ab50c3-0074-47c2-804c-ac89bcb7b6be-324x235.jpg",324,235,true],"td_356x220":["https:\/\/radiolarioja.com.ar\/rlr\/wp-content\/uploads\/2026\/09\/a7ab50c3-0074-47c2-804c-ac89bcb7b6be-356x220.jpg",356,220,true],"td_356x364":["https:\/\/radiolarioja.com.ar\/rlr\/wp-content\/uploads\/2026\/09\/a7ab50c3-0074-47c2-804c-ac89bcb7b6be-354x199.jpg",354,199,true],"td_533x261":["https:\/\/radiolarioja.com.ar\/rlr\/wp-content\/uploads\/2026\/09\/a7ab50c3-0074-47c2-804c-ac89bcb7b6be-464x261.jpg",464,261,true],"td_534x462":["https:\/\/radiolarioja.com.ar\/rlr\/wp-content\/uploads\/2026\/09\/a7ab50c3-0074-47c2-804c-ac89bcb7b6be-534x462.jpg",534,462,true],"td_696x385":["https:\/\/radiolarioja.com.ar\/rlr\/wp-content\/uploads\/2026\/09\/a7ab50c3-0074-47c2-804c-ac89bcb7b6be-685x385.jpg",685,385,true],"td_741x486":["https:\/\/radiolarioja.com.ar\/rlr\/wp-content\/uploads\/2026\/09\/a7ab50c3-0074-47c2-804c-ac89bcb7b6be-741x486.jpg",741,486,true],"td_1068x580":["https:\/\/radiolarioja.com.ar\/rlr\/wp-content\/uploads\/2026\/09\/a7ab50c3-0074-47c2-804c-ac89bcb7b6be-1032x580.jpg",1032,580,true]},"author_info":{"info":["RadioLaRioja"]},"category_info":"<a href=\"https:\/\/radiolarioja.com.ar\/rlr\/category\/nacional\/\" rel=\"category tag\">Nacional<\/a>","tag_info":"Nacional","comment_count":"0","_links":{"self":[{"href":"https:\/\/radiolarioja.com.ar\/rlr\/wp-json\/wp\/v2\/posts\/97339","targetHints":{"allow":["GET"]}}],"collection":[{"href":"https:\/\/radiolarioja.com.ar\/rlr\/wp-json\/wp\/v2\/posts"}],"about":[{"href":"https:\/\/radiolarioja.com.ar\/rlr\/wp-json\/wp\/v2\/types\/post"}],"author":[{"embeddable":true,"href":"https:\/\/radiolarioja.com.ar\/rlr\/wp-json\/wp\/v2\/users\/2"}],"replies":[{"embeddable":true,"href":"https:\/\/radiolarioja.com.ar\/rlr\/wp-json\/wp\/v2\/comments?post=97339"}],"version-history":[{"count":1,"href":"https:\/\/radiolarioja.com.ar\/rlr\/wp-json\/wp\/v2\/posts\/97339\/revisions"}],"predecessor-version":[{"id":97341,"href":"https:\/\/radiolarioja.com.ar\/rlr\/wp-json\/wp\/v2\/posts\/97339\/revisions\/97341"}],"wp:featuredmedia":[{"embeddable":true,"href":"https:\/\/radiolarioja.com.ar\/rlr\/wp-json\/wp\/v2\/media\/97340"}],"wp:attachment":[{"href":"https:\/\/radiolarioja.com.ar\/rlr\/wp-json\/wp\/v2\/media?parent=97339"}],"wp:term":[{"taxonomy":"category","embeddable":true,"href":"https:\/\/radiolarioja.com.ar\/rlr\/wp-json\/wp\/v2\/categories?post=97339"},{"taxonomy":"post_tag","embeddable":true,"href":"https:\/\/radiolarioja.com.ar\/rlr\/wp-json\/wp\/v2\/tags?post=97339"}],"curies":[{"name":"wp","href":"https:\/\/api.w.org\/{rel}","templated":true}]}}