{"id":97335,"date":"2026-09-01T09:52:40","date_gmt":"2026-09-01T12:52:40","guid":{"rendered":"https:\/\/radiolarioja.com.ar\/rlr\/?p=97335"},"modified":"2026-09-01T09:52:42","modified_gmt":"2026-09-01T12:52:42","slug":"el-gobierno-provincial-extendio-por-60-dias-mas-el-congelamiento-de-tarifas-de-servicios-publicos","status":"publish","type":"post","link":"https:\/\/radiolarioja.com.ar\/rlr\/el-gobierno-provincial-extendio-por-60-dias-mas-el-congelamiento-de-tarifas-de-servicios-publicos\/","title":{"rendered":"El Gobierno provincial extendi\u00f3 por 60 d\u00edas m\u00e1s el congelamiento de tarifas de servicios p\u00fablicos"},"content":{"rendered":"\n<p class=\"wp-block-paragraph\"><strong>PROTECCI\u00d3N DEL BOLSILLO DE LAS FAMILIAS RIOJANAS<\/strong><\/p>\n\n\n\n<p class=\"wp-block-paragraph\">La medida mantiene hasta el 31 de octubre los valores de la energ\u00eda el\u00e9ctrica, el agua y saneamiento, el transporte urbano y la conectividad. Tambi\u00e9n contin\u00faa la reducci\u00f3n extraordinaria del 20% en las cuotas de viviendas sociales, sin incrementos durante el per\u00edodo establecido.<\/p>\n\n\n\n<p class=\"wp-block-paragraph\">El Gobierno de La Rioja prorrog\u00f3 por 60 d\u00edas las medidas dispuestas mediante el Decreto N.\u00ba 617\/26, destinadas a preservar el acceso de las familias riojanas a servicios esenciales y mitigar el impacto de la actual situaci\u00f3n econ\u00f3mica sobre los hogares, especialmente aquellos que atraviesan condiciones de mayor vulnerabilidad.<br>La decisi\u00f3n, que rige desde este 1 de septiembre y se extender\u00e1 hasta el 31 de octubre de 2026, mantiene los cuadros tarifarios y precios vigentes al 30 de abril de este a\u00f1o para los servicios p\u00fablicos de energ\u00eda el\u00e9ctrica, agua y saneamiento, transporte urbano de pasajeros prestado por la Administraci\u00f3n Provincial de Transporte Social e Inclusivo y conectividad provista por La Rioja Telecomunicaciones SAPEM.<br>Asimismo, continuar\u00e1 vigente la reducci\u00f3n extraordinaria del 20% en el valor de las cuotas que abonan las y los adjudicatarios de viviendas sociales de la Administraci\u00f3n Provincial de Vivienda y Urbanismo. Estos valores tampoco podr\u00e1n incrementarse durante el per\u00edodo de la pr\u00f3rroga.<br>La extensi\u00f3n de las medidas responde a la persistencia de las condiciones econ\u00f3micas y sociales que motivaron su implementaci\u00f3n y se enmarca en la emergencia social, alimentaria, sanitaria, econ\u00f3mico-financiera, laboral, productiva, h\u00eddrica, administrativa, habitacional, de seguridad y de servicios p\u00fablicos prorrogada mediante la Ley Provincial N.\u00ba 10.843.<\/p>\n\n\n\n<p class=\"wp-block-paragraph\"><strong>Sostener la accesibilidad<br><\/strong>De esta manera, el Gobierno provincial busca evitar una modificaci\u00f3n abrupta de las condiciones vigentes y sostener la accesibilidad a prestaciones directamente relacionadas con las necesidades b\u00e1sicas y el desenvolvimiento cotidiano de la comunidad.<br>El decreto tambi\u00e9n instruye a los organismos y empresas prestatarias a adoptar las medidas necesarias para asegurar la continuidad, regularidad y calidad de los servicios alcanzados. A su vez, faculta al Ministerio de Hacienda y Finanzas P\u00fablicas a realizar las adecuaciones presupuestarias necesarias para garantizar la sostenibilidad de la medida y el normal funcionamiento de las entidades prestadoras.<br>Con esta decisi\u00f3n, el Gobierno de La Rioja reafirma su compromiso de utilizar las herramientas disponibles dentro de sus competencias para cuidar el bolsillo de las familias y garantizar el acceso a servicios p\u00fablicos esenciales en un contexto econ\u00f3mico que contin\u00faa afectando los ingresos de la poblaci\u00f3n.<\/p>\n\n\n\n<figure class=\"wp-block-embed is-type-rich is-provider-x wp-block-embed-x\"><div class=\"wp-block-embed__wrapper\">\n<blockquote class=\"twitter-tweet\" data-width=\"550\" data-dnt=\"true\"><p lang=\"es\" dir=\"ltr\">Para acompa\u00f1ar a cada hogar, prorrogamos por 60 d\u00edas m\u00e1s el congelamiento de tarifas en servicios esenciales (Decreto N.\u00ba 617\/26).<br><br>Hasta el 31 de octubre se mantienen congelados los valores en: <br>\u26a1 Energ\u00eda el\u00e9ctrica <br>\ud83d\udca7 Agua y saneamiento <br>\ud83d\ude8c Transporte urbano <br>\ud83d\udcf6 Conectividad (\u2026<\/p>&mdash; Gobierno de La Rioja (@GobDeLaRioja) <a href=\"https:\/\/x.com\/GobDeLaRioja\/status\/2094758309265912099?ref_src=twsrc%5Etfw\">September 1, 2026<\/a><\/blockquote><script async src=\"https:\/\/platform.x.com\/widgets.js\" charset=\"utf-8\"><\/script>\n<\/div><\/figure>\n\n\n\n<p class=\"wp-block-paragraph\"><\/p>\n","protected":false},"excerpt":{"rendered":"<p>PROTECCI\u00d3N DEL BOLSILLO DE LAS FAMILIAS RIOJANAS La medida mantiene hasta el 31 de octubre los valores de la energ\u00eda el\u00e9ctrica, el agua y saneamiento, el transporte urbano y la conectividad. Tambi\u00e9n contin\u00faa la reducci\u00f3n extraordinaria del 20% en las cuotas de viviendas sociales, sin incrementos durante el per\u00edodo establecido. El Gobierno de La Rioja [&hellip;]<\/p>\n","protected":false},"author":2,"featured_media":97337,"comment_status":"open","ping_status":"open","sticky":false,"template":"","format":"standard","meta":{"tdm_status":"","tdm_grid_status":"","footnotes":""},"categories":[12],"tags":[],"class_list":["post-97335","post","type-post","status-publish","format-standard","has-post-thumbnail","category-local"],"featured_image_urls":{"full":["https:\/\/radiolarioja.com.ar\/rlr\/wp-content\/uploads\/2026\/09\/Gemini_Generated_Image_lekosvlekosvleko.jpg",1408,768,false],"thumbnail":["https:\/\/radiolarioja.com.ar\/rlr\/wp-content\/uploads\/2026\/09\/Gemini_Generated_Image_lekosvlekosvleko-150x150.jpg",150,150,true],"medium":["https:\/\/radiolarioja.com.ar\/rlr\/wp-content\/uploads\/2026\/09\/Gemini_Generated_Image_lekosvlekosvleko-300x164.jpg",300,164,true],"medium_large":["https:\/\/radiolarioja.com.ar\/rlr\/wp-content\/uploads\/2026\/09\/Gemini_Generated_Image_lekosvlekosvleko-766x418.jpg",696,380,true],"large":["https:\/\/radiolarioja.com.ar\/rlr\/wp-content\/uploads\/2026\/09\/Gemini_Generated_Image_lekosvlekosvleko-1024x559.jpg",696,380,true],"1536x1536":["https:\/\/radiolarioja.com.ar\/rlr\/wp-content\/uploads\/2026\/09\/Gemini_Generated_Image_lekosvlekosvleko.jpg",1408,768,false],"2048x2048":["https:\/\/radiolarioja.com.ar\/rlr\/wp-content\/uploads\/2026\/09\/Gemini_Generated_Image_lekosvlekosvleko.jpg",1408,768,false],"td_218x150":["https:\/\/radiolarioja.com.ar\/rlr\/wp-content\/uploads\/2026\/09\/Gemini_Generated_Image_lekosvlekosvleko-218x150.jpg",218,150,true],"td_324x400":["https:\/\/radiolarioja.com.ar\/rlr\/wp-content\/uploads\/2026\/09\/Gemini_Generated_Image_lekosvlekosvleko-323x176.jpg",323,176,true],"td_485x360":["https:\/\/radiolarioja.com.ar\/rlr\/wp-content\/uploads\/2026\/09\/Gemini_Generated_Image_lekosvlekosvleko-485x360.jpg",485,360,true],"td_696x0":["https:\/\/radiolarioja.com.ar\/rlr\/wp-content\/uploads\/2026\/09\/Gemini_Generated_Image_lekosvlekosvleko-695x379.jpg",695,379,true],"td_1068x0":["https:\/\/radiolarioja.com.ar\/rlr\/wp-content\/uploads\/2026\/09\/Gemini_Generated_Image_lekosvlekosvleko-1067x582.jpg",1067,582,true],"td_1920x0":["https:\/\/radiolarioja.com.ar\/rlr\/wp-content\/uploads\/2026\/09\/Gemini_Generated_Image_lekosvlekosvleko.jpg",1408,768,false],"td_0x420":["https:\/\/radiolarioja.com.ar\/rlr\/wp-content\/uploads\/2026\/09\/Gemini_Generated_Image_lekosvlekosvleko.jpg",770,420,false],"td_80x60":["https:\/\/radiolarioja.com.ar\/rlr\/wp-content\/uploads\/2026\/09\/Gemini_Generated_Image_lekosvlekosvleko-80x60.jpg",80,60,true],"td_100x70":["https:\/\/radiolarioja.com.ar\/rlr\/wp-content\/uploads\/2026\/09\/Gemini_Generated_Image_lekosvlekosvleko-100x70.jpg",100,70,true],"td_265x198":["https:\/\/radiolarioja.com.ar\/rlr\/wp-content\/uploads\/2026\/09\/Gemini_Generated_Image_lekosvlekosvleko-265x198.jpg",265,198,true],"td_324x160":["https:\/\/radiolarioja.com.ar\/rlr\/wp-content\/uploads\/2026\/09\/Gemini_Generated_Image_lekosvlekosvleko-293x160.jpg",293,160,true],"td_324x235":["https:\/\/radiolarioja.com.ar\/rlr\/wp-content\/uploads\/2026\/09\/Gemini_Generated_Image_lekosvlekosvleko-324x235.jpg",324,235,true],"td_356x220":["https:\/\/radiolarioja.com.ar\/rlr\/wp-content\/uploads\/2026\/09\/Gemini_Generated_Image_lekosvlekosvleko-356x220.jpg",356,220,true],"td_356x364":["https:\/\/radiolarioja.com.ar\/rlr\/wp-content\/uploads\/2026\/09\/Gemini_Generated_Image_lekosvlekosvleko-356x194.jpg",356,194,true],"td_533x261":["https:\/\/radiolarioja.com.ar\/rlr\/wp-content\/uploads\/2026\/09\/Gemini_Generated_Image_lekosvlekosvleko-478x261.jpg",478,261,true],"td_534x462":["https:\/\/radiolarioja.com.ar\/rlr\/wp-content\/uploads\/2026\/09\/Gemini_Generated_Image_lekosvlekosvleko-534x462.jpg",534,462,true],"td_696x385":["https:\/\/radiolarioja.com.ar\/rlr\/wp-content\/uploads\/2026\/09\/Gemini_Generated_Image_lekosvlekosvleko-696x385.jpg",696,385,true],"td_741x486":["https:\/\/radiolarioja.com.ar\/rlr\/wp-content\/uploads\/2026\/09\/Gemini_Generated_Image_lekosvlekosvleko-741x486.jpg",741,486,true],"td_1068x580":["https:\/\/radiolarioja.com.ar\/rlr\/wp-content\/uploads\/2026\/09\/Gemini_Generated_Image_lekosvlekosvleko-1063x580.jpg",1063,580,true]},"author_info":{"info":["RadioLaRioja"]},"category_info":"<a href=\"https:\/\/radiolarioja.com.ar\/rlr\/category\/local\/\" rel=\"category tag\">Local<\/a>","tag_info":"Local","comment_count":"0","_links":{"self":[{"href":"https:\/\/radiolarioja.com.ar\/rlr\/wp-json\/wp\/v2\/posts\/97335","targetHints":{"allow":["GET"]}}],"collection":[{"href":"https:\/\/radiolarioja.com.ar\/rlr\/wp-json\/wp\/v2\/posts"}],"about":[{"href":"https:\/\/radiolarioja.com.ar\/rlr\/wp-json\/wp\/v2\/types\/post"}],"author":[{"embeddable":true,"href":"https:\/\/radiolarioja.com.ar\/rlr\/wp-json\/wp\/v2\/users\/2"}],"replies":[{"embeddable":true,"href":"https:\/\/radiolarioja.com.ar\/rlr\/wp-json\/wp\/v2\/comments?post=97335"}],"version-history":[{"count":1,"href":"https:\/\/radiolarioja.com.ar\/rlr\/wp-json\/wp\/v2\/posts\/97335\/revisions"}],"predecessor-version":[{"id":97338,"href":"https:\/\/radiolarioja.com.ar\/rlr\/wp-json\/wp\/v2\/posts\/97335\/revisions\/97338"}],"wp:featuredmedia":[{"embeddable":true,"href":"https:\/\/radiolarioja.com.ar\/rlr\/wp-json\/wp\/v2\/media\/97337"}],"wp:attachment":[{"href":"https:\/\/radiolarioja.com.ar\/rlr\/wp-json\/wp\/v2\/media?parent=97335"}],"wp:term":[{"taxonomy":"category","embeddable":true,"href":"https:\/\/radiolarioja.com.ar\/rlr\/wp-json\/wp\/v2\/categories?post=97335"},{"taxonomy":"post_tag","embeddable":true,"href":"https:\/\/radiolarioja.com.ar\/rlr\/wp-json\/wp\/v2\/tags?post=97335"}],"curies":[{"name":"wp","href":"https:\/\/api.w.org\/{rel}","templated":true}]}}