{"id":97327,"date":"2026-09-01T09:35:12","date_gmt":"2026-09-01T12:35:12","guid":{"rendered":"https:\/\/radiolarioja.com.ar\/rlr\/?p=97327"},"modified":"2026-09-01T09:35:16","modified_gmt":"2026-09-01T12:35:16","slug":"dia-mundial-de-la-dactiloscopia-la-huella-argentina-que-revoluciono-la-identificacion-humana","status":"publish","type":"post","link":"https:\/\/radiolarioja.com.ar\/rlr\/dia-mundial-de-la-dactiloscopia-la-huella-argentina-que-revoluciono-la-identificacion-humana\/","title":{"rendered":"D\u00eda Mundial de la Dactiloscop\u00eda: la huella argentina que revolucion\u00f3 la identificaci\u00f3n humana"},"content":{"rendered":"\n<p class=\"wp-block-paragraph\">Cada 1 de septiembre se celebra el D\u00eda Mundial de la Dactiloscop\u00eda para destacar la importancia de las huellas dactilares como pilar fundamental en la identificaci\u00f3n de personas. La ciencia encargada de este an\u00e1lisis, la dactiloscop\u00eda, se basa en la premisa irrefutable de que no existen dos personas con los mismos dibujos dactilares en el mundo; una propiedad biol\u00f3gica definida por la inmutabilidad, la perennidad y la diversidad absoluta.<\/p>\n\n\n\n<h3 class=\"wp-block-heading\">La historia detr\u00e1s de la efem\u00e9ride: el legado de Juan Vucetich<\/h3>\n\n\n\n<p class=\"wp-block-paragraph\">El origen de esta conmemoraci\u00f3n se remonta al 1 de septiembre de 1891. Ese d\u00eda, el antrop\u00f3logo y oficial de polic\u00eda argentino de origen croata, <strong>Juan Vucetich<\/strong>, hizo historia al implementar por primera vez un sistema pr\u00e1ctico y sistem\u00e1tico de identificaci\u00f3n mediante impresiones dactilares dentro de la Polic\u00eda de la Provincia de Buenos Aires, en la ciudad de La Plata.<\/p>\n\n\n\n<p class=\"wp-block-paragraph\">Hasta ese momento, la identificaci\u00f3n de criminales en todo el mundo depend\u00eda del <em>m\u00e9todo antropom\u00e9trico<\/em> de Alphonse Bertillon, el cual med\u00eda extremidades y huesos del cuerpo humano. Sin embargo, el sistema de Bertillon era propenso a errores y fallaba cuando los sujetos cambiaban de contextura f\u00edsica o intentaban enga\u00f1ar a los peritos.<\/p>\n\n\n\n<p class=\"wp-block-paragraph\">Vucetich simplific\u00f3 y perfeccion\u00f3 las observaciones de cient\u00edficos previos como Francis Galton, clasificando los dibujos dactilares en cuatro tipos fundamentales:<\/p>\n\n\n\n<ul class=\"wp-block-list\">\n<li class=\"\"><strong>Arco:<\/strong> Las l\u00edneas de la huella entran por un lado y salen por el otro con un arqueamiento central.<\/li>\n\n\n\n<li class=\"\"><strong>Presilla interna:<\/strong> Las l\u00edneas nacen a la izquierda, se curvan y vuelven al mismo lado.<\/li>\n\n\n\n<li class=\"\"><strong>Presilla externa:<\/strong> Las l\u00edneas nacen a la derecha, se curvan y regresan hacia el margen derecho.<\/li>\n\n\n\n<li class=\"\"><strong>Verticilo:<\/strong> Formaciones espirales o circulares conc\u00e9ntricas en el centro del dactilograma.<\/li>\n<\/ul>\n\n\n\n<h3 class=\"wp-block-heading\">El caso que consagr\u00f3 el m\u00e9todo en la historia penal<\/h3>\n\n\n\n<p class=\"wp-block-paragraph\">La prueba de fuego para la dactiloscop\u00eda lleg\u00f3 en junio de 1892 en la ciudad bonaerense de Necochea. Francisca Rojas denunci\u00f3 el asesinato de sus dos hijos a manos de un vecino. Sin embargo, el inspector Eduardo \u00c1lvarez utiliz\u00f3 la nueva t\u00e9cnica de Vucetich y hall\u00f3 una marca sangrienta de un pulgar en la puerta de la vivienda.<\/p>\n\n\n\n<p class=\"wp-block-paragraph\">Al cotejar la sangrienta impresi\u00f3n con las fichas policiales, se demostr\u00f3 que la huella correspond\u00eda a la propia madre. Confrontada con la evidencia f\u00edsica, Rojas confes\u00f3 el crimen. Este hecho se convirti\u00f3 en el <strong>primer caso penal en el mundo resuelto mediante huellas dactilares<\/strong>, sentando un precedente que transform\u00f3 las ciencias forenses a nivel global.<\/p>\n\n\n\n<p class=\"wp-block-paragraph\">Con el paso de los a\u00f1os, la t\u00e9cnica que Vucetich bautiz\u00f3 como \u00abIcnofalangometr\u00eda\u00bb adopt\u00f3 el nombre universal de <strong>dactiloscop\u00eda<\/strong> (propuesto por el m\u00e9dico argentino Francisco Latzina) y fue adoptada de manera masiva por las fuerzas policiales de todo el planeta.<\/p>\n\n\n\n<p class=\"wp-block-paragraph\">Hoy en d\u00eda, la vigencia de las huellas dactilares trasciende la investigaci\u00f3n criminal: desde la emisi\u00f3n de documentos de identidad biom\u00e9tricos hasta el desbloqueo diario de nuestros tel\u00e9fonos m\u00f3viles, la huella dactilar sigue siendo la llave digital indiscutible de nuestra identidad \u00fanica.<\/p>\n\n\n\n<figure class=\"wp-block-image size-full is-resized\"><a href=\"https:\/\/radiolarioja.com.ar\/rlr\/wp-content\/uploads\/2026\/09\/images-2026-09-01T092426.922.jpg\"><img fetchpriority=\"high\" decoding=\"async\" width=\"631\" height=\"370\" src=\"https:\/\/radiolarioja.com.ar\/rlr\/wp-content\/uploads\/2026\/09\/images-2026-09-01T092426.922.jpg\" alt=\"\" class=\"wp-image-97328\" style=\"width:1068px;height:auto\" srcset=\"https:\/\/radiolarioja.com.ar\/rlr\/wp-content\/uploads\/2026\/09\/images-2026-09-01T092426.922.jpg 631w, https:\/\/radiolarioja.com.ar\/rlr\/wp-content\/uploads\/2026\/09\/images-2026-09-01T092426.922-300x176.jpg 300w, https:\/\/radiolarioja.com.ar\/rlr\/wp-content\/uploads\/2026\/09\/images-2026-09-01T092426.922-322x189.jpg 322w, https:\/\/radiolarioja.com.ar\/rlr\/wp-content\/uploads\/2026\/09\/images-2026-09-01T092426.922-272x159.jpg 272w, https:\/\/radiolarioja.com.ar\/rlr\/wp-content\/uploads\/2026\/09\/images-2026-09-01T092426.922-355x208.jpg 355w, https:\/\/radiolarioja.com.ar\/rlr\/wp-content\/uploads\/2026\/09\/images-2026-09-01T092426.922-445x261.jpg 445w\" sizes=\"(max-width: 631px) 100vw, 631px\" \/><\/a><\/figure>\n\n\n\n<p class=\"wp-block-paragraph\">Aunque la dactiloscop\u00eda (identificaci\u00f3n por huellas dactilares) sigue siendo el est\u00e1ndar de oro para la identificaci\u00f3n personal r\u00e1pida, accesible y con validez jur\u00eddica, las tecnolog\u00edas biom\u00e9tricas modernas como el reconocimiento facial y el an\u00e1lisis de ADN han ampliado el alcance de la seguridad y la ciencia forense.<\/p>\n\n\n\n<h3 class=\"wp-block-heading\">Resumen comparativo<\/h3>\n\n\n\n<figure class=\"wp-block-table\"><table class=\"has-fixed-layout\"><thead><tr><td><strong>Caracter\u00edstica<\/strong><\/td><td><strong>Dactiloscop\u00eda (Huellas dactilares)<\/strong><\/td><td><strong>Reconocimiento Facial<\/strong><\/td><td><strong>Perfil de ADN<\/strong><\/td><\/tr><\/thead><tbody><tr><td><strong>Base principal<\/strong><\/td><td>Crestas papilares de la piel de las yemas de los dedos<\/td><td>Geometr\u00eda y distancia espacial de los puntos de referencia faciales<\/td><td>Repeticiones Cortas en T\u00e1ndem (STRs) en el material gen\u00e9tico<\/td><\/tr><tr><td><strong>Unicidad<\/strong><\/td><td><strong>100% \u00danica<\/strong> (incluso los gemelos id\u00e9nticos tienen huellas distintas)<\/td><td><strong>Alta<\/strong> (puede fallar con gemelos id\u00e9nticos, envejecimiento o mascarillas)<\/td><td><strong>Casi absoluta<\/strong> (los gemelos id\u00e9nticos comparten el mismo ADN)<\/td><\/tr><tr><td><strong>Velocidad y captura<\/strong><\/td><td>Instant\u00e1nea (contacto f\u00edsico o esc\u00e1ner de alta resoluci\u00f3n)<\/td><td>En tiempo real y a distancia (sin contacto f\u00edsico)<\/td><td>De horas a d\u00edas (requiere procesamiento de laboratorio)<\/td><\/tr><tr><td><strong>Costo e implementaci\u00f3n<\/strong><\/td><td>Muy bajo costo y soporte universal<\/td><td>Costo de hardware bajo a moderado<\/td><td>Alto costo operativo por muestra<\/td><\/tr><tr><td><strong>Utilidad forense<\/strong><\/td><td>Confirma la presencia f\u00edsica en la escena por contacto<\/td><td>Identifica la presencia en espacios p\u00fablicos mediante CCTV<\/td><td>Identifica transferencia biol\u00f3gica (sangre, ADN de toque, cabello)<\/td><\/tr><\/tbody><\/table><\/figure>\n\n\n\n<h3 class=\"wp-block-heading\">Fortalezas clave y diferencias operativas<\/h3>\n\n\n\n<p class=\"wp-block-paragraph\"><strong>1. Dactiloscop\u00eda: la herramienta fundamental<\/strong><\/p>\n\n\n\n<ul class=\"wp-block-list\">\n<li class=\"\"><strong>Invariabilidad:<\/strong> Los dibujos dactilares se forman en el \u00fatero hacia la semana 17 de gestaci\u00f3n y permanecen inalterables toda la vida, resistiendo incluso lesiones cut\u00e1neas superficiales.<\/li>\n\n\n\n<li class=\"\"><strong>Distinci\u00f3n entre gemelos:<\/strong> Dado que las crestas se forman por fuerzas f\u00edsicas ca\u00f3ticas en el \u00fatero y no solo por el c\u00f3digo gen\u00e9tico, los gemelos id\u00e9nticos <strong>no<\/strong> comparten huellas dactilares.<\/li>\n\n\n\n<li class=\"\"><strong>Infraestructura:<\/strong> Bases de datos como el sistema AFIS albergan miles de millones de registros en todo el mundo, lo que permite cotejos inmediatos y fiables a nivel internacional.<\/li>\n<\/ul>\n\n\n\n<p class=\"wp-block-paragraph\"><strong>2. Reconocimiento Facial: \u00e1gil y sin contacto<\/strong><\/p>\n\n\n\n<ul class=\"wp-block-list\">\n<li class=\"\"><strong>Captura pasiva:<\/strong> A diferencia de las huellas, que requieren tocar una superficie o un esc\u00e1ner, el reconocimiento facial funciona a distancia sin intervenci\u00f3n activa del sujeto (videovigilancia, controles fronterizos o desbloqueo m\u00f3vil).<\/li>\n\n\n\n<li class=\"\"><strong>Limitaciones:<\/strong> Es sensible a variaciones de iluminaci\u00f3n, \u00e1ngulos, tapabocas, cirug\u00edas pl\u00e1sticas o el envejecimiento biol\u00f3gico a lo largo de los a\u00f1os.<\/li>\n<\/ul>\n\n\n\n<p class=\"wp-block-paragraph\"><strong>3. Perfil de ADN: el est\u00e1ndar gen\u00e9tico forense<\/strong><\/p>\n\n\n\n<ul class=\"wp-block-list\">\n<li class=\"\"><strong>Evidencia invisible:<\/strong> Permite identificar a una persona a partir de rastros microsc\u00f3picos de c\u00e9lulas (\u00abADN de contacto\u00bb o <em>touch DNA<\/em>), aun cuando no exista una huella dactilar visible.<\/li>\n\n\n\n<li class=\"\"><strong>V\u00ednculos de parentesco:<\/strong> A diferencia de las huellas o el rostro, el ADN permite mapear relaciones de filiaci\u00f3n (pruebas de paternidad, identificaci\u00f3n de personas desaparecidas o genealog\u00eda forense).<\/li>\n\n\n\n<li class=\"\"><strong>Limitaciones:<\/strong> Requiere equipos de laboratorio especializados o cartuchos de procesamiento r\u00e1pido, por lo que no es pr\u00e1ctico para autenticaciones instant\u00e1neas en la vida cotidiana.<\/li>\n<\/ul>\n\n\n\n<h3 class=\"wp-block-heading\">La biometr\u00eda integrada en la actualidad<\/h3>\n\n\n\n<p class=\"wp-block-paragraph\">Los sistemas de seguridad y justicia penal modernos raras veces dependen de una sola tecnolog\u00eda. Las bases de datos internacionales (como INTERPOL) combinan estas tres herramientas en <strong>Sistemas de Identificaci\u00f3n Biom\u00e9trica M\u00faltiple (MBIS)<\/strong>: usan el reconocimiento facial para filtrados masivos a alta velocidad, la dactiloscop\u00eda para la verificaci\u00f3n inmediata en el campo y el ADN para confirmar evidencias forenses complejas.<\/p>\n","protected":false},"excerpt":{"rendered":"<p>Cada 1 de septiembre se celebra el D\u00eda Mundial de la Dactiloscop\u00eda para destacar la importancia de las huellas dactilares como pilar fundamental en la identificaci\u00f3n de personas. La ciencia encargada de este an\u00e1lisis, la dactiloscop\u00eda, se basa en la premisa irrefutable de que no existen dos personas con los mismos dibujos dactilares en el [&hellip;]<\/p>\n","protected":false},"author":2,"featured_media":97328,"comment_status":"open","ping_status":"open","sticky":false,"template":"","format":"standard","meta":{"tdm_status":"","tdm_grid_status":"","footnotes":""},"categories":[12],"tags":[],"class_list":["post-97327","post","type-post","status-publish","format-standard","has-post-thumbnail","category-local"],"featured_image_urls":{"full":["https:\/\/radiolarioja.com.ar\/rlr\/wp-content\/uploads\/2026\/09\/images-2026-09-01T092426.922.jpg",631,370,false],"thumbnail":["https:\/\/radiolarioja.com.ar\/rlr\/wp-content\/uploads\/2026\/09\/images-2026-09-01T092426.922-150x150.jpg",150,150,true],"medium":["https:\/\/radiolarioja.com.ar\/rlr\/wp-content\/uploads\/2026\/09\/images-2026-09-01T092426.922-300x176.jpg",300,176,true],"medium_large":["https:\/\/radiolarioja.com.ar\/rlr\/wp-content\/uploads\/2026\/09\/images-2026-09-01T092426.922.jpg",631,370,false],"large":["https:\/\/radiolarioja.com.ar\/rlr\/wp-content\/uploads\/2026\/09\/images-2026-09-01T092426.922.jpg",631,370,false],"1536x1536":["https:\/\/radiolarioja.com.ar\/rlr\/wp-content\/uploads\/2026\/09\/images-2026-09-01T092426.922.jpg",631,370,false],"2048x2048":["https:\/\/radiolarioja.com.ar\/rlr\/wp-content\/uploads\/2026\/09\/images-2026-09-01T092426.922.jpg",631,370,false],"td_218x150":["https:\/\/radiolarioja.com.ar\/rlr\/wp-content\/uploads\/2026\/09\/images-2026-09-01T092426.922-218x150.jpg",218,150,true],"td_324x400":["https:\/\/radiolarioja.com.ar\/rlr\/wp-content\/uploads\/2026\/09\/images-2026-09-01T092426.922-322x189.jpg",322,189,true],"td_485x360":["https:\/\/radiolarioja.com.ar\/rlr\/wp-content\/uploads\/2026\/09\/images-2026-09-01T092426.922-485x359.jpg",485,359,true],"td_696x0":["https:\/\/radiolarioja.com.ar\/rlr\/wp-content\/uploads\/2026\/09\/images-2026-09-01T092426.922.jpg",631,370,false],"td_1068x0":["https:\/\/radiolarioja.com.ar\/rlr\/wp-content\/uploads\/2026\/09\/images-2026-09-01T092426.922.jpg",631,370,false],"td_1920x0":["https:\/\/radiolarioja.com.ar\/rlr\/wp-content\/uploads\/2026\/09\/images-2026-09-01T092426.922.jpg",631,370,false],"td_0x420":["https:\/\/radiolarioja.com.ar\/rlr\/wp-content\/uploads\/2026\/09\/images-2026-09-01T092426.922.jpg",631,370,false],"td_80x60":["https:\/\/radiolarioja.com.ar\/rlr\/wp-content\/uploads\/2026\/09\/images-2026-09-01T092426.922-80x60.jpg",80,60,true],"td_100x70":["https:\/\/radiolarioja.com.ar\/rlr\/wp-content\/uploads\/2026\/09\/images-2026-09-01T092426.922-100x70.jpg",100,70,true],"td_265x198":["https:\/\/radiolarioja.com.ar\/rlr\/wp-content\/uploads\/2026\/09\/images-2026-09-01T092426.922-265x198.jpg",265,198,true],"td_324x160":["https:\/\/radiolarioja.com.ar\/rlr\/wp-content\/uploads\/2026\/09\/images-2026-09-01T092426.922-272x159.jpg",272,159,true],"td_324x235":["https:\/\/radiolarioja.com.ar\/rlr\/wp-content\/uploads\/2026\/09\/images-2026-09-01T092426.922-324x235.jpg",324,235,true],"td_356x220":["https:\/\/radiolarioja.com.ar\/rlr\/wp-content\/uploads\/2026\/09\/images-2026-09-01T092426.922-356x220.jpg",356,220,true],"td_356x364":["https:\/\/radiolarioja.com.ar\/rlr\/wp-content\/uploads\/2026\/09\/images-2026-09-01T092426.922-355x208.jpg",355,208,true],"td_533x261":["https:\/\/radiolarioja.com.ar\/rlr\/wp-content\/uploads\/2026\/09\/images-2026-09-01T092426.922-445x261.jpg",445,261,true],"td_534x462":["https:\/\/radiolarioja.com.ar\/rlr\/wp-content\/uploads\/2026\/09\/images-2026-09-01T092426.922-534x370.jpg",534,370,true],"td_696x385":["https:\/\/radiolarioja.com.ar\/rlr\/wp-content\/uploads\/2026\/09\/images-2026-09-01T092426.922.jpg",631,370,false],"td_741x486":["https:\/\/radiolarioja.com.ar\/rlr\/wp-content\/uploads\/2026\/09\/images-2026-09-01T092426.922.jpg",631,370,false],"td_1068x580":["https:\/\/radiolarioja.com.ar\/rlr\/wp-content\/uploads\/2026\/09\/images-2026-09-01T092426.922.jpg",631,370,false]},"author_info":{"info":["RadioLaRioja"]},"category_info":"<a href=\"https:\/\/radiolarioja.com.ar\/rlr\/category\/local\/\" rel=\"category tag\">Local<\/a>","tag_info":"Local","comment_count":"0","_links":{"self":[{"href":"https:\/\/radiolarioja.com.ar\/rlr\/wp-json\/wp\/v2\/posts\/97327","targetHints":{"allow":["GET"]}}],"collection":[{"href":"https:\/\/radiolarioja.com.ar\/rlr\/wp-json\/wp\/v2\/posts"}],"about":[{"href":"https:\/\/radiolarioja.com.ar\/rlr\/wp-json\/wp\/v2\/types\/post"}],"author":[{"embeddable":true,"href":"https:\/\/radiolarioja.com.ar\/rlr\/wp-json\/wp\/v2\/users\/2"}],"replies":[{"embeddable":true,"href":"https:\/\/radiolarioja.com.ar\/rlr\/wp-json\/wp\/v2\/comments?post=97327"}],"version-history":[{"count":1,"href":"https:\/\/radiolarioja.com.ar\/rlr\/wp-json\/wp\/v2\/posts\/97327\/revisions"}],"predecessor-version":[{"id":97329,"href":"https:\/\/radiolarioja.com.ar\/rlr\/wp-json\/wp\/v2\/posts\/97327\/revisions\/97329"}],"wp:featuredmedia":[{"embeddable":true,"href":"https:\/\/radiolarioja.com.ar\/rlr\/wp-json\/wp\/v2\/media\/97328"}],"wp:attachment":[{"href":"https:\/\/radiolarioja.com.ar\/rlr\/wp-json\/wp\/v2\/media?parent=97327"}],"wp:term":[{"taxonomy":"category","embeddable":true,"href":"https:\/\/radiolarioja.com.ar\/rlr\/wp-json\/wp\/v2\/categories?post=97327"},{"taxonomy":"post_tag","embeddable":true,"href":"https:\/\/radiolarioja.com.ar\/rlr\/wp-json\/wp\/v2\/tags?post=97327"}],"curies":[{"name":"wp","href":"https:\/\/api.w.org\/{rel}","templated":true}]}}