{"id":97323,"date":"2026-09-01T09:10:35","date_gmt":"2026-09-01T12:10:35","guid":{"rendered":"https:\/\/radiolarioja.com.ar\/rlr\/?p=97323"},"modified":"2026-09-01T09:10:37","modified_gmt":"2026-09-01T12:10:37","slug":"la-administradora-de-apos-llevo-tranquilidad-sobre-los-pagos-a-docentes-dai","status":"publish","type":"post","link":"https:\/\/radiolarioja.com.ar\/rlr\/la-administradora-de-apos-llevo-tranquilidad-sobre-los-pagos-a-docentes-dai\/","title":{"rendered":"La administradora de APOS llev\u00f3 tranquilidad sobre los pagos a docentes DAI"},"content":{"rendered":"\n<div class=\"wp-block-group is-nowrap is-layout-flex wp-container-core-group-is-layout-8f761849 wp-block-group-is-layout-flex\">\n<figure class=\"wp-block-image size-full\"><a href=\"https:\/\/radiolarioja.com.ar\/rlr\/wp-content\/uploads\/2026\/09\/images-2026-09-01T090746.651.jpg\"><img fetchpriority=\"high\" decoding=\"async\" width=\"440\" height=\"454\" src=\"https:\/\/radiolarioja.com.ar\/rlr\/wp-content\/uploads\/2026\/09\/images-2026-09-01T090746.651.jpg\" alt=\"\" class=\"wp-image-97324\" srcset=\"https:\/\/radiolarioja.com.ar\/rlr\/wp-content\/uploads\/2026\/09\/images-2026-09-01T090746.651.jpg 440w, https:\/\/radiolarioja.com.ar\/rlr\/wp-content\/uploads\/2026\/09\/images-2026-09-01T090746.651-291x300.jpg 291w, https:\/\/radiolarioja.com.ar\/rlr\/wp-content\/uploads\/2026\/09\/images-2026-09-01T090746.651-352x363.jpg 352w\" sizes=\"(max-width: 440px) 100vw, 440px\" \/><\/a><figcaption class=\"wp-element-caption\">La administradora de la Obra Social Provincial (<strong>APOS<\/strong>), Cra. Claudia Ortiz.<\/figcaption><\/figure>\n\n\n\n<p class=\"wp-block-paragraph\"><strong>LA RIOJA<\/strong> \u2014 La administradora de la Obra Social Provincial (<strong>APOS<\/strong>), Cra. Claudia Ortiz, ofreci\u00f3 precisiones sobre el esquema de pagos para los Docentes de Apoyo a la Inclusi\u00f3n (<strong>DAI<\/strong>), detall\u00f3 los avances en la digitalizaci\u00f3n de tr\u00e1mites y <strong>desminti\u00f3 los rumores sobre su posible alejamiento del cargo<\/strong>.<\/p>\n<\/div>\n\n\n\n<p class=\"wp-block-paragraph\"><strong>Pagos a docentes DAI y regularizaci\u00f3n de expedientes<\/strong><\/p>\n\n\n\n<p class=\"wp-block-paragraph\">Respecto a la situaci\u00f3n de los docentes <strong>DAI<\/strong> (<strong>140 <\/strong>profesionales que atienden a <strong>187<\/strong> beneficiarios), Ortiz explic\u00f3 la metodolog\u00eda de trabajo ante expedientes presentados fuera de t\u00e9rmino:<\/p>\n\n\n\n<ul class=\"wp-block-list\">\n<li class=\"\"><strong>Manejo de expedientes:<\/strong> Cuando la documentaci\u00f3n no ingresa a tiempo, se cierra el expediente principal para liquidar a quienes cumplieron en forma y se genera un expediente rezagado. Esto suele ocurrir por demoras ajenas a la obra social, ligadas a tr\u00e1mites en <strong>ARCA <\/strong>o <strong>DGIP<\/strong>.<\/li>\n\n\n\n<li class=\"\"><strong>Estado de liquidaciones:<\/strong> Durante junio cobraron <strong>180 <\/strong>docentes y se aguardaba la resoluci\u00f3n de <strong>7<\/strong> casos rezagados. La liquidaci\u00f3n correspondiente a <strong>julio <\/strong>ya cuenta con orden de pago y se completar\u00e1 en el transcurso de la <strong>pr\u00f3xima semana<\/strong>.<\/li>\n\n\n\n<li class=\"\"><strong>Actualizaci\u00f3n del valor:<\/strong> El protocolo contempla <strong>60 <\/strong>horas mensuales. La prestaci\u00f3n pas\u00f3 a <strong>$320.000<\/strong> y alcanzar\u00e1 los <strong>$400.000<\/strong> a partir del 1\u00b0 de septiembre, situ\u00e1ndose a un <strong>16%<\/strong> del valor nacional.<\/li>\n<\/ul>\n\n\n\n<p class=\"wp-block-paragraph\"><strong>Mesa de trabajo y avances en la digitalizaci\u00f3n<\/strong><\/p>\n\n\n\n<p class=\"wp-block-paragraph\">Durante una reuni\u00f3n mantenida con un grupo de docentes, la administradora aclar\u00f3 dudas sobre la modalidad de pago por reintegro, recordando que no se trata de un haber fijo sino de horas efectivamente trabajadas en aula, respaldadas por informes del Ministerio de Educaci\u00f3n.<\/p>\n\n\n\n<p class=\"wp-block-paragraph\">Asimismo, destac\u00f3 que <strong>APOS <\/strong>avanza hacia la despapelizaci\u00f3n total del organismo:<\/p>\n\n\n\n<ul class=\"wp-block-list\">\n<li class=\"\"><strong>Plataforma digital:<\/strong> Tanto prestadores de Capital como del Interior pueden subir la documentaci\u00f3n directamente a la plataforma virtual, evitando el traslado f\u00edsico de expedientes.<\/li>\n\n\n\n<li class=\"\"><strong>Convenio de cooperaci\u00f3n:<\/strong> En <strong>2024 <\/strong>se ratific\u00f3 un acuerdo con el Ministerio de Educaci\u00f3n para monitorear la asistencia de los docentes en las aulas y evaluar la evoluci\u00f3n pedag\u00f3gica del beneficiario.<\/li>\n<\/ul>\n\n\n\n<p class=\"wp-block-paragraph\"><strong>Convenios de reciprocidad y valores de coseguros<\/strong><\/p>\n\n\n\n<p class=\"wp-block-paragraph\">En relaci\u00f3n con la cobertura para afiliados residentes fuera de la provincia, <strong>Ortiz <\/strong>anunci\u00f3 que viajar\u00e1 a Buenos Aires para avanzar en la firma de un convenio de reciprocidad con la provincia de <strong>Salta<\/strong>, el cual permitir\u00e1 cubrir prestaciones de alta complejidad (como <strong>oncolog\u00eda<\/strong>) al <strong>100%<\/strong>.<\/p>\n\n\n\n<p class=\"wp-block-paragraph\">En cuanto al valor de los <strong>coseguros <\/strong>m\u00e9dicos, confirm\u00f3 que <strong>no hay nuevas actualizaciones previstas<\/strong> y que se mantienen los valores vigentes desde marzo (<strong>$10.000 la consulta m\u00e9dica<\/strong>), con la opci\u00f3n de solicitar <strong>coseguro <\/strong>financiado para pr\u00e1cticas de alta complejidad.<\/p>\n\n\n\n<p class=\"wp-block-paragraph\"><strong>Respuesta a los rumores de renuncia<\/strong><\/p>\n\n\n\n<p class=\"wp-block-paragraph\">Consultada sobre las versiones que indicaban su salida de la instituci\u00f3n, la funcionaria sostuvo que por el momento se trata de \u00ab<strong>especulaciones<\/strong>\u00bb y que contin\u00faa al frente de la gesti\u00f3n.<\/p>\n\n\n\n<blockquote class=\"wp-block-quote is-layout-flow wp-block-quote-is-layout-flow\">\n<p class=\"wp-block-paragraph\">\u00abFormo parte de un equipo de gobierno conducido por Ricardo Quintela. Hoy son especulaciones, como las que se vienen dando desde el a\u00f1o pasado. El Gobernador ser\u00e1 quien defina si me voy o me quedo\u00bb, concluy\u00f3 Ortiz, ratificando que no ha mantenido conversaciones formales sobre un eventual cambio en la titularidad de APOS.<\/p>\n<\/blockquote>\n","protected":false},"excerpt":{"rendered":"<p>LA RIOJA \u2014 La administradora de la Obra Social Provincial (APOS), Cra. Claudia Ortiz, ofreci\u00f3 precisiones sobre el esquema de pagos para los Docentes de Apoyo a la Inclusi\u00f3n (DAI), detall\u00f3 los avances en la digitalizaci\u00f3n de tr\u00e1mites y desminti\u00f3 los rumores sobre su posible alejamiento del cargo. Pagos a docentes DAI y regularizaci\u00f3n de [&hellip;]<\/p>\n","protected":false},"author":2,"featured_media":97325,"comment_status":"open","ping_status":"open","sticky":false,"template":"","format":"standard","meta":{"tdm_status":"","tdm_grid_status":"","footnotes":""},"categories":[12],"tags":[],"class_list":["post-97323","post","type-post","status-publish","format-standard","has-post-thumbnail","category-local"],"featured_image_urls":{"full":["https:\/\/radiolarioja.com.ar\/rlr\/wp-content\/uploads\/2026\/09\/images-2026-09-01T090945.577.jpg",565,353,false],"thumbnail":["https:\/\/radiolarioja.com.ar\/rlr\/wp-content\/uploads\/2026\/09\/images-2026-09-01T090945.577-150x150.jpg",150,150,true],"medium":["https:\/\/radiolarioja.com.ar\/rlr\/wp-content\/uploads\/2026\/09\/images-2026-09-01T090945.577-300x187.jpg",300,187,true],"medium_large":["https:\/\/radiolarioja.com.ar\/rlr\/wp-content\/uploads\/2026\/09\/images-2026-09-01T090945.577.jpg",565,353,false],"large":["https:\/\/radiolarioja.com.ar\/rlr\/wp-content\/uploads\/2026\/09\/images-2026-09-01T090945.577.jpg",565,353,false],"1536x1536":["https:\/\/radiolarioja.com.ar\/rlr\/wp-content\/uploads\/2026\/09\/images-2026-09-01T090945.577.jpg",565,353,false],"2048x2048":["https:\/\/radiolarioja.com.ar\/rlr\/wp-content\/uploads\/2026\/09\/images-2026-09-01T090945.577.jpg",565,353,false],"td_218x150":["https:\/\/radiolarioja.com.ar\/rlr\/wp-content\/uploads\/2026\/09\/images-2026-09-01T090945.577-218x150.jpg",218,150,true],"td_324x400":["https:\/\/radiolarioja.com.ar\/rlr\/wp-content\/uploads\/2026\/09\/images-2026-09-01T090945.577-323x202.jpg",323,202,true],"td_485x360":["https:\/\/radiolarioja.com.ar\/rlr\/wp-content\/uploads\/2026\/09\/images-2026-09-01T090945.577-485x353.jpg",485,353,true],"td_696x0":["https:\/\/radiolarioja.com.ar\/rlr\/wp-content\/uploads\/2026\/09\/images-2026-09-01T090945.577.jpg",565,353,false],"td_1068x0":["https:\/\/radiolarioja.com.ar\/rlr\/wp-content\/uploads\/2026\/09\/images-2026-09-01T090945.577.jpg",565,353,false],"td_1920x0":["https:\/\/radiolarioja.com.ar\/rlr\/wp-content\/uploads\/2026\/09\/images-2026-09-01T090945.577.jpg",565,353,false],"td_0x420":["https:\/\/radiolarioja.com.ar\/rlr\/wp-content\/uploads\/2026\/09\/images-2026-09-01T090945.577.jpg",565,353,false],"td_80x60":["https:\/\/radiolarioja.com.ar\/rlr\/wp-content\/uploads\/2026\/09\/images-2026-09-01T090945.577-80x60.jpg",80,60,true],"td_100x70":["https:\/\/radiolarioja.com.ar\/rlr\/wp-content\/uploads\/2026\/09\/images-2026-09-01T090945.577-100x70.jpg",100,70,true],"td_265x198":["https:\/\/radiolarioja.com.ar\/rlr\/wp-content\/uploads\/2026\/09\/images-2026-09-01T090945.577-265x197.jpg",265,197,true],"td_324x160":["https:\/\/radiolarioja.com.ar\/rlr\/wp-content\/uploads\/2026\/09\/images-2026-09-01T090945.577-256x160.jpg",256,160,true],"td_324x235":["https:\/\/radiolarioja.com.ar\/rlr\/wp-content\/uploads\/2026\/09\/images-2026-09-01T090945.577-324x235.jpg",324,235,true],"td_356x220":["https:\/\/radiolarioja.com.ar\/rlr\/wp-content\/uploads\/2026\/09\/images-2026-09-01T090945.577-352x220.jpg",352,220,true],"td_356x364":["https:\/\/radiolarioja.com.ar\/rlr\/wp-content\/uploads\/2026\/09\/images-2026-09-01T090945.577-355x222.jpg",355,222,true],"td_533x261":["https:\/\/radiolarioja.com.ar\/rlr\/wp-content\/uploads\/2026\/09\/images-2026-09-01T090945.577-417x261.jpg",417,261,true],"td_534x462":["https:\/\/radiolarioja.com.ar\/rlr\/wp-content\/uploads\/2026\/09\/images-2026-09-01T090945.577-534x353.jpg",534,353,true],"td_696x385":["https:\/\/radiolarioja.com.ar\/rlr\/wp-content\/uploads\/2026\/09\/images-2026-09-01T090945.577.jpg",565,353,false],"td_741x486":["https:\/\/radiolarioja.com.ar\/rlr\/wp-content\/uploads\/2026\/09\/images-2026-09-01T090945.577.jpg",565,353,false],"td_1068x580":["https:\/\/radiolarioja.com.ar\/rlr\/wp-content\/uploads\/2026\/09\/images-2026-09-01T090945.577.jpg",565,353,false]},"author_info":{"info":["RadioLaRioja"]},"category_info":"<a href=\"https:\/\/radiolarioja.com.ar\/rlr\/category\/local\/\" rel=\"category tag\">Local<\/a>","tag_info":"Local","comment_count":"0","_links":{"self":[{"href":"https:\/\/radiolarioja.com.ar\/rlr\/wp-json\/wp\/v2\/posts\/97323","targetHints":{"allow":["GET"]}}],"collection":[{"href":"https:\/\/radiolarioja.com.ar\/rlr\/wp-json\/wp\/v2\/posts"}],"about":[{"href":"https:\/\/radiolarioja.com.ar\/rlr\/wp-json\/wp\/v2\/types\/post"}],"author":[{"embeddable":true,"href":"https:\/\/radiolarioja.com.ar\/rlr\/wp-json\/wp\/v2\/users\/2"}],"replies":[{"embeddable":true,"href":"https:\/\/radiolarioja.com.ar\/rlr\/wp-json\/wp\/v2\/comments?post=97323"}],"version-history":[{"count":1,"href":"https:\/\/radiolarioja.com.ar\/rlr\/wp-json\/wp\/v2\/posts\/97323\/revisions"}],"predecessor-version":[{"id":97326,"href":"https:\/\/radiolarioja.com.ar\/rlr\/wp-json\/wp\/v2\/posts\/97323\/revisions\/97326"}],"wp:featuredmedia":[{"embeddable":true,"href":"https:\/\/radiolarioja.com.ar\/rlr\/wp-json\/wp\/v2\/media\/97325"}],"wp:attachment":[{"href":"https:\/\/radiolarioja.com.ar\/rlr\/wp-json\/wp\/v2\/media?parent=97323"}],"wp:term":[{"taxonomy":"category","embeddable":true,"href":"https:\/\/radiolarioja.com.ar\/rlr\/wp-json\/wp\/v2\/categories?post=97323"},{"taxonomy":"post_tag","embeddable":true,"href":"https:\/\/radiolarioja.com.ar\/rlr\/wp-json\/wp\/v2\/tags?post=97323"}],"curies":[{"name":"wp","href":"https:\/\/api.w.org\/{rel}","templated":true}]}}