{"id":97319,"date":"2026-09-01T08:55:38","date_gmt":"2026-09-01T11:55:38","guid":{"rendered":"https:\/\/radiolarioja.com.ar\/rlr\/?p=97319"},"modified":"2026-09-01T08:55:40","modified_gmt":"2026-09-01T11:55:40","slug":"endeudamiento-familiar-fede-bazan-las-decisiones-tomadas-por-el-gobernador-ya-estan-operativas-para-todos-los-clientes","status":"publish","type":"post","link":"https:\/\/radiolarioja.com.ar\/rlr\/endeudamiento-familiar-fede-bazan-las-decisiones-tomadas-por-el-gobernador-ya-estan-operativas-para-todos-los-clientes\/","title":{"rendered":"ENDEUDAMIENTO FAMILIAR | Fede Baz\u00e1n: \u00abLas decisiones tomadas por el Gobernador ya est\u00e1n operativas para todos los clientes.\u00bb"},"content":{"rendered":"\n<div class=\"wp-block-group is-nowrap is-layout-flex wp-container-core-group-is-layout-8f761849 wp-block-group-is-layout-flex\">\n<figure class=\"wp-block-image size-full\"><a href=\"https:\/\/radiolarioja.com.ar\/rlr\/wp-content\/uploads\/2026\/09\/l_1788191219.webp\"><img fetchpriority=\"high\" decoding=\"async\" width=\"900\" height=\"600\" src=\"https:\/\/radiolarioja.com.ar\/rlr\/wp-content\/uploads\/2026\/09\/l_1788191219.webp\" alt=\"\" class=\"wp-image-97320\" srcset=\"https:\/\/radiolarioja.com.ar\/rlr\/wp-content\/uploads\/2026\/09\/l_1788191219.webp 900w, https:\/\/radiolarioja.com.ar\/rlr\/wp-content\/uploads\/2026\/09\/l_1788191219-300x200.webp 300w, https:\/\/radiolarioja.com.ar\/rlr\/wp-content\/uploads\/2026\/09\/l_1788191219-768x512.webp 768w, https:\/\/radiolarioja.com.ar\/rlr\/wp-content\/uploads\/2026\/09\/l_1788191219-324x216.webp 324w, https:\/\/radiolarioja.com.ar\/rlr\/wp-content\/uploads\/2026\/09\/l_1788191219-696x464.webp 696w, https:\/\/radiolarioja.com.ar\/rlr\/wp-content\/uploads\/2026\/09\/l_1788191219-240x160.webp 240w, https:\/\/radiolarioja.com.ar\/rlr\/wp-content\/uploads\/2026\/09\/l_1788191219-330x220.webp 330w, https:\/\/radiolarioja.com.ar\/rlr\/wp-content\/uploads\/2026\/09\/l_1788191219-355x237.webp 355w, https:\/\/radiolarioja.com.ar\/rlr\/wp-content\/uploads\/2026\/09\/l_1788191219-391x261.webp 391w, https:\/\/radiolarioja.com.ar\/rlr\/wp-content\/uploads\/2026\/09\/l_1788191219-729x486.webp 729w, https:\/\/radiolarioja.com.ar\/rlr\/wp-content\/uploads\/2026\/09\/l_1788191219-577x385.webp 577w, https:\/\/radiolarioja.com.ar\/rlr\/wp-content\/uploads\/2026\/09\/l_1788191219-870x580.webp 870w\" sizes=\"(max-width: 900px) 100vw, 900px\" \/><\/a><figcaption class=\"wp-element-caption\"><strong>Ministro de Trabajo, Empleo, Industria y Miner\u00eda de La Rioja, Federico Baz\u00e1n<\/strong><\/figcaption><\/figure>\n\n\n\n<p class=\"wp-block-paragraph\"><strong>El ministro de Trabajo, Empleo, Industria y Miner\u00eda de La Rioja, Federico Baz\u00e1n, brind\u00f3 detalles sobre el paquete de tres medidas financieras anunciadas por el Ejecutivo provincial. Las disposiciones buscan brindar alivio a los hogares en un contexto econ\u00f3mico complejo y ya se encuentran operativas.<\/strong><\/p>\n<\/div>\n\n\n\n<p class=\"wp-block-paragraph\">En el marco de la compleja coyuntura econ\u00f3mica que atraviesa el pa\u00eds, el ministro de Trabajo, Empleo, Industria y Miner\u00eda de La Rioja, Federico Baz\u00e1n, se refiri\u00f3 a la puesta en marcha de las nuevas herramientas financieras dispuestas por la gesti\u00f3n del gobernador Ricardo Quintela a trav\u00e9s del Banco Rioja. Las medidas est\u00e1n orientadas a reducir las tasas de inter\u00e9s para cr\u00e9ditos de consumo y facilitar la regularizaci\u00f3n de deudas contra\u00eddas por familias riojanas.<\/p>\n\n\n\n<blockquote class=\"wp-block-quote alignfull is-layout-flow wp-block-quote-is-layout-flow\">\n<p class=\"wp-block-paragraph\">\u00abLas decisiones tomadas por el Gobernador ya est\u00e1n operativas para todos los clientes. Se enmarcan en un contexto nacional muy complejo que registra un sobreendeudamiento generalizado en los hogares, una problem\u00e1tica que afecta los n\u00fameros del sistema financiero y no financiero\u00bb, explic\u00f3 el funcionario.<\/p>\n<\/blockquote>\n\n\n\n<h3 class=\"wp-block-heading\">Tres medidas clave para el bolsillo riojano<\/h3>\n\n\n\n<p class=\"wp-block-paragraph\">El ministro repas\u00f3 los tres ejes principales acordados e implementados a trav\u00e9s de la banca p\u00fablica provincial:<\/p>\n\n\n\n<ul class=\"wp-block-list\">\n<li class=\"\"><strong>Reducci\u00f3n de 20 puntos en tasas de pr\u00e9stamos personales:<\/strong> La Tasa Nominal Anual (TNA) para cr\u00e9ditos de consumo baj\u00f3 20 puntos porcentuales. Abarca a empleados p\u00fablicos, jubilados y trabajadores del sector privado que cobran sus sueldos en la entidad. La l\u00ednea a 12 meses se ubic\u00f3 en un 52% de TNA, mientras que el plazo a 36 meses qued\u00f3 en 56%. Baz\u00e1n destac\u00f3 que estas tasas se encuentran \u00aben el piso del mercado\u00bb, al nivel del Banco Naci\u00f3n y por debajo de la banca privada. En el caso del Banco Rioja, el Costo Financiero Total (CFT) se compone \u00fanicamente de la TNA m\u00e1s el IVA, sin comisiones ni gastos adicionales.<\/li>\n\n\n\n<li class=\"\"><strong>Plan de reestructuraci\u00f3n para deudores morosos de pr\u00e9stamos:<\/strong> Se dispuso un esquema especial para clientes que registran una mora superior a 90 d\u00edas en cr\u00e9ditos personales. Podr\u00e1n acudir a la entidad bancaria para renegociar las condiciones con plazos extendidos y tasas m\u00e1s bajas.<\/li>\n\n\n\n<li class=\"\"><strong>Refinanciaci\u00f3n de tarjetas de cr\u00e9dito:<\/strong> Se lanz\u00f3 una l\u00ednea espec\u00edfica destinada a regularizar saldos impagos de la tarjeta Mastercard Banco Rioja con tasa fija y un plazo de refinanciaci\u00f3n de hasta 36 meses.<\/li>\n<\/ul>\n\n\n\n<h3 class=\"wp-block-heading\">Alcance de los beneficios y evaluaci\u00f3n de cr\u00e9dito<\/h3>\n\n\n\n<p class=\"wp-block-paragraph\">Al ser consultado sobre si una persona con deudas contra\u00eddas en otros bancos o plataformas digitales puede acceder a estos cr\u00e9ditos para cancelar sus compromisos, Baz\u00e1n aclar\u00f3 el procedimiento.<\/p>\n\n\n\n<p class=\"wp-block-paragraph\">\u00abLa l\u00ednea de reestructuraci\u00f3n espec\u00edfica es para acreencias dentro del Banco Rioja. No obstante, cualquier empleado p\u00fablico, jubilado o trabajador privado que acredite haberes en la entidad puede solicitar un nuevo pr\u00e9stamo personal bajo la tasa subsidiada del 52% o 56% y destinar esos fondos a la cancelaci\u00f3n de deudas externas\u00bb, detall\u00f3.<\/p>\n\n\n\n<p class=\"wp-block-paragraph\">El ministro puntualiz\u00f3 que cada solicitud queda sujeta al an\u00e1lisis crediticio individual y al cumplimiento de los l\u00edmites fijados por la normativa provincial respecto de los porcentajes de afectaci\u00f3n del haber salarial.<\/p>\n\n\n\n<h3 class=\"wp-block-heading\">Inversi\u00f3n provincial e intervenci\u00f3n estatal<\/h3>\n\n\n\n<p class=\"wp-block-paragraph\">El titular de la cartera productiva remarc\u00f3 que las facilidades son financiadas con recursos del Estado provincial. \u00abLejos de esquivar la situaci\u00f3n, la decisi\u00f3n pol\u00edtica es invertir recursos presupuestarios para aliviar el gasto fijo de las familias riojanas. Hoy el ingreso familiar se ve fuertemente reducido por el incremento de tarifas nacionales, combustibles, medicamentos y servicios b\u00e1sicos\u00bb, afirm\u00f3.<\/p>\n\n\n\n<p class=\"wp-block-paragraph\">En relaci\u00f3n con las nuevas normativas nacionales dictadas por el Banco Central respecto al cobro por transferencia y d\u00e9bitos autom\u00e1ticos vinculados a fintech o billeteras virtuales, Baz\u00e1n recomend\u00f3 prudencia a los usuarios: \u00abEs fundamental revisar minuciosamente los contratos que se firman digitalmente para conocer las cl\u00e1usulas de d\u00e9bito sobre las cuentas de sueldos. Nuestra prioridad es proteger el salario de la gente\u00bb.<\/p>\n\n\n\n<p class=\"wp-block-paragraph\">Para realizar consultas o iniciar los tr\u00e1mites de refinanciaci\u00f3n y solicitud de cr\u00e9ditos, el Banco Rioja habilit\u00f3 la atenci\u00f3n presencial reforzada en su anexo de calle Belgrano, as\u00ed como en las oficinas de Tarjeta de Cr\u00e9dito de calle San Martin.<\/p>\n","protected":false},"excerpt":{"rendered":"<p>El ministro de Trabajo, Empleo, Industria y Miner\u00eda de La Rioja, Federico Baz\u00e1n, brind\u00f3 detalles sobre el paquete de tres medidas financieras anunciadas por el Ejecutivo provincial. Las disposiciones buscan brindar alivio a los hogares en un contexto econ\u00f3mico complejo y ya se encuentran operativas. En el marco de la compleja coyuntura econ\u00f3mica que atraviesa [&hellip;]<\/p>\n","protected":false},"author":2,"featured_media":97321,"comment_status":"open","ping_status":"open","sticky":false,"template":"","format":"standard","meta":{"tdm_status":"","tdm_grid_status":"","footnotes":""},"categories":[12],"tags":[],"class_list":["post-97319","post","type-post","status-publish","format-standard","has-post-thumbnail","category-local"],"featured_image_urls":{"full":["https:\/\/radiolarioja.com.ar\/rlr\/wp-content\/uploads\/2026\/09\/Gemini_Generated_Image_8yidcy8yidcy8yid.jpg",1376,768,false],"thumbnail":["https:\/\/radiolarioja.com.ar\/rlr\/wp-content\/uploads\/2026\/09\/Gemini_Generated_Image_8yidcy8yidcy8yid-150x150.jpg",150,150,true],"medium":["https:\/\/radiolarioja.com.ar\/rlr\/wp-content\/uploads\/2026\/09\/Gemini_Generated_Image_8yidcy8yidcy8yid-300x167.jpg",300,167,true],"medium_large":["https:\/\/radiolarioja.com.ar\/rlr\/wp-content\/uploads\/2026\/09\/Gemini_Generated_Image_8yidcy8yidcy8yid-767x428.jpg",696,388,true],"large":["https:\/\/radiolarioja.com.ar\/rlr\/wp-content\/uploads\/2026\/09\/Gemini_Generated_Image_8yidcy8yidcy8yid-1024x572.jpg",696,389,true],"1536x1536":["https:\/\/radiolarioja.com.ar\/rlr\/wp-content\/uploads\/2026\/09\/Gemini_Generated_Image_8yidcy8yidcy8yid.jpg",1376,768,false],"2048x2048":["https:\/\/radiolarioja.com.ar\/rlr\/wp-content\/uploads\/2026\/09\/Gemini_Generated_Image_8yidcy8yidcy8yid.jpg",1376,768,false],"td_218x150":["https:\/\/radiolarioja.com.ar\/rlr\/wp-content\/uploads\/2026\/09\/Gemini_Generated_Image_8yidcy8yidcy8yid-218x150.jpg",218,150,true],"td_324x400":["https:\/\/radiolarioja.com.ar\/rlr\/wp-content\/uploads\/2026\/09\/Gemini_Generated_Image_8yidcy8yidcy8yid-323x180.jpg",323,180,true],"td_485x360":["https:\/\/radiolarioja.com.ar\/rlr\/wp-content\/uploads\/2026\/09\/Gemini_Generated_Image_8yidcy8yidcy8yid-485x360.jpg",485,360,true],"td_696x0":["https:\/\/radiolarioja.com.ar\/rlr\/wp-content\/uploads\/2026\/09\/Gemini_Generated_Image_8yidcy8yidcy8yid-695x388.jpg",695,388,true],"td_1068x0":["https:\/\/radiolarioja.com.ar\/rlr\/wp-content\/uploads\/2026\/09\/Gemini_Generated_Image_8yidcy8yidcy8yid-1068x596.jpg",1068,596,true],"td_1920x0":["https:\/\/radiolarioja.com.ar\/rlr\/wp-content\/uploads\/2026\/09\/Gemini_Generated_Image_8yidcy8yidcy8yid.jpg",1376,768,false],"td_0x420":["https:\/\/radiolarioja.com.ar\/rlr\/wp-content\/uploads\/2026\/09\/Gemini_Generated_Image_8yidcy8yidcy8yid.jpg",753,420,false],"td_80x60":["https:\/\/radiolarioja.com.ar\/rlr\/wp-content\/uploads\/2026\/09\/Gemini_Generated_Image_8yidcy8yidcy8yid-80x60.jpg",80,60,true],"td_100x70":["https:\/\/radiolarioja.com.ar\/rlr\/wp-content\/uploads\/2026\/09\/Gemini_Generated_Image_8yidcy8yidcy8yid-100x70.jpg",100,70,true],"td_265x198":["https:\/\/radiolarioja.com.ar\/rlr\/wp-content\/uploads\/2026\/09\/Gemini_Generated_Image_8yidcy8yidcy8yid-265x198.jpg",265,198,true],"td_324x160":["https:\/\/radiolarioja.com.ar\/rlr\/wp-content\/uploads\/2026\/09\/Gemini_Generated_Image_8yidcy8yidcy8yid-286x160.jpg",286,160,true],"td_324x235":["https:\/\/radiolarioja.com.ar\/rlr\/wp-content\/uploads\/2026\/09\/Gemini_Generated_Image_8yidcy8yidcy8yid-324x235.jpg",324,235,true],"td_356x220":["https:\/\/radiolarioja.com.ar\/rlr\/wp-content\/uploads\/2026\/09\/Gemini_Generated_Image_8yidcy8yidcy8yid-356x220.jpg",356,220,true],"td_356x364":["https:\/\/radiolarioja.com.ar\/rlr\/wp-content\/uploads\/2026\/09\/Gemini_Generated_Image_8yidcy8yidcy8yid-355x198.jpg",355,198,true],"td_533x261":["https:\/\/radiolarioja.com.ar\/rlr\/wp-content\/uploads\/2026\/09\/Gemini_Generated_Image_8yidcy8yidcy8yid-467x261.jpg",467,261,true],"td_534x462":["https:\/\/radiolarioja.com.ar\/rlr\/wp-content\/uploads\/2026\/09\/Gemini_Generated_Image_8yidcy8yidcy8yid-534x462.jpg",534,462,true],"td_696x385":["https:\/\/radiolarioja.com.ar\/rlr\/wp-content\/uploads\/2026\/09\/Gemini_Generated_Image_8yidcy8yidcy8yid-689x385.jpg",689,385,true],"td_741x486":["https:\/\/radiolarioja.com.ar\/rlr\/wp-content\/uploads\/2026\/09\/Gemini_Generated_Image_8yidcy8yidcy8yid-741x486.jpg",741,486,true],"td_1068x580":["https:\/\/radiolarioja.com.ar\/rlr\/wp-content\/uploads\/2026\/09\/Gemini_Generated_Image_8yidcy8yidcy8yid-1039x580.jpg",1039,580,true]},"author_info":{"info":["RadioLaRioja"]},"category_info":"<a href=\"https:\/\/radiolarioja.com.ar\/rlr\/category\/local\/\" rel=\"category tag\">Local<\/a>","tag_info":"Local","comment_count":"0","_links":{"self":[{"href":"https:\/\/radiolarioja.com.ar\/rlr\/wp-json\/wp\/v2\/posts\/97319","targetHints":{"allow":["GET"]}}],"collection":[{"href":"https:\/\/radiolarioja.com.ar\/rlr\/wp-json\/wp\/v2\/posts"}],"about":[{"href":"https:\/\/radiolarioja.com.ar\/rlr\/wp-json\/wp\/v2\/types\/post"}],"author":[{"embeddable":true,"href":"https:\/\/radiolarioja.com.ar\/rlr\/wp-json\/wp\/v2\/users\/2"}],"replies":[{"embeddable":true,"href":"https:\/\/radiolarioja.com.ar\/rlr\/wp-json\/wp\/v2\/comments?post=97319"}],"version-history":[{"count":1,"href":"https:\/\/radiolarioja.com.ar\/rlr\/wp-json\/wp\/v2\/posts\/97319\/revisions"}],"predecessor-version":[{"id":97322,"href":"https:\/\/radiolarioja.com.ar\/rlr\/wp-json\/wp\/v2\/posts\/97319\/revisions\/97322"}],"wp:featuredmedia":[{"embeddable":true,"href":"https:\/\/radiolarioja.com.ar\/rlr\/wp-json\/wp\/v2\/media\/97321"}],"wp:attachment":[{"href":"https:\/\/radiolarioja.com.ar\/rlr\/wp-json\/wp\/v2\/media?parent=97319"}],"wp:term":[{"taxonomy":"category","embeddable":true,"href":"https:\/\/radiolarioja.com.ar\/rlr\/wp-json\/wp\/v2\/categories?post=97319"},{"taxonomy":"post_tag","embeddable":true,"href":"https:\/\/radiolarioja.com.ar\/rlr\/wp-json\/wp\/v2\/tags?post=97319"}],"curies":[{"name":"wp","href":"https:\/\/api.w.org\/{rel}","templated":true}]}}