{"id":97314,"date":"2026-09-01T08:38:44","date_gmt":"2026-09-01T11:38:44","guid":{"rendered":"https:\/\/radiolarioja.com.ar\/rlr\/?p=97314"},"modified":"2026-09-01T08:38:45","modified_gmt":"2026-09-01T11:38:45","slug":"dos-riojanos-brillaron-en-la-copa-vendimia-2026-y-ya-apuntan-al-nacional","status":"publish","type":"post","link":"https:\/\/radiolarioja.com.ar\/rlr\/dos-riojanos-brillaron-en-la-copa-vendimia-2026-y-ya-apuntan-al-nacional\/","title":{"rendered":"Dos riojanos brillaron en la Copa Vendimia 2026 y ya apuntan al Nacional"},"content":{"rendered":"\n<p class=\"wp-block-paragraph\">Pablo Mart\u00edn y Ruth Bustos se consagraron campeones en sus respectivas categor\u00edas durante la competencia de fisicoculturismo realizada en Mendoza. Ahora se preparan para nuevos desaf\u00edos a nivel nacional e internacional.<\/p>\n\n\n\n<p class=\"wp-block-paragraph\">La bandera de La Rioja volvi\u00f3 a quedar en lo m\u00e1s alto del fisicoculturismo. Los atletas riojanos&nbsp;<strong>Pablo Mart\u00edn y Ruth Bustos<\/strong>&nbsp;tuvieron una destacada actuaci\u00f3n en la&nbsp;<strong>Copa Vendimia 2026<\/strong>, disputada en la provincia de Mendoza, donde lograron quedarse con los primeros puestos en sus respectivas categor\u00edas.<\/p>\n\n\n\n<p class=\"wp-block-paragraph\">Pablo Mart\u00edn lleg\u00f3 a la competencia despu\u00e9s de meses de entrenamiento intensivo y obtuvo el primer lugar en su categor\u00eda. Pero su gran jornada no termin\u00f3 all\u00ed: tambi\u00e9n se consagr\u00f3&nbsp;<strong>campe\u00f3n Overall<\/strong>, t\u00edtulo que distingue al atleta destacado entre los ganadores de las diferentes categor\u00edas.<\/p>\n\n\n\n<p class=\"wp-block-paragraph\">Por su parte, Ruth Bustos protagoniz\u00f3 un regreso muy especial a los escenarios. Despu\u00e9s de&nbsp;<strong>cuatro a\u00f1os alejada de las competencias<\/strong>, volvi\u00f3 a presentarse y logr\u00f3 quedarse con el campeonato en la categor\u00eda&nbsp;<strong>Fit &amp; Beauty<\/strong>.<\/p>\n\n\n\n<p class=\"wp-block-paragraph\">Los resultados marcaron una jornada inolvidable para la dupla riojana, que volvi\u00f3 a representar a la provincia en una competencia de alto nivel y recibi\u00f3 el reconocimiento por el trabajo y la preparaci\u00f3n detr\u00e1s de cada presentaci\u00f3n.<\/p>\n\n\n\n<p class=\"wp-block-paragraph\">Tras los triunfos en Mendoza, ambos atletas ya tienen nuevos objetivos por delante. La agenda contempla competencias en el&nbsp;<strong>Torneo Nacional, el Sudamericano y el Mundial de fisicoculturismo<\/strong>, donde buscar\u00e1n continuar llevando el nombre de La Rioja a los principales escenarios de la disciplina.<\/p>\n\n\n\n<p class=\"wp-block-paragraph\">Con esfuerzo, disciplina y meses de preparaci\u00f3n, Pablo Mart\u00edn y Ruth Bustos celebraron un nuevo logro para el deporte riojano y renovaron sus expectativas de cara a los pr\u00f3ximos desaf\u00edos.<\/p>\n\n\n\n<figure class=\"wp-block-image size-full is-resized\"><a href=\"https:\/\/radiolarioja.com.ar\/rlr\/wp-content\/uploads\/2026\/09\/l_1787661088-1.webp\"><img fetchpriority=\"high\" decoding=\"async\" width=\"900\" height=\"600\" src=\"https:\/\/radiolarioja.com.ar\/rlr\/wp-content\/uploads\/2026\/09\/l_1787661088-1.webp\" alt=\"\" class=\"wp-image-97317\" style=\"width:1068px;height:auto\" srcset=\"https:\/\/radiolarioja.com.ar\/rlr\/wp-content\/uploads\/2026\/09\/l_1787661088-1.webp 900w, https:\/\/radiolarioja.com.ar\/rlr\/wp-content\/uploads\/2026\/09\/l_1787661088-1-768x512.webp 768w, https:\/\/radiolarioja.com.ar\/rlr\/wp-content\/uploads\/2026\/09\/l_1787661088-1-300x200.webp 300w, https:\/\/radiolarioja.com.ar\/rlr\/wp-content\/uploads\/2026\/09\/l_1787661088-1-324x216.webp 324w, https:\/\/radiolarioja.com.ar\/rlr\/wp-content\/uploads\/2026\/09\/l_1787661088-1-696x464.webp 696w, https:\/\/radiolarioja.com.ar\/rlr\/wp-content\/uploads\/2026\/09\/l_1787661088-1-240x160.webp 240w, https:\/\/radiolarioja.com.ar\/rlr\/wp-content\/uploads\/2026\/09\/l_1787661088-1-330x220.webp 330w, https:\/\/radiolarioja.com.ar\/rlr\/wp-content\/uploads\/2026\/09\/l_1787661088-1-355x237.webp 355w, https:\/\/radiolarioja.com.ar\/rlr\/wp-content\/uploads\/2026\/09\/l_1787661088-1-391x261.webp 391w, https:\/\/radiolarioja.com.ar\/rlr\/wp-content\/uploads\/2026\/09\/l_1787661088-1-577x385.webp 577w, https:\/\/radiolarioja.com.ar\/rlr\/wp-content\/uploads\/2026\/09\/l_1787661088-1-729x486.webp 729w, https:\/\/radiolarioja.com.ar\/rlr\/wp-content\/uploads\/2026\/09\/l_1787661088-1-870x580.webp 870w\" sizes=\"(max-width: 900px) 100vw, 900px\" \/><\/a><figcaption class=\"wp-element-caption\">Pablo Mart\u00edn y Ruth Bustos se consagraron campeones en sus respectivas categor\u00edas durante la competencia de fisicoculturismo.<\/figcaption><\/figure>\n\n\n\n<p class=\"wp-block-paragraph\"><\/p>\n","protected":false},"excerpt":{"rendered":"<p>Pablo Mart\u00edn y Ruth Bustos se consagraron campeones en sus respectivas categor\u00edas durante la competencia de fisicoculturismo realizada en Mendoza. Ahora se preparan para nuevos desaf\u00edos a nivel nacional e internacional. La bandera de La Rioja volvi\u00f3 a quedar en lo m\u00e1s alto del fisicoculturismo. Los atletas riojanos&nbsp;Pablo Mart\u00edn y Ruth Bustos&nbsp;tuvieron una destacada actuaci\u00f3n [&hellip;]<\/p>\n","protected":false},"author":2,"featured_media":97317,"comment_status":"open","ping_status":"open","sticky":false,"template":"","format":"standard","meta":{"tdm_status":"","tdm_grid_status":"","footnotes":""},"categories":[3],"tags":[],"class_list":["post-97314","post","type-post","status-publish","format-standard","has-post-thumbnail","category-deporte"],"featured_image_urls":{"full":["https:\/\/radiolarioja.com.ar\/rlr\/wp-content\/uploads\/2026\/09\/l_1787661088-1.webp",900,600,false],"thumbnail":["https:\/\/radiolarioja.com.ar\/rlr\/wp-content\/uploads\/2026\/09\/l_1787661088-1-150x150.webp",150,150,true],"medium":["https:\/\/radiolarioja.com.ar\/rlr\/wp-content\/uploads\/2026\/09\/l_1787661088-1-300x200.webp",300,200,true],"medium_large":["https:\/\/radiolarioja.com.ar\/rlr\/wp-content\/uploads\/2026\/09\/l_1787661088-1-768x512.webp",696,464,true],"large":["https:\/\/radiolarioja.com.ar\/rlr\/wp-content\/uploads\/2026\/09\/l_1787661088-1.webp",696,464,false],"1536x1536":["https:\/\/radiolarioja.com.ar\/rlr\/wp-content\/uploads\/2026\/09\/l_1787661088-1.webp",900,600,false],"2048x2048":["https:\/\/radiolarioja.com.ar\/rlr\/wp-content\/uploads\/2026\/09\/l_1787661088-1.webp",900,600,false],"td_218x150":["https:\/\/radiolarioja.com.ar\/rlr\/wp-content\/uploads\/2026\/09\/l_1787661088-1-218x150.webp",218,150,true],"td_324x400":["https:\/\/radiolarioja.com.ar\/rlr\/wp-content\/uploads\/2026\/09\/l_1787661088-1-324x216.webp",324,216,true],"td_485x360":["https:\/\/radiolarioja.com.ar\/rlr\/wp-content\/uploads\/2026\/09\/l_1787661088-1-485x360.webp",485,360,true],"td_696x0":["https:\/\/radiolarioja.com.ar\/rlr\/wp-content\/uploads\/2026\/09\/l_1787661088-1-696x464.webp",696,464,true],"td_1068x0":["https:\/\/radiolarioja.com.ar\/rlr\/wp-content\/uploads\/2026\/09\/l_1787661088-1.webp",900,600,false],"td_1920x0":["https:\/\/radiolarioja.com.ar\/rlr\/wp-content\/uploads\/2026\/09\/l_1787661088-1.webp",900,600,false],"td_0x420":["https:\/\/radiolarioja.com.ar\/rlr\/wp-content\/uploads\/2026\/09\/l_1787661088-1.webp",630,420,false],"td_80x60":["https:\/\/radiolarioja.com.ar\/rlr\/wp-content\/uploads\/2026\/09\/l_1787661088-1-80x60.webp",80,60,true],"td_100x70":["https:\/\/radiolarioja.com.ar\/rlr\/wp-content\/uploads\/2026\/09\/l_1787661088-1-100x70.webp",100,70,true],"td_265x198":["https:\/\/radiolarioja.com.ar\/rlr\/wp-content\/uploads\/2026\/09\/l_1787661088-1-265x198.webp",265,198,true],"td_324x160":["https:\/\/radiolarioja.com.ar\/rlr\/wp-content\/uploads\/2026\/09\/l_1787661088-1-240x160.webp",240,160,true],"td_324x235":["https:\/\/radiolarioja.com.ar\/rlr\/wp-content\/uploads\/2026\/09\/l_1787661088-1-324x235.webp",324,235,true],"td_356x220":["https:\/\/radiolarioja.com.ar\/rlr\/wp-content\/uploads\/2026\/09\/l_1787661088-1-330x220.webp",330,220,true],"td_356x364":["https:\/\/radiolarioja.com.ar\/rlr\/wp-content\/uploads\/2026\/09\/l_1787661088-1-355x237.webp",355,237,true],"td_533x261":["https:\/\/radiolarioja.com.ar\/rlr\/wp-content\/uploads\/2026\/09\/l_1787661088-1-391x261.webp",391,261,true],"td_534x462":["https:\/\/radiolarioja.com.ar\/rlr\/wp-content\/uploads\/2026\/09\/l_1787661088-1-534x462.webp",534,462,true],"td_696x385":["https:\/\/radiolarioja.com.ar\/rlr\/wp-content\/uploads\/2026\/09\/l_1787661088-1-577x385.webp",577,385,true],"td_741x486":["https:\/\/radiolarioja.com.ar\/rlr\/wp-content\/uploads\/2026\/09\/l_1787661088-1-729x486.webp",729,486,true],"td_1068x580":["https:\/\/radiolarioja.com.ar\/rlr\/wp-content\/uploads\/2026\/09\/l_1787661088-1-870x580.webp",870,580,true]},"author_info":{"info":["RadioLaRioja"]},"category_info":"<a href=\"https:\/\/radiolarioja.com.ar\/rlr\/category\/deporte\/\" rel=\"category tag\">Deporte<\/a>","tag_info":"Deporte","comment_count":"0","_links":{"self":[{"href":"https:\/\/radiolarioja.com.ar\/rlr\/wp-json\/wp\/v2\/posts\/97314","targetHints":{"allow":["GET"]}}],"collection":[{"href":"https:\/\/radiolarioja.com.ar\/rlr\/wp-json\/wp\/v2\/posts"}],"about":[{"href":"https:\/\/radiolarioja.com.ar\/rlr\/wp-json\/wp\/v2\/types\/post"}],"author":[{"embeddable":true,"href":"https:\/\/radiolarioja.com.ar\/rlr\/wp-json\/wp\/v2\/users\/2"}],"replies":[{"embeddable":true,"href":"https:\/\/radiolarioja.com.ar\/rlr\/wp-json\/wp\/v2\/comments?post=97314"}],"version-history":[{"count":1,"href":"https:\/\/radiolarioja.com.ar\/rlr\/wp-json\/wp\/v2\/posts\/97314\/revisions"}],"predecessor-version":[{"id":97318,"href":"https:\/\/radiolarioja.com.ar\/rlr\/wp-json\/wp\/v2\/posts\/97314\/revisions\/97318"}],"wp:featuredmedia":[{"embeddable":true,"href":"https:\/\/radiolarioja.com.ar\/rlr\/wp-json\/wp\/v2\/media\/97317"}],"wp:attachment":[{"href":"https:\/\/radiolarioja.com.ar\/rlr\/wp-json\/wp\/v2\/media?parent=97314"}],"wp:term":[{"taxonomy":"category","embeddable":true,"href":"https:\/\/radiolarioja.com.ar\/rlr\/wp-json\/wp\/v2\/categories?post=97314"},{"taxonomy":"post_tag","embeddable":true,"href":"https:\/\/radiolarioja.com.ar\/rlr\/wp-json\/wp\/v2\/tags?post=97314"}],"curies":[{"name":"wp","href":"https:\/\/api.w.org\/{rel}","templated":true}]}}